{"id":185408,"date":"2026-04-30T08:01:54","date_gmt":"2026-04-30T12:01:54","guid":{"rendered":"https:\/\/linitiative.ca\/International\/fes-il-commet-un-meurtre-et-se-deguise-en-femme-afin-de-prendre-la-fuite\/"},"modified":"2026-04-30T08:01:54","modified_gmt":"2026-04-30T12:01:54","slug":"fes-il-commet-un-meurtre-et-se-deguise-en-femme-afin-de-prendre-la-fuite","status":"publish","type":"post","link":"https:\/\/linitiative.ca\/International\/fes-il-commet-un-meurtre-et-se-deguise-en-femme-afin-de-prendre-la-fuite\/","title":{"rendered":"F\u00e8s : Il commet un meurtre et se d\u00e9guise en femme afin de prendre la fuite"},"content":{"rendered":"<p><strong>Homicide<\/strong><br \/>Un jeune homme impliqu\u00e9 dans un crime de meurtre perp\u00e9tr\u00e9 au quartier Bab El Ghoul relevant de l\u2019arrondissement d\u2019Agdal, \u00e0 F\u00e8s, a \u00e9t\u00e9 arr\u00eat\u00e9 alors qu\u2019il tentait de prendre la fuite d\u00e9guis\u00e9 en femme par les \u00e9l\u00e9ments de la police judiciaire de la ville. En effet, il y a quelques jours, une personne portant le niqab a mis la puce \u00e0 l\u2019oreille de quelques jeunes hommes du quartier Jdid situ\u00e9 \u00e0 l\u2019arrondissement Bensouda. Ils l\u2019ont l\u2019encercl\u00e9e et alert\u00e9 les \u00e9l\u00e9ments du 14\u00e8me arrondissement de police. Ces derniers se sont d\u00e9p\u00each\u00e9s sur les lieux et arr\u00eat\u00e9 le mis en cause et le conduire au commissariat afin de le placer en garde \u00e0 vue. Soumis aux interrogatoires, le mis en cause a avou\u00e9 son meurtre et ce, pour un mobile qui semble tr\u00e8s futile. Le mis en cause a \u00e9t\u00e9 traduit, apr\u00e8s l\u2019ach\u00e8vement de la dur\u00e9e de la garde \u00e0 vue, devant le parquet g\u00e9n\u00e9ral pr\u00e8s la Cour d\u2019appel de F\u00e8s qui l\u2019a maintenu en d\u00e9tention pr\u00e9vention.<\/p>\n<p>Auteur: Abderrafii ALOUMLIKI<br \/>\n<a href=\"https:\/\/aujourdhui.ma\/faits-divers\/fes-il-commet-un-meurtre-et-se-deguise-en-femme-afin-de-prendre-la-fuite\">Cliquez ici pour lire l&rsquo;article depuis sa source.<\/a><\/p>\n","protected":false},"excerpt":{"rendered":"<p>HomicideUn jeune homme impliqu\u00e9 dans un crime de meurtre perp\u00e9tr\u00e9 au quartier Bab El Ghoul relevant de l\u2019arrondissement d\u2019Agdal, \u00e0 F\u00e8s, a \u00e9t\u00e9 arr\u00eat\u00e9 alors qu\u2019il tentait de prendre la fuite d\u00e9guis\u00e9 en femme par les \u00e9l\u00e9ments de la police judiciaire de la ville. En effet, il y a quelques jours, une personne portant le [&hellip;]<\/p>\n","protected":false},"author":1759,"featured_media":185409,"comment_status":"closed","ping_status":"closed","sticky":false,"template":"","format":"standard","meta":{"fifu_image_url":"https:\/\/aujourdhui.ma\/wp-content\/uploads\/2025\/10\/scene-de-crime-large.jpg","fifu_image_alt":"F\u00e8s : Il commet un meurtre et se d\u00e9guise en femme afin de prendre la fuite","footnotes":""},"categories":[73,54],"tags":[],"class_list":["post-185408","post","type-post","status-publish","format-standard","has-post-thumbnail","hentry","category-actualite","category-maroc"],"_links":{"self":[{"href":"https:\/\/linitiative.ca\/International\/wp-json\/wp\/v2\/posts\/185408","targetHints":{"allow":["GET"]}}],"collection":[{"href":"https:\/\/linitiative.ca\/International\/wp-json\/wp\/v2\/posts"}],"about":[{"href":"https:\/\/linitiative.ca\/International\/wp-json\/wp\/v2\/types\/post"}],"author":[{"embeddable":true,"href":"https:\/\/linitiative.ca\/International\/wp-json\/wp\/v2\/users\/1759"}],"replies":[{"embeddable":true,"href":"https:\/\/linitiative.ca\/International\/wp-json\/wp\/v2\/comments?post=185408"}],"version-history":[{"count":0,"href":"https:\/\/linitiative.ca\/International\/wp-json\/wp\/v2\/posts\/185408\/revisions"}],"wp:featuredmedia":[{"embeddable":true,"href":"https:\/\/linitiative.ca\/International\/wp-json\/wp\/v2\/media\/185409"}],"wp:attachment":[{"href":"https:\/\/linitiative.ca\/International\/wp-json\/wp\/v2\/media?parent=185408"}],"wp:term":[{"taxonomy":"category","embeddable":true,"href":"https:\/\/linitiative.ca\/International\/wp-json\/wp\/v2\/categories?post=185408"},{"taxonomy":"post_tag","embeddable":true,"href":"https:\/\/linitiative.ca\/International\/wp-json\/wp\/v2\/tags?post=185408"}],"curies":[{"name":"wp","href":"https:\/\/api.w.org\/{rel}","templated":true}]}}