{"id":185410,"date":"2026-04-30T08:04:38","date_gmt":"2026-04-30T12:04:38","guid":{"rendered":"https:\/\/linitiative.ca\/International\/fratricide-a-tassoultante\/"},"modified":"2026-04-30T08:04:38","modified_gmt":"2026-04-30T12:04:38","slug":"fratricide-a-tassoultante","status":"publish","type":"post","link":"https:\/\/linitiative.ca\/International\/fratricide-a-tassoultante\/","title":{"rendered":"Fratricide \u00e0 Tassoultante"},"content":{"rendered":"<p><strong>Meurtre<\/strong><br \/>Pour avoir mis fin \u00e0 la vie de son fr\u00e8re, son a\u00een\u00e9 de quatre ans, un jeune homme de vingt ans a \u00e9t\u00e9 arr\u00eat\u00e9, lundi soir, 27 avril, au douar El Harakate situ\u00e9 dans la commune rurale Tassoultante qui rel\u00e8ve de la pr\u00e9fecture de Marrakech, par les \u00e9l\u00e9ments de la gendarmerie royale. Le d\u00e9c\u00e8s de la victime avait \u00e9t\u00e9 d\u00e9clar\u00e9 par la famille du d\u00e9funt, dimanche 26 avril, comme r\u00e9sultant d\u2019une crise cardiaque qui l\u2019a attaqu\u00e9e chez lui, au foyer parental. Mais, le m\u00e9decin qui a examin\u00e9 le cadavre a constat\u00e9 quelques signes qui lui ont mis la puce \u00e0 l\u2019oreille et en a inform\u00e9 le parquet g\u00e9n\u00e9ral. Instructions ont \u00e9t\u00e9 donn\u00e9es pour effectuer une autopsie. Mais avant m\u00eame le r\u00e9sultat m\u00e9dico-l\u00e9gal, de nouveaux \u00e9l\u00e9ments concernant le d\u00e9c\u00e8s du d\u00e9funt sont apparus et indiquent que le d\u00e9c\u00e8s n\u2019\u00e9tait pas naturel. Les investigations approfondies ont \u00e9galement permis d\u2019identifier le meurtrier qui n\u2019est autre que le fr\u00e8re de la victime. Il semble qu\u2019il a pris la fuite une fois que le d\u00e9funt a \u00e9t\u00e9 inhum\u00e9. Les enqu\u00eateurs l\u2019ont finalement arr\u00eat\u00e9 dans un douar non loin de la ville de Marrakech. Soumis aux interrogatoires, il a avou\u00e9 son crime.<\/p>\n<p>Auteur: Abderrafii ALOUMLIKI<br \/>\n<a href=\"https:\/\/aujourdhui.ma\/faits-divers\/fratricide-a-tassoultante\">Cliquez ici pour lire l&rsquo;article depuis sa source.<\/a><\/p>\n","protected":false},"excerpt":{"rendered":"<p>MeurtrePour avoir mis fin \u00e0 la vie de son fr\u00e8re, son a\u00een\u00e9 de quatre ans, un jeune homme de vingt ans a \u00e9t\u00e9 arr\u00eat\u00e9, lundi soir, 27 avril, au douar El Harakate situ\u00e9 dans la commune rurale Tassoultante qui rel\u00e8ve de la pr\u00e9fecture de Marrakech, par les \u00e9l\u00e9ments de la gendarmerie royale. Le d\u00e9c\u00e8s de [&hellip;]<\/p>\n","protected":false},"author":1759,"featured_media":185411,"comment_status":"closed","ping_status":"closed","sticky":false,"template":"","format":"standard","meta":{"fifu_image_url":"https:\/\/aujourdhui.ma\/wp-content\/uploads\/2024\/10\/crime_scene-1-large.png","fifu_image_alt":"Fratricide \u00e0 Tassoultante","footnotes":""},"categories":[73,54],"tags":[],"class_list":["post-185410","post","type-post","status-publish","format-standard","has-post-thumbnail","hentry","category-actualite","category-maroc"],"_links":{"self":[{"href":"https:\/\/linitiative.ca\/International\/wp-json\/wp\/v2\/posts\/185410","targetHints":{"allow":["GET"]}}],"collection":[{"href":"https:\/\/linitiative.ca\/International\/wp-json\/wp\/v2\/posts"}],"about":[{"href":"https:\/\/linitiative.ca\/International\/wp-json\/wp\/v2\/types\/post"}],"author":[{"embeddable":true,"href":"https:\/\/linitiative.ca\/International\/wp-json\/wp\/v2\/users\/1759"}],"replies":[{"embeddable":true,"href":"https:\/\/linitiative.ca\/International\/wp-json\/wp\/v2\/comments?post=185410"}],"version-history":[{"count":0,"href":"https:\/\/linitiative.ca\/International\/wp-json\/wp\/v2\/posts\/185410\/revisions"}],"wp:featuredmedia":[{"embeddable":true,"href":"https:\/\/linitiative.ca\/International\/wp-json\/wp\/v2\/media\/185411"}],"wp:attachment":[{"href":"https:\/\/linitiative.ca\/International\/wp-json\/wp\/v2\/media?parent=185410"}],"wp:term":[{"taxonomy":"category","embeddable":true,"href":"https:\/\/linitiative.ca\/International\/wp-json\/wp\/v2\/categories?post=185410"},{"taxonomy":"post_tag","embeddable":true,"href":"https:\/\/linitiative.ca\/International\/wp-json\/wp\/v2\/tags?post=185410"}],"curies":[{"name":"wp","href":"https:\/\/api.w.org\/{rel}","templated":true}]}}