{"id":185412,"date":"2026-04-30T08:05:03","date_gmt":"2026-04-30T12:05:03","guid":{"rendered":"https:\/\/linitiative.ca\/International\/le-chef-du-gouvernement-recoit-le-secretaire-detat-adjoint-americain-christopher-landau\/"},"modified":"2026-04-30T08:05:03","modified_gmt":"2026-04-30T12:05:03","slug":"le-chef-du-gouvernement-recoit-le-secretaire-detat-adjoint-americain-christopher-landau","status":"publish","type":"post","link":"https:\/\/linitiative.ca\/International\/le-chef-du-gouvernement-recoit-le-secretaire-detat-adjoint-americain-christopher-landau\/","title":{"rendered":"Le Chef du gouvernement re\u00e7oit le Secr\u00e9taire d\u2019Etat \u2013 adjoint am\u00e9ricain, Christopher Landau"},"content":{"rendered":"<p><strong>Le Chef du gouvernement, M. Aziz Akhannouch a re\u00e7u, jeudi 30 avril 2026 \u00e0 Rabat, M. Christopher Landau, Secr\u00e9taire d\u2019Etat-adjoint am\u00e9ricain, qui effectue une visite officielle au Maroc.<\/strong><span id=\"more-518971\"\/><\/p>\n<p>Ces entretiens, auxquels a pris part l\u2019ambassadeur des Etats-Unis au Maroc, M. Duke Buchan, ont \u00e9t\u00e9 l\u2019occasion d\u2019examiner les moyens de consolider les relations strat\u00e9giques entre le Royaume du Maroc et les Etats-Unis d\u2019Am\u00e9rique, sous la conduite des deux chefs d\u2019Etats, SM Le Roi Mohammed VI, que Dieu l\u2019assiste, et le Pr\u00e9sident am\u00e9ricain SEM Donald Trump.<br \/>Lors de cette rencontre, le Chef du gouvernement a exprim\u00e9 la consid\u00e9ration du Royaume du Maroc pour la position des Etats-Unis d\u2019Am\u00e9rique \u00e0 l\u2019\u00e9gard de la question nationale, les USA ayant r\u00e9it\u00e9r\u00e9, hier mercredi, leur reconnaissance de la souverainet\u00e9 du Maroc sur le sahara et mis l\u2019accent sur leur soutien constant \u00e0 la proposition d\u2019autonomie marocaine, qualifi\u00e9e de base unique pour parvenir \u00e0 une solution juste et permanente au diff\u00e9rend autour du sahara marocain.<br \/>Le Chef du gouvernement a \u00e9galement salu\u00e9 le soutien par Washington aux entreprises am\u00e9ricaines d\u00e9sireuses d\u2019investir dans les provinces du sud du Royaume, particuli\u00e8rement dans les secteurs de l\u2019hydrog\u00e8ne vert, du tourisme, de l\u2019agriculture et des \u00e9nergies vertes. Il a mis en lumi\u00e8re le r\u00f4le de premier plan que le Maroc peut jouer en tant que passerelle pour les investissements am\u00e9ricains dans le continent africain, dans le cadre d\u2019un partenariat gagnant-gagnant.<br \/>Les deux parties ont par ailleurs pass\u00e9 en revue les opportunit\u00e9s pour d\u00e9velopper des partenariats \u00e9conomiques, d\u2019investissement et commerciaux entre le Maroc et les Etats-Unis et mis l\u2019accent sur l\u2019importance de la coop\u00e9ration bilat\u00e9rale \u00e0 travers notamment la Millenium Challenge Corporation (MCC) et l\u2019International Development Finance Corporation (DFC), ainsi que sur l\u2019importance de l\u2019accompagnement et l\u2019encadrement des activit\u00e9s des op\u00e9rateurs am\u00e9ricains dans le secteur social, particuli\u00e8rement en mati\u00e8re d\u2019\u00e9ducation et de sant\u00e9.<br \/>Ces entretiens ont en outre \u00e9t\u00e9 l\u2019occasion de rappeler la profondeur des relations bilat\u00e9rales historiques, depuis la signature en 1787 du trait\u00e9 de paix et d\u2019amiti\u00e9 maroco-am\u00e9ricain et d\u2019exprimer l\u2019aspiration commune \u00e0 des horizons prometteurs entre les deux pays amis.<\/p>\n<p>Auteur: ALM<br \/>\n<a href=\"https:\/\/aujourdhui.ma\/actualite\/le-chef-du-gouvernement-recoit-le-secretaire-detat-adjoint-americain-christopher-landau\">Cliquez ici pour lire l&rsquo;article depuis sa source.<\/a><\/p>\n","protected":false},"excerpt":{"rendered":"<p>Le Chef du gouvernement, M. Aziz Akhannouch a re\u00e7u, jeudi 30 avril 2026 \u00e0 Rabat, M. Christopher Landau, Secr\u00e9taire d\u2019Etat-adjoint am\u00e9ricain, qui effectue une visite officielle au Maroc. Ces entretiens, auxquels a pris part l\u2019ambassadeur des Etats-Unis au Maroc, M. Duke Buchan, ont \u00e9t\u00e9 l\u2019occasion d\u2019examiner les moyens de consolider les relations strat\u00e9giques entre le [&hellip;]<\/p>\n","protected":false},"author":1759,"featured_media":185413,"comment_status":"closed","ping_status":"closed","sticky":false,"template":"","format":"standard","meta":{"fifu_image_url":"https:\/\/aujourdhui.ma\/wp-content\/uploads\/2026\/04\/Le-Chef-du-gouvernement-recoit-le-Secretaire-dEtat-\u2013-adjoint-americain-Christopher-Landau-large.png","fifu_image_alt":"Le Chef du gouvernement re\u00e7oit le Secr\u00e9taire d\u2019Etat \u2013 adjoint am\u00e9ricain, Christopher Landau","footnotes":""},"categories":[73,54],"tags":[],"class_list":["post-185412","post","type-post","status-publish","format-standard","has-post-thumbnail","hentry","category-actualite","category-maroc"],"_links":{"self":[{"href":"https:\/\/linitiative.ca\/International\/wp-json\/wp\/v2\/posts\/185412","targetHints":{"allow":["GET"]}}],"collection":[{"href":"https:\/\/linitiative.ca\/International\/wp-json\/wp\/v2\/posts"}],"about":[{"href":"https:\/\/linitiative.ca\/International\/wp-json\/wp\/v2\/types\/post"}],"author":[{"embeddable":true,"href":"https:\/\/linitiative.ca\/International\/wp-json\/wp\/v2\/users\/1759"}],"replies":[{"embeddable":true,"href":"https:\/\/linitiative.ca\/International\/wp-json\/wp\/v2\/comments?post=185412"}],"version-history":[{"count":0,"href":"https:\/\/linitiative.ca\/International\/wp-json\/wp\/v2\/posts\/185412\/revisions"}],"wp:featuredmedia":[{"embeddable":true,"href":"https:\/\/linitiative.ca\/International\/wp-json\/wp\/v2\/media\/185413"}],"wp:attachment":[{"href":"https:\/\/linitiative.ca\/International\/wp-json\/wp\/v2\/media?parent=185412"}],"wp:term":[{"taxonomy":"category","embeddable":true,"href":"https:\/\/linitiative.ca\/International\/wp-json\/wp\/v2\/categories?post=185412"},{"taxonomy":"post_tag","embeddable":true,"href":"https:\/\/linitiative.ca\/International\/wp-json\/wp\/v2\/tags?post=185412"}],"curies":[{"name":"wp","href":"https:\/\/api.w.org\/{rel}","templated":true}]}}