{"id":185414,"date":"2026-04-30T08:15:40","date_gmt":"2026-04-30T12:15:40","guid":{"rendered":"https:\/\/linitiative.ca\/International\/trump-et-leurope-le-grand-divorce\/"},"modified":"2026-04-30T08:15:40","modified_gmt":"2026-04-30T12:15:40","slug":"trump-et-leurope-le-grand-divorce","status":"publish","type":"post","link":"https:\/\/linitiative.ca\/International\/trump-et-leurope-le-grand-divorce\/","title":{"rendered":"Trump et l\u2019Europe, le grand divorce ?"},"content":{"rendered":"<p><span><strong>D\u00e9fiance<\/strong><\/span><br \/><strong>Le rapprochement entre Trump et Poutine est per\u00e7u par les Europ\u00e9ens comme une mani\u00e8re et une approche du pr\u00e9sident am\u00e9ricain de r\u00e9gler des comptes et sanctionner les Europ\u00e9ens pour ne pas avoir r\u00e9pondu \u00e0 son appel de l\u2019aider \u00e0 finir sa guerre contre l\u2019Iran.<\/strong><span id=\"more-518975\"\/><\/p>\n<p>La guerre am\u00e9ricaine contre l\u2019Iran a accentu\u00e9 une fissure dynamique entre l\u2019Europe et les \u00c9tats-Unis. Depuis son arriv\u00e9e \u00e0 la Maison-Blanche, Donald Trump avait pris en grippe les pays de l\u2019Union europ\u00e9enne. Ses reproches se situaient \u00e0 deux niveaux. L\u2019\u00e9conomie. Trump pensait que les Europ\u00e9ens profitaient largement du march\u00e9 am\u00e9ricain et de son ouverture. La d\u00e9fense. Trump estimait que les Am\u00e9ricains, \u00e0 travers l\u2019Otan, finan\u00e7aient la s\u00e9curit\u00e9 des europ\u00e9ens face aux dangers qui les menacent.<br \/>D\u00e8s le d\u00e9but de son second mandat, Donald Trump avait, contre toute attente, d\u00e9goupill\u00e9 l\u2019arme des tarifs douaniers contre les exportations europ\u00e9ennes. si fortes et si violentes que Bruxelles a mobilis\u00e9 son arsenal extr\u00eame pour y r\u00e9pondre. La guerre commerciale telle que r\u00eav\u00e9e par Donald Trump n\u2019a pas eu lieu mais cette d\u00e9marche am\u00e9ricaine avait \u00e9branl\u00e9 une des fondations de confiance entre les deux rives de l\u2019Atlantique.<br \/>L\u2019autre fondation de cette relation se situe au sein de l\u2019alliance atlantique. Donald Trump a exprim\u00e9 sa d\u00e9sapprobation de voir l\u2019Am\u00e9rique assumer lourdement la charge du financement de cette organisation. L\u2019ambition de Trump est que les pays europ\u00e9ens puissent consacrer 5% de leur budget national la d\u00e9pense militaire. Ce que de nombreux pays europ\u00e9ens ont refus\u00e9, pr\u00e9textant que cela bouleverserait leurs agendas \u00e9conomiques.<br \/>Donald Trump a une dent contre ces pays et ne rate aucune occasion de les menacer.<br \/>C\u2019est dans ce contexte d\u2019extr\u00eame tension et de d\u00e9fiance dans la relation entre l\u2019Europe et l\u2019Am\u00e9rique qu\u2019intervient la guerre contre L\u2019Iran. D\u00e8s le d\u00e9but, des pays europ\u00e9ens s\u2019y sont oppos\u00e9s frontalement allant jusqu\u2019\u00e0 la d\u00e9noncer comme une flagrante violation du droit international et poussant cette opposition jusqu\u2019a interdire aux avions am\u00e9ricains qui participent \u00e0 cette guerre le survol de l\u2019espace a\u00e9rien ou l\u2019utilisation des bases am\u00e9ricaines en Europe. Ces pays ont justifi\u00e9 cette opposition par le fait que Donald Trump n\u2019a ni inform\u00e9 ni consult\u00e9 ses alli\u00e9s europ\u00e9ens avant d\u2019entamer cette escalade militaire. Le pr\u00e9sident am\u00e9ricain a eu de tr\u00e8s vives critiques \u00e0 l\u2019\u00e9gard de l\u2019Europe et de l\u2019Otan lorsque ces deux organisations lui ont oppos\u00e9 un refus cat\u00e9gorique de participer de mani\u00e8re offensive \u00e0 sa guerre contre l\u2019Iran. L\u2019amertume du Donald Trump est telle qu\u2019il a prof\u00e9r\u00e9 des menaces contre les Europ\u00e9ens et l\u2019Otan. D\u2019abord sur le plan de la guerre entre la Russie et l\u2019Ukraine. Il pourrait, selon les craintes de certains, lever le pied sur l\u2019aide militaire et \u00e9conomique qu\u2019Il apporte \u00e0 l\u2019Ukraine, exer\u00e7ant une \u00e9norme pression sur les Europ\u00e9ens les obligeant \u00e0 se saigner aux quatre veines pour venir en aide aux Ukrainiens et les aider \u00e0 r\u00e9sister aux assauts russes. Une des manifestations de la mauvaise am\u00e9ricaine est la d\u00e9cision de Trump de r\u00e9int\u00e9grer Vladimir Poutine en proposant de l\u2019inviter au Sommet du G20.<br \/>Le rapprochement entre Trump et Poutine est per\u00e7u par les Europ\u00e9ens comme une mani\u00e8re et une approche du pr\u00e9sident am\u00e9ricain de r\u00e9gler des comptes et sanctionner les Europ\u00e9ens pour ne pas avoir r\u00e9pondu \u00e0 son appel de l\u2019aider \u00e0 finir sa guerre contre l\u2019Iran.<br \/>Pour ce qui est de l\u2019Otan, m\u00eame s\u2019il para\u00eet difficile pour Donald Trump de mettre en ex\u00e9cution ses menaces de quitter l\u2019Otan, rien que le fait d\u2019en parler et de faire miroiter cette option participe \u00e0 expurger l\u2019alliance atlantique de toute cr\u00e9dibilit\u00e9 militaire et de toutes capacit\u00e9s dissuasives. Les pays qui entretiennent des relations de comp\u00e9tition avec l\u2019Otna comme la Chine et la Russie regarderont avec beaucoup de satisfaction cette d\u00e9gradation manifeste des relations au sein de ses membres. Ce qui la rend moins dangereuse. Entre Trump et l\u2019Europe c\u2019est l\u2019histoire d\u2019une grande fracture qui pourrait facilement aboutir \u00e0 un divorce. Les Europ\u00e9ens ont \u00e9t\u00e9 dans l\u2019obligation de r\u00e9fl\u00e9chir \u00e0 leur s\u00e9curit\u00e9 ind\u00e9pendamment du parapluie am\u00e9ricain. C\u2019est la r\u00e9activation tous-\u00e0-azimuts de la carte de l\u2019autonomie strat\u00e9gique port\u00e9e par le pr\u00e9sident fran\u00e7ais Emmanuel Macron. Au d\u00e9but cette approche avait suscit\u00e9 des doutes, notamment de la part des Allemands.<br \/>Aujourd\u2019hui devant la tornade Donald Trump, l\u2019adh\u00e9sion europ\u00e9enne \u00e0 cette doctrine de d\u00e9fense et de s\u00e9curit\u00e9 est de plus en plus unanime.<br \/>Par ailleurs, il y a une id\u00e9e assez r\u00e9pandue dans les milieux europ\u00e9ens. C\u2019est que pour pouvoir esp\u00e9rer un retour \u00e0 la normale des relations entre l\u2019Am\u00e9rique et l\u2019Europe, il faudrait sans doute attendre le d\u00e9part de Donald Trump de la Maison Blanche.<\/p>\n<p>Auteur: Mustapha Tossa<br \/>\n<a href=\"https:\/\/aujourdhui.ma\/chroniques\/trump-et-leurope-le-grand-divorce\">Cliquez ici pour lire l&rsquo;article depuis sa source.<\/a><\/p>\n","protected":false},"excerpt":{"rendered":"<p>D\u00e9fianceLe rapprochement entre Trump et Poutine est per\u00e7u par les Europ\u00e9ens comme une mani\u00e8re et une approche du pr\u00e9sident am\u00e9ricain de r\u00e9gler des comptes et sanctionner les Europ\u00e9ens pour ne pas avoir r\u00e9pondu \u00e0 son appel de l\u2019aider \u00e0 finir sa guerre contre l\u2019Iran. La guerre am\u00e9ricaine contre l\u2019Iran a accentu\u00e9 une fissure dynamique entre [&hellip;]<\/p>\n","protected":false},"author":1759,"featured_media":185415,"comment_status":"closed","ping_status":"closed","sticky":false,"template":"","format":"standard","meta":{"fifu_image_url":"https:\/\/aujourdhui.ma\/wp-content\/uploads\/2024\/11\/Mustapha-Tossa-1-large.png","fifu_image_alt":"Trump et l\u2019Europe, le grand divorce ?","footnotes":""},"categories":[73,54],"tags":[],"class_list":["post-185414","post","type-post","status-publish","format-standard","has-post-thumbnail","hentry","category-actualite","category-maroc"],"_links":{"self":[{"href":"https:\/\/linitiative.ca\/International\/wp-json\/wp\/v2\/posts\/185414","targetHints":{"allow":["GET"]}}],"collection":[{"href":"https:\/\/linitiative.ca\/International\/wp-json\/wp\/v2\/posts"}],"about":[{"href":"https:\/\/linitiative.ca\/International\/wp-json\/wp\/v2\/types\/post"}],"author":[{"embeddable":true,"href":"https:\/\/linitiative.ca\/International\/wp-json\/wp\/v2\/users\/1759"}],"replies":[{"embeddable":true,"href":"https:\/\/linitiative.ca\/International\/wp-json\/wp\/v2\/comments?post=185414"}],"version-history":[{"count":0,"href":"https:\/\/linitiative.ca\/International\/wp-json\/wp\/v2\/posts\/185414\/revisions"}],"wp:featuredmedia":[{"embeddable":true,"href":"https:\/\/linitiative.ca\/International\/wp-json\/wp\/v2\/media\/185415"}],"wp:attachment":[{"href":"https:\/\/linitiative.ca\/International\/wp-json\/wp\/v2\/media?parent=185414"}],"wp:term":[{"taxonomy":"category","embeddable":true,"href":"https:\/\/linitiative.ca\/International\/wp-json\/wp\/v2\/categories?post=185414"},{"taxonomy":"post_tag","embeddable":true,"href":"https:\/\/linitiative.ca\/International\/wp-json\/wp\/v2\/tags?post=185414"}],"curies":[{"name":"wp","href":"https:\/\/api.w.org\/{rel}","templated":true}]}}