{"id":185418,"date":"2026-04-30T17:01:56","date_gmt":"2026-04-30T21:01:56","guid":{"rendered":"https:\/\/linitiative.ca\/International\/hommage-a-othman-ben-arfa-ancien-pdg-de-la-steg\/"},"modified":"2026-04-30T17:01:56","modified_gmt":"2026-04-30T21:01:56","slug":"hommage-a-othman-ben-arfa-ancien-pdg-de-la-steg","status":"publish","type":"post","link":"https:\/\/linitiative.ca\/International\/hommage-a-othman-ben-arfa-ancien-pdg-de-la-steg\/","title":{"rendered":"Hommage \u00e0 Othman Ben Arfa, ancien PDG de la STEG"},"content":{"rendered":"<p>C\u2019est une figure embl\u00e9matique de la STEG qui nous quitte avec la disparition, le 28 mars dernier, de Othman Ben Arfa, \u00e0 l\u2019\u00e2ge de 84 ans. Ayant consacr\u00e9 toute sa carri\u00e8re \u00e0 cette entreprise phare dont il sera PDG, il a toujours \u0153uvr\u00e9 avec comp\u00e9tence et abn\u00e9gation.<\/p>\n<p>N\u00e9 en 1941 au Bardo, Othman Ben Arfa avait effectu\u00e9 ses \u00e9tudes secondaires au lyc\u00e9e technique \u00c9mile Loubet de Tunis, avant de partir aux Etats-Unis d\u2019Am\u00e9rique poursuivre ses \u00e9tudes sup\u00e9rieures en \u00e9lectrotechnique au Northrop Institute of Technology en Californie. De retour en Tunisie en 1966, il participera d\u2019abord \u00e0 l\u2019\u00e9dification des syst\u00e8mes d\u2019aide \u00e0 la navigation a\u00e9rienne de l\u2019a\u00e9roport de Tunis-Carthage sous la direction de Mokhtar Laatiri.<\/p>\n<p>C\u2019est en 1967 que Othman Ben Arfa rejoindra la STEG. De jeune ing\u00e9nieur \u00e0 la centrale de La Goulette \u2014 alors la plus importante du pays \u2014 il en prend rapidement la direction avant m\u00eame d\u2019avoir atteint la trentaine. Au fil des d\u00e9cennies, il gravit un \u00e0 un tous les \u00e9chelons : chef de division, chef de d\u00e9partement, directeur de la production et du transport, directeur de l\u2019\u00e9quipement, puis directeur g\u00e9n\u00e9ral adjoint en 1997. En 2002, il est nomm\u00e9 Pr\u00e9sident-Directeur G\u00e9n\u00e9ral de la STEG, fonction qu\u2019il occupera pendant pr\u00e8s de dix ans.<\/p>\n<p>\u00c0 la t\u00eate de l\u2019entreprise, Othman Ben Arfa \u0153uvre avec d\u00e9termination \u00e0 la modernisation du secteur \u00e9nerg\u00e9tique tunisien. Sous son impulsion, la STEG se hisse au niveau des meilleures entreprises du bassin m\u00e9diterran\u00e9en. Ses r\u00e9alisations sont nombreuses et structurantes : renforcement et modernisation des infrastructures \u00e9lectriques, d\u00e9veloppement du gaz naturel, premi\u00e8res avanc\u00e9es dans les \u00e9nergies renouvelables, am\u00e9lioration continue de la qualit\u00e9 de service avec la g\u00e9n\u00e9ralisation du service 24h\/24, et ouverture \u00e0 l\u2019international, notamment en Afrique et au Moyen-Orient.<\/p>\n<p>Cette r\u00e9ussite repose avant tout sur une conception profond\u00e9ment humaine du management. Proche du terrain, il accorde une attention particuli\u00e8re aux agents d\u2019ex\u00e9cution, veillant \u00e0 leur dignit\u00e9 et \u00e0 leurs conditions de travail. D\u00e8s les ann\u00e9es 1970, il s\u2019int\u00e9resse \u00e0 des sujets encore peu pris en compte \u00e0 l\u2019\u00e9poque : ergonomie des t\u00e2ches, qualit\u00e9 des \u00e9quipements, s\u00e9curit\u00e9. Cette exigence, partag\u00e9e et int\u00e9rioris\u00e9e \u00e0 tous les niveaux de l\u2019entreprise, constitue l\u2019un des piliers de la performance collective.<\/p>\n<p>Son engagement ne se limite pas au domaine industriel. Passionn\u00e9 de sport \u2014 champion de gymnastique dans sa jeunesse \u2014 et amateur d\u2019arts, notamment de musique, il s\u2019investit activement dans la vie culturelle et sociale. Il contribue \u00e0 l\u2019animation du tissu associatif, soutient des initiatives artistiques et participe \u00e0 la renaissance de lieux embl\u00e9matiques. Parmi les pionniers des sports nautiques en Tunisie, il pr\u00e9side \u00e9galement la f\u00e9d\u00e9ration d\u2019aviron, qu\u2019il hisse en quelques ann\u00e9es au rang de r\u00e9f\u00e9rence continentale.<\/p>\n<p>Il laisse le souvenir d\u2019un homme de conviction, rigoureux et exigeant, mais aussi profond\u00e9ment attach\u00e9 \u00e0 son pays dont l\u2019h\u00e9ritage continuera d\u2019inspirer bien au-del\u00e0 de sa g\u00e9n\u00e9ration.<\/p>\n<p>Qu&rsquo;il repose en paix.<\/p>\n<p><strong>F.A<\/strong><br \/>\u00a0<\/p>\n<p>Auteur:<br \/>\n<a href=\"https:\/\/www.leaders.com.tn\/article\/37999-hommage-a-othman-ben-arfa-ancien-pdg-de-la-steg\">Cliquez ici pour lire l&rsquo;article depuis sa source.<\/a><\/p>\n","protected":false},"excerpt":{"rendered":"<p>C\u2019est une figure embl\u00e9matique de la STEG qui nous quitte avec la disparition, le 28 mars dernier, de Othman Ben Arfa, \u00e0 l\u2019\u00e2ge de 84 ans. Ayant consacr\u00e9 toute sa carri\u00e8re \u00e0 cette entreprise phare dont il sera PDG, il a toujours \u0153uvr\u00e9 avec comp\u00e9tence et abn\u00e9gation. N\u00e9 en 1941 au Bardo, Othman Ben Arfa [&hellip;]<\/p>\n","protected":false},"author":1772,"featured_media":185419,"comment_status":"closed","ping_status":"closed","sticky":false,"template":"","format":"standard","meta":{"fifu_image_url":"https:\/\/www.leaders.com.tn\/uploads\/content\/thumbnails\/177754903842_content.jpg","fifu_image_alt":"Hommage \u00e0 Othman Ben Arfa, ancien PDG de la STEG","footnotes":""},"categories":[73,55],"tags":[],"class_list":["post-185418","post","type-post","status-publish","format-standard","has-post-thumbnail","hentry","category-actualite","category-tunisie"],"_links":{"self":[{"href":"https:\/\/linitiative.ca\/International\/wp-json\/wp\/v2\/posts\/185418","targetHints":{"allow":["GET"]}}],"collection":[{"href":"https:\/\/linitiative.ca\/International\/wp-json\/wp\/v2\/posts"}],"about":[{"href":"https:\/\/linitiative.ca\/International\/wp-json\/wp\/v2\/types\/post"}],"author":[{"embeddable":true,"href":"https:\/\/linitiative.ca\/International\/wp-json\/wp\/v2\/users\/1772"}],"replies":[{"embeddable":true,"href":"https:\/\/linitiative.ca\/International\/wp-json\/wp\/v2\/comments?post=185418"}],"version-history":[{"count":0,"href":"https:\/\/linitiative.ca\/International\/wp-json\/wp\/v2\/posts\/185418\/revisions"}],"wp:featuredmedia":[{"embeddable":true,"href":"https:\/\/linitiative.ca\/International\/wp-json\/wp\/v2\/media\/185419"}],"wp:attachment":[{"href":"https:\/\/linitiative.ca\/International\/wp-json\/wp\/v2\/media?parent=185418"}],"wp:term":[{"taxonomy":"category","embeddable":true,"href":"https:\/\/linitiative.ca\/International\/wp-json\/wp\/v2\/categories?post=185418"},{"taxonomy":"post_tag","embeddable":true,"href":"https:\/\/linitiative.ca\/International\/wp-json\/wp\/v2\/tags?post=185418"}],"curies":[{"name":"wp","href":"https:\/\/api.w.org\/{rel}","templated":true}]}}