{"id":185434,"date":"2026-04-30T17:17:04","date_gmt":"2026-04-30T21:17:04","guid":{"rendered":"https:\/\/linitiative.ca\/International\/code-du-travail-les-gardiens-retablis-dans-leurs-droits\/"},"modified":"2026-04-30T17:17:04","modified_gmt":"2026-04-30T21:17:04","slug":"code-du-travail-les-gardiens-retablis-dans-leurs-droits","status":"publish","type":"post","link":"https:\/\/linitiative.ca\/International\/code-du-travail-les-gardiens-retablis-dans-leurs-droits\/","title":{"rendered":"Code du travail: les gardiens r\u00e9tablis dans leurs droits"},"content":{"rendered":"<p><strong>Le Conseil du gouvernement a approuv\u00e9, jeudi, le projet de loi n\u00b0 032.26 portant modification de la loi N\u00b0 65.99 relative au Code du travail, pr\u00e9sent\u00e9 par le ministre de l\u2019Inclusion \u00e9conomique, de la petite Entreprise, de l\u2019Emploi et des Comp\u00e9tences, Younes Sekkouri.<\/strong><\/p>\n<p>Ce projet vient rendre justice \u00e0 la cat\u00e9gorie des agents li\u00e9s par contrat de travail aux entreprises s\u2019activant dans le secteur du gardiennage, conform\u00e9ment \u00e0 la l\u00e9gislation en vigueur, a expliqu\u00e9 le ministre, qui en a fait la promesse depuis plus de deux ans.<\/p>\n<p>Il s\u2019inscrit \u00e9galement dans le parach\u00e8vement de l\u2019ex\u00e9cution des engagements pris en vertu de la convention collective conclue le 29 avril 2024, notamment en mati\u00e8re de r\u00e9vision progressive de certaines dispositions du Code du travail, ainsi que dans le cadre de la mise en \u0153uvre des conclusions du dialogue social central au titre de la session d\u2019avril 2026.<\/p>\n<p><strong>Lire aussi |\u00a0<a href=\"https:\/\/www.challenge.ma\/chomage-au-maroc-le-new-deal-de-la-banque-mondiale-319699\/#:~:text=EMPLOI-,Ch%C3%B4mage%20au%20Maroc%3A%20le%20new%20deal%20de%20la%20Banque%20mondiale%20!,-written%20by%20Ismail\" target=\"_blank\" rel=\"noreferrer noopener\">Ch\u00f4mage au Maroc: le new deal de la Banque mondiale !<\/a><\/strong><\/p>\n<p>Ce texte vise, essentiellement, \u00e0 compl\u00e9ter l\u2019article 193 de la loi, afin d\u2019exclure la cat\u00e9gorie des agents li\u00e9s par un contrat de travail aux entreprises s\u2019activant dans le secteur du gardiennage, de la cat\u00e9gorie des gardiens \u00e9nonc\u00e9e dans ledit article dont le travail est de nature intermittente et qui effectuent des journ\u00e9es de douze heures, tout en \u00e9tant r\u00e9mun\u00e9r\u00e9s sur la base de huit heures.<\/p>\n<p>Par cons\u00e9quent, cette cat\u00e9gorie de gardiens sera soumise \u00e0 la dur\u00e9e normale du travail pr\u00e9vue pour l\u2019ensemble des salari\u00e9s, en vertu de l\u2019article 184 du code du travail. Cette mesure est \u00e0 m\u00eame de contribuer \u00e0 la cr\u00e9ation de postes de travail suppl\u00e9mentaires, tout en favorisant le recrutement de salari\u00e9s dans le respect total des dispositions l\u00e9gales.<\/p>\n<p>Auteur: Challenge avec MAP<br \/>\n<a href=\"https:\/\/www.challenge.ma\/code-du-travail-les-gardiens-retablis-dans-leurs-droits-319735\/\">Cliquez ici pour lire l&rsquo;article depuis sa source.<\/a><\/p>\n","protected":false},"excerpt":{"rendered":"<p>Le Conseil du gouvernement a approuv\u00e9, jeudi, le projet de loi n\u00b0 032.26 portant modification de la loi N\u00b0 65.99 relative au Code du travail, pr\u00e9sent\u00e9 par le ministre de l\u2019Inclusion \u00e9conomique, de la petite Entreprise, de l\u2019Emploi et des Comp\u00e9tences, Younes Sekkouri. Ce projet vient rendre justice \u00e0 la cat\u00e9gorie des agents li\u00e9s par [&hellip;]<\/p>\n","protected":false},"author":1787,"featured_media":185435,"comment_status":"closed","ping_status":"closed","sticky":false,"template":"","format":"standard","meta":{"fifu_image_url":"https:\/\/www.challenge.ma\/wp-content\/uploads\/2023\/10\/younes-sekkouri-488465991-large.jpg","fifu_image_alt":"Code du travail: les gardiens r\u00e9tablis dans leurs droits","footnotes":""},"categories":[78,54],"tags":[],"class_list":["post-185434","post","type-post","status-publish","format-standard","has-post-thumbnail","hentry","category-economie","category-maroc"],"_links":{"self":[{"href":"https:\/\/linitiative.ca\/International\/wp-json\/wp\/v2\/posts\/185434","targetHints":{"allow":["GET"]}}],"collection":[{"href":"https:\/\/linitiative.ca\/International\/wp-json\/wp\/v2\/posts"}],"about":[{"href":"https:\/\/linitiative.ca\/International\/wp-json\/wp\/v2\/types\/post"}],"author":[{"embeddable":true,"href":"https:\/\/linitiative.ca\/International\/wp-json\/wp\/v2\/users\/1787"}],"replies":[{"embeddable":true,"href":"https:\/\/linitiative.ca\/International\/wp-json\/wp\/v2\/comments?post=185434"}],"version-history":[{"count":0,"href":"https:\/\/linitiative.ca\/International\/wp-json\/wp\/v2\/posts\/185434\/revisions"}],"wp:featuredmedia":[{"embeddable":true,"href":"https:\/\/linitiative.ca\/International\/wp-json\/wp\/v2\/media\/185435"}],"wp:attachment":[{"href":"https:\/\/linitiative.ca\/International\/wp-json\/wp\/v2\/media?parent=185434"}],"wp:term":[{"taxonomy":"category","embeddable":true,"href":"https:\/\/linitiative.ca\/International\/wp-json\/wp\/v2\/categories?post=185434"},{"taxonomy":"post_tag","embeddable":true,"href":"https:\/\/linitiative.ca\/International\/wp-json\/wp\/v2\/tags?post=185434"}],"curies":[{"name":"wp","href":"https:\/\/api.w.org\/{rel}","templated":true}]}}