{"id":185440,"date":"2026-04-30T16:45:00","date_gmt":"2026-04-30T20:45:00","guid":{"rendered":"https:\/\/linitiative.ca\/International\/croissance-en-europe-la-france-cale-a-0-lespagne-resiste-lallemagne-repart-timidement\/"},"modified":"2026-04-30T16:45:00","modified_gmt":"2026-04-30T20:45:00","slug":"croissance-en-europe-la-france-cale-a-0-lespagne-resiste-lallemagne-repart-timidement","status":"publish","type":"post","link":"https:\/\/linitiative.ca\/International\/croissance-en-europe-la-france-cale-a-0-lespagne-resiste-lallemagne-repart-timidement\/","title":{"rendered":"Croissance en Europe : la France cale \u00e0 0 %, l\u2019Espagne r\u00e9siste, l\u2019Allemagne repart timidement"},"content":{"rendered":"<div class=\"post-cont-out\">\n<div class=\"post-cont-in no-margin\">\n<div id=\"content-main\" class=\"left relative\">\n<div class=\"liveblog-section\">\n<div id=\"elb-liveblog\" class=\"elb-liveblog elb-theme-light\" data-append-timestamp=\"1\" data-status=\"open\" data-highlighted-entry=\"\" data-show-entries=\"25\" data-endpoint=\"https:\/\/www.tunisienumerique.com\/wp-json\/easy-liveblogs\/v1\/liveblog\/1110550\">\n<div class=\"elb-liveblog-closed-message\">Le blog en direct est termin\u00e9.<\/div>\n<p><button id=\"elb-show-new-posts\" class=\"elb-button button\"\/><\/p>\n<div class=\"elb-no-liveblog-entries-message\">Aucune mise \u00e0 jour du blog en direct pour le moment.<\/div>\n<p><button id=\"elb-load-more\" class=\"elb-button button\">Charger plus<\/button><\/div>\n<\/div>\n<div class=\"simplesocialbuttons simplesocial-round-btm-border simplesocialbuttons_inline simplesocialbuttons-align-left post-1110550 post simplesocialbuttons-inline-no-animation\"><button class=\"simplesocial-fb-share\" rel=\"nofollow\" target=\"_blank\" aria-label=\"Facebook Share\" data-href=\"https:\/\/www.facebook.com\/sharer\/sharer.php?u=https:\/\/www.tunisienumerique.com\/croissance-en-europe-la-france-cale-a-0-lespagne-resiste-lallemagne-repart-timidement\/\" onclick=\"javascript:window.open(this.dataset.href, '', 'menubar=no,toolbar=no,resizable=yes,scrollbars=yes,height=600,width=600');return false;\"><span class=\"simplesocialtxt\">Facebook<\/span><\/button> <button class=\"simplesocial-twt-share\" rel=\"nofollow\" target=\"_blank\" aria-label=\"Twitter Share\" data-href=\"https:\/\/twitter.com\/intent\/tweet?text=Croissance+en+Europe+%3A+la+France+cale+%C3%A0+0+%25%2C+l%E2%80%99Espagne+r%C3%A9siste%2C+l%E2%80%99Allemagne+repart+timidement&amp;url=https:\/\/www.tunisienumerique.com\/croissance-en-europe-la-france-cale-a-0-lespagne-resiste-lallemagne-repart-timidement\/\" onclick=\"javascript:window.open(this.dataset.href, '', 'menubar=no,toolbar=no,resizable=yes,scrollbars=yes,height=600,width=600');return false;\"><span class=\"simplesocialtxt\">Twitter<\/span><\/button> <button rel=\"nofollow\" target=\"_blank\" class=\"simplesocial-linkedin-share\" aria-label=\"LinkedIn Share\" data-href=\"https:\/\/www.linkedin.com\/sharing\/share-offsite\/?url=https:\/\/www.tunisienumerique.com\/croissance-en-europe-la-france-cale-a-0-lespagne-resiste-lallemagne-repart-timidement\/\" onclick=\"javascript:window.open(this.dataset.href, '', 'menubar=no,toolbar=no,resizable=yes,scrollbars=yes,height=600,width=600');return false;\"><span class=\"simplesocialtxt\">LinkedIn<\/span><\/button> <button onclick=\"javascript:window.open(this.dataset.href, '_blank' );return false;\" class=\"simplesocial-whatsapp-share\" rel=\"nofollow\" target=\"_blank\" aria-label=\"WhatsApp Share\" data-href=\"https:\/\/api.whatsapp.com\/send?text=https:\/\/www.tunisienumerique.com\/croissance-en-europe-la-france-cale-a-0-lespagne-resiste-lallemagne-repart-timidement\/\"><span class=\"simplesocialtxt\">WhatsApp<\/span><\/button><\/p>\n<\/div>\n<p><button class=\"simplefavorite-button\" data-postid=\"1110550\" data-siteid=\"1\" data-groupid=\"1\" data-favoritecount=\"0\"> Lire plus tard<\/button><\/p>\n<p data-start=\"234\" data-end=\"696\">La France a \u00e9vit\u00e9 la r\u00e9cession, mais elle n\u2019a pas \u00e9chapp\u00e9 \u00e0 l\u2019immobilisme. Au premier trimestre 2026, son produit int\u00e9rieur brut est rest\u00e9 stable, \u00e0 <strong data-start=\"383\" data-end=\"392\">0,0 %<\/strong>, apr\u00e8s <strong data-start=\"400\" data-end=\"410\">+0,2 %<\/strong> au quatri\u00e8me trimestre 2025, selon la premi\u00e8re estimation publi\u00e9e par l\u2019Insee ce jeudi 30 avril. Une croissance nulle, donc. Pas encore une chute, mais d\u00e9j\u00e0 un signal : celui d\u2019une \u00e9conomie qui avance sans \u00e9lan, dans une Europe elle-m\u00eame ralentie.<\/p>\n<p data-start=\"698\" data-end=\"1090\">Derri\u00e8re ce chiffre apparemment neutre, plusieurs fragilit\u00e9s se dessinent. La consommation des m\u00e9nages, longtemps moteur de l\u2019\u00e9conomie fran\u00e7aise, recule l\u00e9g\u00e8rement de <strong data-start=\"865\" data-end=\"874\">0,1 %<\/strong>. L\u2019investissement se replie de <strong data-start=\"906\" data-end=\"915\">0,4 %<\/strong>. Les exportations baissent nettement, tandis que les importations diminuent aussi, signe d\u2019une activit\u00e9 moins vive. La France ne s\u2019effondre pas, mais elle respire moins bien.<\/p>\n<p data-start=\"1092\" data-end=\"1686\">La comparaison europ\u00e9enne accentue le contraste. La <strong data-start=\"1144\" data-end=\"1157\">zone euro<\/strong> et l\u2019<strong data-start=\"1163\" data-end=\"1183\">Union europ\u00e9enne<\/strong> n\u2019ont progress\u00e9 que de <strong data-start=\"1207\" data-end=\"1217\">+0,1 %<\/strong> au premier trimestre 2026. L\u2019Europe reste donc en croissance, mais d\u2019une croissance presque immobile, comme si le continent avan\u00e7ait \u00e0 pas compt\u00e9s dans un climat d\u2019incertitude. L\u2019<strong data-start=\"1397\" data-end=\"1408\">Espagne<\/strong>, elle, continue de se distinguer avec <strong data-start=\"1447\" data-end=\"1457\">+0,6 %<\/strong>, port\u00e9e par une dynamique plus solide. L\u2019<strong data-start=\"1499\" data-end=\"1512\">Allemagne<\/strong>, affaiblie ces derni\u00e8res ann\u00e9es par la crise industrielle et \u00e9nerg\u00e9tique, repasse l\u00e9g\u00e8rement dans le vert avec <strong data-start=\"1624\" data-end=\"1634\">+0,3 %<\/strong>. L\u2019Italie progresse plus modestement, \u00e0 <strong data-start=\"1675\" data-end=\"1685\">+0,2 %<\/strong>.<\/p>\n<p data-start=\"1688\" data-end=\"2060\">Pour Paris, ce z\u00e9ro n\u2019est pas seulement statistique. Il p\u00e8se politiquement. Une croissance \u00e0 l\u2019arr\u00eat rend plus difficile la r\u00e9duction des d\u00e9ficits, limite les marges budg\u00e9taires et fragilise le discours d\u2019un red\u00e9marrage progressif de l\u2019\u00e9conomie fran\u00e7aise. La France reste la deuxi\u00e8me \u00e9conomie de la zone euro, mais elle ne joue plus, pour l\u2019instant, le r\u00f4le de locomotive.<\/p>\n<p data-start=\"2062\" data-end=\"2673\"><strong>Pour la Tunisie<\/strong>, ce ralentissement n\u2019est pas une information lointaine. La France demeure le <strong data-start=\"2155\" data-end=\"2188\">premier partenaire \u00e9conomique<\/strong> du pays, notamment pour les \u00e9changes de biens, avec <strong data-start=\"2241\" data-end=\"2274\">8,5 milliards d\u2019euros en 2024<\/strong> selon les donn\u00e9es fran\u00e7aises, et elle absorbe pr\u00e8s du quart des exportations tunisiennes.<\/p>\n<p data-start=\"2062\" data-end=\"2673\">Une France qui consomme moins, investit moins et importe moins peut donc avoir des r\u00e9percussions directes sur plusieurs secteurs tunisiens : textile, composants industriels, services, sous-traitance, mais aussi tourisme et transferts des Tunisiens r\u00e9sidant \u00e0 l\u2019\u00e9tranger.<\/p>\n<p data-start=\"2675\" data-end=\"3156\">L\u2019enjeu est d\u2019autant plus sensible que l\u2019\u00e9conomie tunisienne reste fortement reli\u00e9e \u00e0 l\u2019Union europ\u00e9enne. Au premier trimestre 2026, les exportations tunisiennes ont atteint <strong data-start=\"2849\" data-end=\"2880\">16 266,8 millions de dinars<\/strong>, contre <strong data-start=\"2889\" data-end=\"2920\">21 499,5 millions de dinars<\/strong> d\u2019importations, selon l\u2019Institut national de la statistique. Dans cette \u00e9quation, toute faiblesse durable de la demande europ\u00e9enne peut rapidement se transmettre aux carnets de commandes tunisiens.<\/p>\n<p data-start=\"3158\" data-end=\"3866\">\u00c0 cette fragilit\u00e9 europ\u00e9enne s\u2019ajoute un autre facteur d\u2019inqui\u00e9tude : la <strong>crise au Moyen-Orient<\/strong>. Le lien avec la croissance n\u2019est pas abstrait. Il passe par le p\u00e9trole, le transport maritime, l\u2019assurance des cargaisons, le prix du fret et le co\u00fbt de l\u2019\u00e9nergie. Si les tensions autour des routes maritimes et des approvisionnements se prolongent, les entreprises europ\u00e9ennes pourraient faire face \u00e0 des co\u00fbts plus \u00e9lev\u00e9s, \u00e0 des d\u00e9lais plus longs et \u00e0 une prudence accrue dans leurs d\u00e9cisions d\u2019achat. Pour un pays comme la Tunisie, int\u00e9gr\u00e9 aux cha\u00eenes de valeur euro-m\u00e9diterran\u00e9ennes, cette m\u00e9canique peut se traduire par moins de commandes, des marges plus faibles et une pression suppl\u00e9mentaire sur les prix.<\/p>\n<p data-start=\"3868\" data-end=\"4286\">Le paradoxe est l\u00e0 : la France n\u2019est pas en crise ouverte, mais elle donne l\u2019image d\u2019une \u00e9conomie suspendue. Elle ne recule pas, mais elle n\u2019avance plus. L\u2019Espagne, de son c\u00f4t\u00e9, confirme qu\u2019une autre dynamique reste possible en Europe. L\u2019Allemagne laisse entrevoir un fr\u00e9missement. Mais l\u2019ensemble du continent demeure vuln\u00e9rable, pris entre faiblesse de la demande, prudence des entreprises et tensions g\u00e9opolitiques.<\/p>\n<p data-start=\"4288\" data-end=\"4596\">Pour la Tunisie, la lecture est claire : la sant\u00e9 \u00e9conomique de l\u2019Europe n\u2019est pas un sujet ext\u00e9rieur. Elle touche les usines, les exportateurs, les familles de la diaspora, les recettes touristiques et les \u00e9quilibres en devises. Quand la France cale, une partie de l\u2019\u00e9conomie tunisienne retient son souffle.<\/p>\n<p data-start=\"157\" data-end=\"445\">La question est d\u00e9sormais de savoir si ce premier trimestre n\u2019est qu\u2019un trou d\u2019air ou le d\u00e9but d\u2019une ann\u00e9e plus terne que pr\u00e9vu. Pour l\u2019instant, le diagnostic tient en une phrase : la France \u00e9vite la r\u00e9cession, mais elle perd de la vitesse. Et quand l\u2019Europe ralentit, la Tunisie le sent.<\/p>\n<div class=\"simplesocialbuttons simplesocial-round-btm-border simplesocialbuttons_inline simplesocialbuttons-align-left post-1110550 post simplesocialbuttons-inline-no-animation\"><button class=\"simplesocial-fb-share\" rel=\"nofollow\" target=\"_blank\" aria-label=\"Facebook Share\" data-href=\"https:\/\/www.facebook.com\/sharer\/sharer.php?u=https:\/\/www.tunisienumerique.com\/croissance-en-europe-la-france-cale-a-0-lespagne-resiste-lallemagne-repart-timidement\/\" onclick=\"javascript:window.open(this.dataset.href, '', 'menubar=no,toolbar=no,resizable=yes,scrollbars=yes,height=600,width=600');return false;\"><span class=\"simplesocialtxt\">Facebook<\/span><\/button> <button class=\"simplesocial-twt-share\" rel=\"nofollow\" target=\"_blank\" aria-label=\"Twitter Share\" data-href=\"https:\/\/twitter.com\/intent\/tweet?text=Croissance+en+Europe+%3A+la+France+cale+%C3%A0+0+%25%2C+l%E2%80%99Espagne+r%C3%A9siste%2C+l%E2%80%99Allemagne+repart+timidement&amp;url=https:\/\/www.tunisienumerique.com\/croissance-en-europe-la-france-cale-a-0-lespagne-resiste-lallemagne-repart-timidement\/\" onclick=\"javascript:window.open(this.dataset.href, '', 'menubar=no,toolbar=no,resizable=yes,scrollbars=yes,height=600,width=600');return false;\"><span class=\"simplesocialtxt\">Twitter<\/span><\/button> <button rel=\"nofollow\" target=\"_blank\" class=\"simplesocial-linkedin-share\" aria-label=\"LinkedIn Share\" data-href=\"https:\/\/www.linkedin.com\/sharing\/share-offsite\/?url=https:\/\/www.tunisienumerique.com\/croissance-en-europe-la-france-cale-a-0-lespagne-resiste-lallemagne-repart-timidement\/\" onclick=\"javascript:window.open(this.dataset.href, '', 'menubar=no,toolbar=no,resizable=yes,scrollbars=yes,height=600,width=600');return false;\"><span class=\"simplesocialtxt\">LinkedIn<\/span><\/button> <button onclick=\"javascript:window.open(this.dataset.href, '_blank' );return false;\" class=\"simplesocial-whatsapp-share\" rel=\"nofollow\" target=\"_blank\" aria-label=\"WhatsApp Share\" data-href=\"https:\/\/api.whatsapp.com\/send?text=https:\/\/www.tunisienumerique.com\/croissance-en-europe-la-france-cale-a-0-lespagne-resiste-lallemagne-repart-timidement\/\"><span class=\"simplesocialtxt\">WhatsApp<\/span><\/button><\/p>\n<\/div>\n<p><strong>Que se passe-t-il en Tunisie?<\/strong><br \/>Nous expliquons sur notre <a href=\"https:\/\/www.youtube.com\/channel\/UCRzypVq0B_yBad5eGrwBx0Q?sub_confirmation=1\" target=\"_blank\">cha\u00eene YouTube<\/a> . <a href=\"https:\/\/www.youtube.com\/channel\/UCRzypVq0B_yBad5eGrwBx0Q?sub_confirmation=1\" target=\"_blank\">Abonnez-vous!<\/a><\/p>\n<div class=\"mvp-org-wrap\" itemprop=\"publisher\" itemscope=\"itemscope\" itemtype=\"https:\/\/schema.org\/Organization\">\n<div class=\"mvp-org-logo\" itemprop=\"logo\" itemscope=\"itemscope\" itemtype=\"https:\/\/schema.org\/ImageObject\">\n<p><img loading=\"lazy\" decoding=\"async\" width=\"290\" height=\"78\" src=\"https:\/\/www.tunisienumerique.com\/wp-content\/uploads\/2024\/03\/Logo-Tn1-1-3.png\"\/><\/p>\n<p><meta itemprop=\"url\" content=\"https:\/\/www.tunisienumerique.com\/wp-content\/uploads\/2024\/03\/Logo-Tn1-1-3.png\"\/><\/div>\n<p><meta itemprop=\"name\" content=\"Tunisie numerique\"\/><\/div>\n<div class=\"post-tags\"><span class=\"post-tags-header\">SUJETS CONNEXES:<\/span><span itemprop=\"keywords\"><a href=\"https:\/\/www.tunisienumerique.com\/tunisie-actualite\/allemagne-croissance\/\" rel=\"tag\">Allemagne croissance<\/a>, <a href=\"https:\/\/www.tunisienumerique.com\/tunisie-actualite\/croissance-europe\/\" rel=\"tag\">croissance Europe<\/a>, <a href=\"https:\/\/www.tunisienumerique.com\/tunisie-actualite\/croissance-france-2026\/\" rel=\"tag\">croissance France 2026<\/a>, <a href=\"https:\/\/www.tunisienumerique.com\/tunisie-actualite\/croissance-zero\/\" rel=\"tag\">croissance zero<\/a>, <a href=\"https:\/\/www.tunisienumerique.com\/tunisie-actualite\/economie-francaise\/\" rel=\"tag\">economie fran\u00e7aise<\/a>, <a href=\"https:\/\/www.tunisienumerique.com\/tunisie-actualite\/espagne-croissance\/\" rel=\"tag\">Espagne croissance<\/a>, <a href=\"https:\/\/www.tunisienumerique.com\/tunisie-actualite\/eurostat\/\" rel=\"tag\">Eurostat<\/a>, <a href=\"https:\/\/www.tunisienumerique.com\/tunisie-actualite\/insee\/\" rel=\"tag\">Insee<\/a>, <a href=\"https:\/\/www.tunisienumerique.com\/tunisie-actualite\/pib-france\/\" rel=\"tag\">PIB France<\/a>, <a href=\"https:\/\/www.tunisienumerique.com\/tunisie-actualite\/premier-trimestre-2026\/\" rel=\"tag\">premier trimestre 2026<\/a>, <a href=\"https:\/\/www.tunisienumerique.com\/tunisie-actualite\/union-europeenne\/\" rel=\"tag\">Union europ\u00e9enne<\/a>, <a href=\"https:\/\/www.tunisienumerique.com\/tunisie-actualite\/zone-euro\/\" rel=\"tag\">zone Euro<\/a><\/span><\/div>\n<div class=\"mvp-related-posts left relative\">\n<h4 class=\"post-header\"><span class=\"post-header\">LIRE AUSSI<\/span><\/h4>\n<\/div>\n<div id=\"article-ad\">\n  <ins class=\"adsbygoogle\" data-ad-client=\"ca-pub-2102118777505746\" data-ad-slot=\"6168283410\" data-ad-format=\"auto\" data-full-width-responsive=\"true\"\/>\n<\/div>\n<\/div>\n<\/div>\n<\/div>\n<p>Auteur: balkis T<br \/>\n<a href=\"https:\/\/www.tunisienumerique.com\/croissance-en-europe-la-france-cale-a-0-lespagne-resiste-lallemagne-repart-timidement\/\">Cliquez ici pour lire l&rsquo;article depuis sa source.<\/a><\/p>\n","protected":false},"excerpt":{"rendered":"<p>Le blog en direct est termin\u00e9. Aucune mise \u00e0 jour du blog en direct pour le moment. Charger plus Facebook Twitter LinkedIn WhatsApp Lire plus tard La France a \u00e9vit\u00e9 la r\u00e9cession, mais elle n\u2019a pas \u00e9chapp\u00e9 \u00e0 l\u2019immobilisme. Au premier trimestre 2026, son produit int\u00e9rieur brut est rest\u00e9 stable, \u00e0 0,0 %, apr\u00e8s +0,2 [&hellip;]<\/p>\n","protected":false},"author":1789,"featured_media":185441,"comment_status":"closed","ping_status":"closed","sticky":false,"template":"","format":"standard","meta":{"fifu_image_url":"https:\/\/www.tunisienumerique.com\/wp-content\/uploads\/2026\/04\/Europe-facture.jpg","fifu_image_alt":"Croissance en Europe : la France cale \u00e0 0 %, l\u2019Espagne r\u00e9siste, l\u2019Allemagne repart timidement","footnotes":""},"categories":[73,55],"tags":[],"class_list":["post-185440","post","type-post","status-publish","format-standard","has-post-thumbnail","hentry","category-actualite","category-tunisie"],"_links":{"self":[{"href":"https:\/\/linitiative.ca\/International\/wp-json\/wp\/v2\/posts\/185440","targetHints":{"allow":["GET"]}}],"collection":[{"href":"https:\/\/linitiative.ca\/International\/wp-json\/wp\/v2\/posts"}],"about":[{"href":"https:\/\/linitiative.ca\/International\/wp-json\/wp\/v2\/types\/post"}],"author":[{"embeddable":true,"href":"https:\/\/linitiative.ca\/International\/wp-json\/wp\/v2\/users\/1789"}],"replies":[{"embeddable":true,"href":"https:\/\/linitiative.ca\/International\/wp-json\/wp\/v2\/comments?post=185440"}],"version-history":[{"count":0,"href":"https:\/\/linitiative.ca\/International\/wp-json\/wp\/v2\/posts\/185440\/revisions"}],"wp:featuredmedia":[{"embeddable":true,"href":"https:\/\/linitiative.ca\/International\/wp-json\/wp\/v2\/media\/185441"}],"wp:attachment":[{"href":"https:\/\/linitiative.ca\/International\/wp-json\/wp\/v2\/media?parent=185440"}],"wp:term":[{"taxonomy":"category","embeddable":true,"href":"https:\/\/linitiative.ca\/International\/wp-json\/wp\/v2\/categories?post=185440"},{"taxonomy":"post_tag","embeddable":true,"href":"https:\/\/linitiative.ca\/International\/wp-json\/wp\/v2\/tags?post=185440"}],"curies":[{"name":"wp","href":"https:\/\/api.w.org\/{rel}","templated":true}]}}