{"id":185464,"date":"2026-04-30T12:31:05","date_gmt":"2026-04-30T16:31:05","guid":{"rendered":"https:\/\/linitiative.ca\/International\/liberte-de-la-presse-le-cameroun-classe-133e-sur-180-en-2026\/"},"modified":"2026-04-30T12:31:05","modified_gmt":"2026-04-30T16:31:05","slug":"liberte-de-la-presse-le-cameroun-classe-133e-sur-180-en-2026","status":"publish","type":"post","link":"https:\/\/linitiative.ca\/International\/liberte-de-la-presse-le-cameroun-classe-133e-sur-180-en-2026\/","title":{"rendered":"Libert\u00e9 de la presse : le Cameroun class\u00e9 133\u00e8 sur 180 en 2026"},"content":{"rendered":"<h2>L\u2019Organisation non-gouvernementale internationale Reporter sans fronti\u00e8re vient de rendre public le classement mondial en indiquant que la libert\u00e9 de la presse n\u2019a pas \u00e9t\u00e9 autant mise \u00e0 l\u2019\u00e9preuve durant les 25 derni\u00e8res ann\u00e9es.<\/h2>\n<p>Au classement 2026 de la libert\u00e9 de la presse au monde, le Cameroun occupe le 133\u00e8 rang sur 180 pays \u00e9valu\u00e9s. Class\u00e9 131\u00e8 sur 180 en 2025, le pays de Paul Biya perd deux places au classement g\u00e9n\u00e9ral, et figure ainsi parmi les \u00c9tats o\u00f9 la libert\u00e9 de la presse est \u00e0 rude \u00e9preuve. Une fois de plus, ce classement indique que, malgr\u00e9 la quantit\u00e9 d\u2019organes de presse au Cameroun ainsi que toutes les assurances donn\u00e9es par le gouvernement, la libert\u00e9 de la presse n\u2019est pas aussi garantie. Les actes conduisant au meurtre, \u00e0 la privation de libert\u00e9, ou encore la situation pr\u00e9caire des journalistes et de la presse en g\u00e9n\u00e9ral militent davantage pour ce classement qui place le pays parmi les moins not\u00e9s sur son continent.<\/p>\n<p>En Afrique, le cameroun est parmi les mauvais \u00e9l\u00e8ves en mati\u00e8re de libert\u00e9 de la presse, avec la Tunisie 137\u00e8 mondial, la Libye 138\u00e8, le Rwanda 139\u00e8, le Soudan 161\u00e8, l\u2019\u00c9gypte 169\u00e8, l\u2019\u00c9rythr\u00e9e 180\u00e8. Ce tableau contraste avec les pays du m\u00eame continent o\u00f9 la libert\u00e9 de la presse est mieux garantie. D\u2019apr\u00e8s RSF, les dix meilleurs \u00e9l\u00e8ves de la libert\u00e9 de la presse en Afrique en 2026 sont l\u2019Afrique du Sud 21\u00e8 au plan mondial, Namibie 23\u00e8, Seychelles 35\u00e8 Cap-Vert 40\u00e8, Maurice 42\u00e8, Gabon 43\u00e8, Gambie 46\u00e8, C\u00f4te d\u2019Ivoire 54\u00e8, Liberia 58\u00e8, Botswana 63\u00e8.<\/p>\n<div readability=\"7\">\n<p>LA SUITE APR\u00c8S LA PUBLICIT\u00c9<\/p>\n<p><ins class=\"adsbygoogle\" data-ad-client=\"ca-pub-9760088965124508\" data-ad-slot=\"2140806877\"\/><br \/>\n<\/div>\n<p>Au plan mondial, la Norv\u00e8ge, les Pays Bas, l\u2019Estonie, le Danemark et la Su\u00e8de constituent le groupe des cinq meilleurs pays en mati\u00e8re de libert\u00e9 de la presse. Cependant, dans le monde cette ann\u00e9e, le score global moyen des pays \u00e9tudi\u00e9s est le plus bas de ces 25 derni\u00e8res ann\u00e9es et plus de la moiti\u00e9 des pays du monde (52,2%) sont en situation difficile ou tr\u00e8s grave. Pourtant en 2002, ils \u00e9taient autour de 13%. Ce qui montre l\u2019aggravation progressive du mal-\u00eatre de la presse dans le monde.<\/p>\n<p>RSF, se base sur cinq indicateurs pour mesurer l\u2019\u00e9tat de la libert\u00e9 de la presse dans le monde. Il s\u2019agit des indicateurs \u00e9conomique, l\u00e9gal, s\u00e9curitaire, politique et social. Au terme du classement 2026, l\u2019organisation internationale indique que \u2018\u2019les journalistes sont toujours tu\u00e9es ou emprisonn\u00e9s en raison de leur travail, mais les tactiques de pr\u00e9dation de la libert\u00e9 de la presse muent : le journalisme se meurt, asphyxi\u00e9 par une parole politique hostile aux reporters, fragilis\u00e9 par une \u00e9conomie des m\u00e9dias en berne et pressuris\u00e9e par l\u2019instrumentalisation de lois contre la presse\u2019\u2019. Au Cameroun comme dans les autres pays, le classement interpelle les gouvernants sur l\u2019am\u00e9lioration des conditions de la pratique du journalisme.<\/p>\n<p>Auteur: Arnaud Nicolas MAWEL<br \/>\n<a href=\"https:\/\/fr.journalducameroun.com\/liberte-de-la-presse-le-cameroun-classe-133e-sur-180-en-2026\/\">Cliquez ici pour lire l&rsquo;article depuis sa source.<\/a><\/p>\n","protected":false},"excerpt":{"rendered":"<p>L\u2019Organisation non-gouvernementale internationale Reporter sans fronti\u00e8re vient de rendre public le classement mondial en indiquant que la libert\u00e9 de la presse n\u2019a pas \u00e9t\u00e9 autant mise \u00e0 l\u2019\u00e9preuve durant les 25 derni\u00e8res ann\u00e9es. Au classement 2026 de la libert\u00e9 de la presse au monde, le Cameroun occupe le 133\u00e8 rang sur 180 pays \u00e9valu\u00e9s. Class\u00e9 [&hellip;]<\/p>\n","protected":false},"author":1965,"featured_media":185465,"comment_status":"closed","ping_status":"closed","sticky":false,"template":"","format":"standard","meta":{"fifu_image_url":"https:\/\/fr.journalducameroun.com\/wp-content\/uploads\/2023\/05\/Liberte-de-la-presse-1.jpg","fifu_image_alt":"Libert\u00e9 de la presse : le Cameroun class\u00e9 133\u00e8 sur 180 en 2026","footnotes":""},"categories":[73,82],"tags":[],"class_list":["post-185464","post","type-post","status-publish","format-standard","has-post-thumbnail","hentry","category-actualite","category-cameroun"],"_links":{"self":[{"href":"https:\/\/linitiative.ca\/International\/wp-json\/wp\/v2\/posts\/185464","targetHints":{"allow":["GET"]}}],"collection":[{"href":"https:\/\/linitiative.ca\/International\/wp-json\/wp\/v2\/posts"}],"about":[{"href":"https:\/\/linitiative.ca\/International\/wp-json\/wp\/v2\/types\/post"}],"author":[{"embeddable":true,"href":"https:\/\/linitiative.ca\/International\/wp-json\/wp\/v2\/users\/1965"}],"replies":[{"embeddable":true,"href":"https:\/\/linitiative.ca\/International\/wp-json\/wp\/v2\/comments?post=185464"}],"version-history":[{"count":0,"href":"https:\/\/linitiative.ca\/International\/wp-json\/wp\/v2\/posts\/185464\/revisions"}],"wp:featuredmedia":[{"embeddable":true,"href":"https:\/\/linitiative.ca\/International\/wp-json\/wp\/v2\/media\/185465"}],"wp:attachment":[{"href":"https:\/\/linitiative.ca\/International\/wp-json\/wp\/v2\/media?parent=185464"}],"wp:term":[{"taxonomy":"category","embeddable":true,"href":"https:\/\/linitiative.ca\/International\/wp-json\/wp\/v2\/categories?post=185464"},{"taxonomy":"post_tag","embeddable":true,"href":"https:\/\/linitiative.ca\/International\/wp-json\/wp\/v2\/tags?post=185464"}],"curies":[{"name":"wp","href":"https:\/\/api.w.org\/{rel}","templated":true}]}}