{"id":185479,"date":"2026-05-01T17:02:16","date_gmt":"2026-05-01T21:02:16","guid":{"rendered":"https:\/\/linitiative.ca\/International\/rafaa-ben-achour-sur-la-prochaine-election-du-secretaire-general-de-lonu\/"},"modified":"2026-05-01T17:02:16","modified_gmt":"2026-05-01T21:02:16","slug":"rafaa-ben-achour-sur-la-prochaine-election-du-secretaire-general-de-lonu","status":"publish","type":"post","link":"https:\/\/linitiative.ca\/International\/rafaa-ben-achour-sur-la-prochaine-election-du-secretaire-general-de-lonu\/","title":{"rendered":"Rafa\u00e2 Ben Achour: Sur la prochaine \u00e9lection du Secr\u00e9taire g\u00e9n\u00e9ral de l\u2019ONU"},"content":{"rendered":"<p><strong>1.<\/strong> Le Secr\u00e9taire g\u00e9n\u00e9ral de l\u2019ONU est \u00able plus haut fonctionnaire\u00bb de l\u2019ONU (article 97 <em>in fine<\/em> de la Charte). Il est en effet plac\u00e9 \u00e0 la t\u00eate du Secr\u00e9tariat de l\u2019Organisation mondiale. Le Secr\u00e9tariat est l\u2019un des six organes principaux de l\u2019ONU cr\u00e9\u00e9s par l\u2019article 7 \u00a7 1<sup>er<\/sup> de la Charte qui dispose que: \u00abIl est cr\u00e9\u00e9 comme organes principaux de l&rsquo;Organisation des Nations Unies: une Assembl\u00e9e g\u00e9n\u00e9rale, un Conseil de s\u00e9curit\u00e9, un Conseil \u00e9conomique et social, un Conseil de tutelle, une Cour internationale de Justice et un Secr\u00e9tariat\u00bb.<\/p>\n<p><strong>2.<\/strong> La Charte consacre son chapitre XV (articles 97 \u00e0 101) au Secr\u00e9tariat et stipule que le Secr\u00e9taire g\u00e9n\u00e9ral \u00abest nomm\u00e9 par l\u2019Assembl\u00e9e g\u00e9n\u00e9rale sur recommandation du Conseil de s\u00e9curit\u00e9\u00bb.<\/p>\n<p><strong>3.<\/strong> Le 31 d\u00e9cembre 2026, le mandat de l\u2019actuel Secr\u00e9taire g\u00e9n\u00e9ral, le Portugais, Antonio Guterres prendra fin. Ce dernier aura accompli deux mandats successifs de cinq ans chacun, \u00e0 la t\u00eate du Secr\u00e9tariat. Il a entam\u00e9 son premier mandat le 1er janvier 2017 apr\u00e8s avoir \u00e9t\u00e9 \u00e9lu le 13 octobre 2016 par l\u2019Assembl\u00e9e g\u00e9n\u00e9rale sur recommandation du Conseil de s\u00e9curit\u00e9.<\/p>\n<p><img decoding=\"async\" src=\"\/uploads\/FCK_files\/Antonio-Guterres.jpg\" width=\"40%\" vspace=\"5\" hspace=\"5\" align=\"middle\" alt=\"\"\/><br \/><strong><em>Antonio Guterres<\/em><\/strong><\/p>\n<p><strong>4.<\/strong> Le processus pour la d\u00e9signation le successeur d\u2019Antonio Guterres, a officiellement \u00e9t\u00e9 lanc\u00e9 \u00e0 la fin 2025. Le 5 septembre 2025, l&rsquo;Assembl\u00e9e g\u00e9n\u00e9rale a adopt\u00e9 la r\u00e9solution 79\/327 sur la revitalisation des travaux de l&rsquo;Assembl\u00e9e g\u00e9n\u00e9rale, qui d\u00e9finit le processus de s\u00e9lection et de nomination conform\u00e9ment \u00e0 l&rsquo;article 97 de la Charte des Nations Unies.<\/p>\n<p><strong>5.<\/strong> En vertu de cette r\u00e9solution, le processus de nomination doit passer par plusieurs \u00e9tapes:<\/p>\n<p>&#8211; Une lettre conjointe du Pr\u00e9sident de l&rsquo;Assembl\u00e9e g\u00e9n\u00e9rale et du Pr\u00e9sident du Conseil de s\u00e9curit\u00e9 lance la proc\u00e9dure. Cette lettre (A\/80\/544-S\/2025\/765) a \u00e9t\u00e9 adress\u00e9e aux \u00c9tats Membres et publi\u00e9e le 25 novembre 2025. Elle invite les \u00c9tats Membres \u00e0 pr\u00e9senter des candidatures et expose les principes de la proc\u00e9dure de s\u00e9lection et les \u00e9tapes th\u00e9oriques.<br \/>&#8211; Les candidats sont d\u00e9sign\u00e9s par un \u00c9tat membre ou un groupe d&rsquo;\u00c9tats membres et fournissent une d\u00e9claration de vision, un curriculum vitae et des informations sur le financement de leur campagne.<br \/>&#8211; Le Pr\u00e9sident de l&rsquo;Assembl\u00e9e g\u00e9n\u00e9rale organise des dialogues interactifs diffus\u00e9s sur Internet avec tous les candidats.<br \/>&#8211; Le Pr\u00e9sident de l&rsquo;Assembl\u00e9e g\u00e9n\u00e9rale collabore \u00e9troitement, de mani\u00e8re transparente et inclusive, avec les \u00c9tats Membres.<\/p>\n<p><strong>6.<\/strong> Cinq candidatures ont \u00e9t\u00e9 re\u00e7ues mais celle de Mme Virginia Gamba (Argentine), Conseill\u00e8re sp\u00e9ciale pour la pr\u00e9vention du g\u00e9nocide et des discours de haine (2024\u20142025),\u00a0 Repr\u00e9sentante sp\u00e9ciale du Secr\u00e9taire g\u00e9n\u00e9ral pour les enfants et les conflits arm\u00e9s (2017\u20142025) pr\u00e9sent\u00e9e par les Maldives le 11 mars 2026, a \u00e9t\u00e9 retir\u00e9e le 25 mars 2026. Les quatre candidats actuellement en lice sont:<\/p>\n<p><img decoding=\"async\" src=\"\/uploads\/FCK_files\/Michelle-Bachelet-Jeria(1).jpg\" width=\"15%\" vspace=\"5\" hspace=\"5\" align=\"baseline\" alt=\"\"\/><br \/><strong>&#8211; Mme Michelle Bachelet Jeria<\/strong> <em>(ancienne Pr\u00e9sidente du Chili), pr\u00e9sent\u00e9e par le Chili, le Br\u00e9sil et le Mexique;<\/em><\/p>\n<p><img decoding=\"async\" src=\"\/uploads\/FCK_files\/Rafael_Mariano_Grossi.jpg\" width=\"15%\" vspace=\"5\" hspace=\"5\" align=\"baseline\" alt=\"\"\/><br \/><strong>&#8211; M. Rafael Mariano Grossi,<\/strong> <em>(Argentine), actuel Directeur g\u00e9n\u00e9ral de l\u2019Agence internationale de l\u2019\u00e9nergie atomique, pr\u00e9sent\u00e9 par l\u2019Argentine;<\/em><\/p>\n<p><img decoding=\"async\" src=\"\/uploads\/FCK_files\/Rebeca_Grynspan.jpg\" width=\"15%\" vspace=\"5\" hspace=\"5\" align=\"baseline\" alt=\"\"\/><br \/><strong>&#8211; Mme Rebeca Grynspan Mayufis,<\/strong> <em>(Costa-Rica), actuelle Secr\u00e9taire g\u00e9n\u00e9rale de la CNUCED, pr\u00e9sent\u00e9e par la Costa-Rica;<\/em><\/p>\n<p><img decoding=\"async\" src=\"\/uploads\/FCK_files\/Macky_Sall_in_2020.jpg\" width=\"15%\" vspace=\"5\" hspace=\"5\" align=\"baseline\" alt=\"\"\/><br \/><strong>&#8211; M. Macky Sall,<\/strong> <em>(S\u00e9n\u00e9gal), ancien pr\u00e9sident de la R\u00e9publique du S\u00e9n\u00e9gal, pr\u00e9sent\u00e9 par le Burundi.<\/em><\/p>\n<p><strong>7.<\/strong> Les 21 et 22 avril 2026, des dialogues interactifs avec les quatre candidats retenus ont eu lieu avec les candidats d\u00e9sign\u00e9s. Au cours de ces dialogues d&rsquo;une dur\u00e9e de trois heures, les candidats ont \u00e9t\u00e9 invit\u00e9s \u00e0 pr\u00e9senter une d\u00e9claration liminaire de 10 minutes, suivie de questions \u00e9manant des \u00c9tats Membres de l&rsquo;ONU et de repr\u00e9sentants de la soci\u00e9t\u00e9 civile, afin d&rsquo;approfondir l&rsquo;examen de leurs qualit\u00e9s de leadership et de leur exp\u00e9rience. Cet \u00e9change interactif ont port\u00e9 sur deux segments th\u00e9matiques: les capacit\u00e9s de leadership av\u00e9r\u00e9es, l&rsquo;exp\u00e9rience et les comp\u00e9tences des candidats au service d&rsquo;une organisation forte et pr\u00eate pour l&rsquo;avenir; et les trois piliers des Nations Unies (paix et s\u00e9curit\u00e9, d\u00e9veloppement et droits de l&rsquo;homme).<\/p>\n<p><strong>8.<\/strong> La prochaine \u00e9tape se d\u00e9roulera au sein du Conseil de s\u00e9curit\u00e9. Selon la pratique jusque-l\u00e0 suivie par le Conseil: il faut que chaque repr\u00e9sentant des quinze membres du Conseil assigne \u00e0 chaque candidat une des trois mentions \u00abencourage\u00bb, \u00abd\u00e9courage\u00bb ou \u00absans opinion\u00bb.<\/p>\n<p><strong>9.<\/strong> Plusieurs tours de scrutin sont g\u00e9n\u00e9ralement n\u00e9cessaires. L\u2019opinion \u00ab d\u00e9courage \u00bb exprim\u00e9e par un membre permanent du Conseil, vaut veto. Pour l\u2019\u00e9lection d\u2019Antonio Guterres, en 2016, il a fallu proc\u00e9der \u00e0 9 tours de scrutin au sien du Conseil. Par sa R\u00e9solution 2311 (2016) adopt\u00e9e lors de sa 7782e s\u00e9ance (priv\u00e9e), le 6 octobre 2016, le Conseil de s\u00e9curit\u00e9, a \u00ab[recommand\u00e9] \u00e0 l\u2019Assembl\u00e9e g\u00e9n\u00e9rale de nommer M. Ant\u00f3nio Guterres Secr\u00e9taire g\u00e9n\u00e9ral de l\u2019Organisation des Nations Unies pour un mandat courant du 1<sup>er<\/sup> janvier 2017 au 31 d\u00e9cembre 2021\u00bb.<\/p>\n<p><strong>10.<\/strong> Une fois la recommandation du Conseil de s\u00e9curit\u00e9 adopt\u00e9e, il ne restera plus qu\u2019\u00e0 l\u2019Assembl\u00e9e g\u00e9n\u00e9rale de la valider la recommandation. Cet acte est strictement formel et il y est g\u00e9n\u00e9ralement proc\u00e9d\u00e9 par acclamations.<\/p>\n<p><strong>11.<\/strong> L\u2019AG recommande que le choix du SG prenne en consid\u00e9ration plusieurs crit\u00e8res, \u00e0 savoir: la n\u00e9cessit\u00e9 d\u2019assurer une r\u00e9partition juste et \u00e9quitable qui repose sur un \u00e9quilibre entre les genres et une base g\u00e9ographique aussi large que possible, tout en veillant \u00e0 la diversit\u00e9 du point de vue du multilinguisme.<br \/><strong>12.<\/strong> Les pr\u00e9d\u00e9cesseurs de l\u2019actuel Secr\u00e9taire g\u00e9n\u00e9ral, Antonio Guterres sont:<\/p>\n<p><img decoding=\"async\" src=\"\/uploads\/FCK_files\/Ban-Ki-moon.jpg\" width=\"15%\" vspace=\"5\" hspace=\"5\" align=\"baseline\" alt=\"\"\/><\/p>\n<p><strong>&#8211; Ban Ki-moon,<\/strong> <em>(R\u00e9publique de Cor\u00e9e), qui a occup\u00e9 le poste de janvier 2007 \u00e0 d\u00e9cembre 2016;<\/em><\/p>\n<p><img decoding=\"async\" src=\"\/uploads\/FCK_files\/Kofi-Annan.jpg\" width=\"15%\" vspace=\"5\" hspace=\"5\" align=\"baseline\" alt=\"\"\/><\/p>\n<p><strong>&#8211; Kofi Annan,<\/strong> <em>(Ghana), qui a occup\u00e9 le poste de janvier 1997 \u00e0 d\u00e9cembre 2006;<\/em><\/p>\n<p><img decoding=\"async\" src=\"\/uploads\/FCK_files\/Boutros-Boutros-Ghali.jpg\" width=\"15%\" vspace=\"5\" hspace=\"5\" align=\"baseline\" alt=\"\"\/><\/p>\n<p><strong>&#8211; Boutros Boutros-Ghali,<\/strong> <em>(\u00c9gypte), qui a occup\u00e9 le poste de janvier 1992 \u00e0 d\u00e9cembre 1996;<\/em><\/p>\n<p><img decoding=\"async\" src=\"\/uploads\/FCK_files\/Kurt-Waldheim.jpg\" width=\"15%\" vspace=\"5\" hspace=\"5\" align=\"baseline\" alt=\"\"\/><\/p>\n<p><strong>&#8211; Javier P\u00e8rez de Cu\u00e8llar<\/strong>, <em>(P\u00e9rou), qui a servi de janvier 1982 \u00e0 d\u00e9cembre 1991;<\/em><\/p>\n<p><img decoding=\"async\" src=\"\/uploads\/FCK_files\/Kurt-Waldheim1(1).jpg\" width=\"15%\" vspace=\"5\" hspace=\"5\" align=\"baseline\" alt=\"\"\/><\/p>\n<p><strong>&#8211; Kurt Waldheim,<\/strong> <em>(Autriche), qui occupa le poste de janvier 1972 \u00e0 d\u00e9cembre 1981;<\/em><\/p>\n<p><img decoding=\"async\" src=\"\/uploads\/FCK_files\/Dag-Hammarskj\u00f6ld.jpg\" width=\"15%\" vspace=\"5\" hspace=\"5\" align=\"baseline\" alt=\"\"\/><\/p>\n<p><strong>&#8211; U Thant,<\/strong> <em>(Birmanie, actuellement Myanmar), qui a servi \u00e0 partir de novembre 1961, date \u00e0 laquelle il a \u00e9t\u00e9 nomm\u00e9 Secr\u00e9taire g\u00e9n\u00e9ral par int\u00e9rim (il a \u00e9t\u00e9 officiellement nomm\u00e9 Secr\u00e9taire g\u00e9n\u00e9ral en novembre 1962) jusqu&rsquo;en d\u00e9cembre 1971;<\/em><\/p>\n<p><img decoding=\"async\" src=\"\/uploads\/FCK_files\/Dag-Hammarskj\u00f6ld-1.jpg\" width=\"15%\" vspace=\"5\" hspace=\"5\" align=\"baseline\" alt=\"\"\/><\/p>\n<p><strong>&#8211; Dag Hammarskj\u00f6ld,<\/strong> <em>(Su\u00e8de), qui a occup\u00e9 le poste d&rsquo;avril 1953 jusqu&rsquo;\u00e0 sa mort dans un accident d&rsquo;avion en Afrique en septembre 1961;<\/em><\/p>\n<p><img decoding=\"async\" src=\"\/uploads\/FCK_files\/Trygve-Lie.jpg\" width=\"15%\" vspace=\"5\" hspace=\"5\" align=\"baseline\" alt=\"\"\/><\/p>\n<p><strong>&#8211; Trygve Lie,<\/strong> <em>(Norv\u00e8ge), qui occupa son poste de f\u00e9vrier 1946 jusqu&rsquo;\u00e0 sa d\u00e9mission en novembre 1952.<\/em><\/p>\n<p><strong>13.<\/strong> Certains de ces Secr\u00e9taires g\u00e9n\u00e9raux ont marqu\u00e9 de leur empreinte l\u2019histoire de l\u2019ONU. Il s\u2019agit en premier lieu Dag Hammarskj\u00f6ld. Il \u00e9tait consid\u00e9r\u00e9 comme le plus marquant. il a agi comme un m\u00e9diateur mondial actif. Il a renforc\u00e9 le pouvoir de l&rsquo;ONU, notamment en cr\u00e9ant les forces de maintien de la paix (Casques bleus) lors de la crise de Suez en 1956. Il est mort en fonction et a re\u00e7u le prix Nobel de la paix \u00e0 titre posthume.On peut citer en second lieu, Kofi Annan qui a \u00e9t\u00e9 tr\u00e8s populaire. Il a re\u00e7u le prix Nobel de la paix en 2001 (conjointement avec l&rsquo;ONU) pour son travail en faveur d&rsquo;une organisation mieux organis\u00e9e et plus pacifique. Il a marqu\u00e9 les esprits par sa r\u00e9forme de l&rsquo;ONU et son plaidoyer pour les droits de l&rsquo;homme. On citera enfin, Boutros Boutros-Ghali, premier arabe \u00e0 occuper ce poste. Il a marqu\u00e9 l&rsquo;organisation au d\u00e9but de l&rsquo;apr\u00e8s-guerre froide avec son \u00abAgenda pour la paix\u00bb, son \u00abagenda pour le d\u00e9veloppement\u00bb et son \u00abagenda pour la d\u00e9mocratie\u00bb. Il a exerc\u00e9 un seul mandat en raison du veto oppos\u00e9 par les \u00c9tats-Unis \u00e0 sa r\u00e9\u00e9lection notamment pour sa position dans le drame de Cana (Liban). En 1996, apr\u00e8s un bombardement isra\u00e9lien sur un camp de l&rsquo;ONU \u00e0 Cana ayant tu\u00e9 une centaine de civils, Boutros-Ghali a publi\u00e9 un rapport d&rsquo;enqu\u00eate accablant pour Isra\u00ebl. Les \u00c9tats-Unis, oppos\u00e9s \u00e0 la publication dudit rapport, ont per\u00e7u cela comme un acte de d\u00e9fi politique majeur. Quant \u00e0 l\u2019actuel Secr\u00e9taire g\u00e9n\u00e9ral en fin de mandat, Ant\u00f3nio Guterres. Il s\u2019est distingu\u00e9 par son ind\u00e9pendance, par son franc-parler et par son accent mis sur la r\u00e9forme de l&rsquo;organisation, la lutte contre le changement climatique et les droits humains, agissant dans un contexte de crises mondiales majeures.<\/p>\n<p><strong>14.<\/strong> Le\/la futur-e Secr\u00e9taire g\u00e9n\u00e9ral-e n\u2019aura pas la t\u00e2che facile. Il ne devrait pas se contenter d\u2019un r\u00f4le passif de gestion de l\u2019Organisation. Il\/elle est appel\u00e9-e \u00e0 faire redorer le blason de l\u2019ONU suite \u00e0 la grave crise du multilat\u00e9ralisme qui affecte les relations internationales en g\u00e9n\u00e9ral, et l\u2019ONU en particulier. Il\/elle devra initier et r\u00e9aliser d\u2019une profonde r\u00e9forme qui en accroitra l\u2019effectivit\u00e9 et la cr\u00e9dibilit\u00e9, faute de quoi l\u2019ONU sera totalement marginalis\u00e9e.<\/p>\n<p><strong>Rafa\u00e2 Ben Achour<\/strong><\/p>\n<p>Auteur:<br \/>\n<a href=\"https:\/\/www.leaders.com.tn\/article\/38006-rafaa-ben-achour-sur-la-prochaine-election-du-secretaire-general-de-l-onu\">Cliquez ici pour lire l&rsquo;article depuis sa source.<\/a><\/p>\n","protected":false},"excerpt":{"rendered":"<p>1. Le Secr\u00e9taire g\u00e9n\u00e9ral de l\u2019ONU est \u00able plus haut fonctionnaire\u00bb de l\u2019ONU (article 97 in fine de la Charte). Il est en effet plac\u00e9 \u00e0 la t\u00eate du Secr\u00e9tariat de l\u2019Organisation mondiale. Le Secr\u00e9tariat est l\u2019un des six organes principaux de l\u2019ONU cr\u00e9\u00e9s par l\u2019article 7 \u00a7 1er de la Charte qui dispose que: [&hellip;]<\/p>\n","protected":false},"author":1772,"featured_media":185480,"comment_status":"closed","ping_status":"closed","sticky":false,"template":"","format":"standard","meta":{"fifu_image_url":"https:\/\/www.leaders.com.tn\/uploads\/content\/thumbnails\/177763214893_content.jpg","fifu_image_alt":"Rafa\u00e2 Ben Achour: Sur la prochaine \u00e9lection du Secr\u00e9taire g\u00e9n\u00e9ral de l\u2019ONU","footnotes":""},"categories":[73,55],"tags":[],"class_list":["post-185479","post","type-post","status-publish","format-standard","has-post-thumbnail","hentry","category-actualite","category-tunisie"],"_links":{"self":[{"href":"https:\/\/linitiative.ca\/International\/wp-json\/wp\/v2\/posts\/185479","targetHints":{"allow":["GET"]}}],"collection":[{"href":"https:\/\/linitiative.ca\/International\/wp-json\/wp\/v2\/posts"}],"about":[{"href":"https:\/\/linitiative.ca\/International\/wp-json\/wp\/v2\/types\/post"}],"author":[{"embeddable":true,"href":"https:\/\/linitiative.ca\/International\/wp-json\/wp\/v2\/users\/1772"}],"replies":[{"embeddable":true,"href":"https:\/\/linitiative.ca\/International\/wp-json\/wp\/v2\/comments?post=185479"}],"version-history":[{"count":0,"href":"https:\/\/linitiative.ca\/International\/wp-json\/wp\/v2\/posts\/185479\/revisions"}],"wp:featuredmedia":[{"embeddable":true,"href":"https:\/\/linitiative.ca\/International\/wp-json\/wp\/v2\/media\/185480"}],"wp:attachment":[{"href":"https:\/\/linitiative.ca\/International\/wp-json\/wp\/v2\/media?parent=185479"}],"wp:term":[{"taxonomy":"category","embeddable":true,"href":"https:\/\/linitiative.ca\/International\/wp-json\/wp\/v2\/categories?post=185479"},{"taxonomy":"post_tag","embeddable":true,"href":"https:\/\/linitiative.ca\/International\/wp-json\/wp\/v2\/tags?post=185479"}],"curies":[{"name":"wp","href":"https:\/\/api.w.org\/{rel}","templated":true}]}}