{"id":185483,"date":"2026-05-01T17:17:03","date_gmt":"2026-05-01T21:17:03","guid":{"rendered":"https:\/\/linitiative.ca\/International\/rabat-le-siel-ouvre-ses-portes-au-grand-public\/"},"modified":"2026-05-01T17:17:03","modified_gmt":"2026-05-01T21:17:03","slug":"rabat-le-siel-ouvre-ses-portes-au-grand-public","status":"publish","type":"post","link":"https:\/\/linitiative.ca\/International\/rabat-le-siel-ouvre-ses-portes-au-grand-public\/","title":{"rendered":"Rabat: le SIEL ouvre ses portes au grand public"},"content":{"rendered":"<p><strong>Apr\u00e8s l\u2019inauguration officielle pr\u00e9sid\u00e9e, la veille, par SAR le Prince h\u00e9ritier Moulay El Hassan, le Salon international de l\u2019\u00e9dition et du livre (SIEL) de Rabat a ouvert, vendredi 1er mai, sa 31e \u00e9dition au grand public et aux passionn\u00e9s de la culture, en accueillant la France comme invit\u00e9e d\u2019honneur et en c\u00e9l\u00e9brant l\u2019h\u00e9ritage du grand voyageur Ibn Battouta.<\/strong><\/p>\n<p>D\u00e8s 10 heures du matin, les visiteurs ont commenc\u00e9 \u00e0 affluer vers l\u2019espace am\u00e9nag\u00e9 \u00e0 OLM Souissi, se dirigeant vers les stands des exposants professionnels et institutionnels, pr\u00eats \u00e0 accueillir un public fid\u00e8le \u00e0 ce rendez-vous annuel d\u00e9di\u00e9 au livre, \u00e0 ses acteurs et \u00e0 ses cr\u00e9ateurs.<\/p>\n<p>Cette \u00e9dition, qui connait une participation record de 61 pays et 891 exposants, rev\u00eat une importance particuli\u00e8re puisqu\u2019elle co\u00efncide avec la d\u00e9signation de Rabat comme \u00ab\u00a0Capitale mondiale du livre 2026\u00a0\u00bb, apr\u00e8s avoir re\u00e7u le flambeau de Rio de Janeiro.<\/p>\n<p><strong>Lire aussi |\u00a0<a href=\"https:\/\/www.challenge.ma\/les-princesses-lalla-khadija-lalla-meryem-et-lalla-hasnaa-assistent-au-spectacle-douverture-du-theatre-royal-de-rabat-319399\/#:~:text=CULTURE-,Les%20Princesses%20Lalla%20Khadija%2C%20Lalla%20Meryem%20et%20Lalla%20Hasnaa%20assistent%20au%20spectacle%20d%E2%80%99ouverture%20du%20Th%C3%A9%C3%A2tre%20royal%20de%20Rabat,-written%20by%20Challenge\" target=\"_blank\" rel=\"noreferrer noopener\">Les Princesses Lalla Khadija, Lalla Meryem et Lalla Hasnaa assistent au spectacle d\u2019ouverture du Th\u00e9\u00e2tre royal de Rabat<\/a><\/strong><\/p>\n<p>Tenu sous le Haut Patronage de Sa Majest\u00e9 le Roi Mohammed VI, le Salon proposera plus de 130.000 titres et plus de 3 millions d\u2019exemplaires couvrant divers domaines de la cr\u00e9ation et du savoir, selon les donn\u00e9es du minist\u00e8re de la Jeunesse, de la Culture et de la Communication.<\/p>\n<p>Au programme de cette \u00e9dition, qui se poursuit jusqu\u2019au 10 mai, plus de 204 activit\u00e9s sont pr\u00e9vues avec la participation de plus de 720 intervenants, intellectuels et cr\u00e9ateurs, autour des enjeux de la lecture et des industries culturelles et cr\u00e9atives, ainsi que des hommages qui seront rends \u00e0 des figures marquantes.<\/p>\n<p>Plac\u00e9e sous le th\u00e8me \u00ab\u00a0L\u2019\u00e9criture est un voyage\u2026 le voyage est un livre\u00a0\u00bb, cette \u00e9dition met particuli\u00e8rement \u00e0 l\u2019honneur la litt\u00e9rature de voyage en hommage \u00e0 Ibn Battouta, avec des colloques sp\u00e9cialis\u00e9s, des documents in\u00e9dits, ainsi que des expositions consacr\u00e9es \u00e0 cette figure mondiale.<\/p>\n<p><strong>Lire aussi |\u00a0<a href=\"https:\/\/www.challenge.ma\/la-tour-mohammed-vi-inauguree-une-icone-architecturale-sur-le-bouregreg-video-319031\/#:~:text=NATION-,La%20Tour%20Mohammed%20VI%20inaugur%C3%A9e%2C%20une%20ic%C3%B4ne%20architecturale%20sur%20le%20Bouregreg%20%5BVid%C3%A9o%5D,-written%20by%20Challenge\" target=\"_blank\" rel=\"noreferrer noopener\">La Tour Mohammed VI inaugur\u00e9e, une ic\u00f4ne architecturale sur le Bouregreg [Vid\u00e9o]<\/a><\/strong><\/p>\n<p>Une plateforme immersive permettra \u00e9galement aux visiteurs d\u2019interagir avec une repr\u00e9sentation d\u2019Ibn Battouta, \u00e0 travers des installations artistiques, cartes, dessins, sculptures contemporaines et projections de documentaires sur les grands voyages de l\u2019histoire.<\/p>\n<p>Le programme comprend \u00e9galement des hommages \u00e0 des figures litt\u00e9raires et intellectuelles majeures telles qu\u2019Edmond Amran El Maleh, Aminata Sow Fall, Badr Shakir Al-Sayyab et Michel Foucault, ainsi que la c\u00e9l\u00e9bration du 900e anniversaire de la naissance du philosophe Ibn Rochd.<\/p>\n<p>Le Salon rendra aussi hommage \u00e0 des personnalit\u00e9s marocaines influentes de l\u2019histoire, notamment Fatima Al-Fihriya, Ibn Rochd, Ibn Tofail, Ibn Zuhr, Lisan Eddine Ibn Al-Khatib et Zaynab Nefzaouia, tout en revisitant la m\u00e9moire d\u2019auteurs internationaux ayant v\u00e9cu au Maroc ou s\u2019\u00e9tant inspir\u00e9s de sa culture, tels que Paul Bowles, Juan Goytisolo et Tennessee Williams.<\/p>\n<p><strong>Lire aussi | <a href=\"https:\/\/www.challenge.ma\/rabat-le-siel-sattend-a-une-edition-de-tous-les-records-319074\/#:~:text=CULTURE-,Rabat%3A%20le%20SIEL%20s%E2%80%99attend%20%C3%A0%20une%20%C3%A9dition%20de%20tous%20les%20records,-written%20by%20Challenge\" target=\"_blank\" rel=\"noreferrer noopener\">Rabat: le SIEL s\u2019attend \u00e0 une \u00e9dition de tous les records<\/a><\/strong><\/p>\n<p>La 31e \u00e9dition consacrera \u00e9galement un espace important au jeune public, proposant une exp\u00e9rience immersive autour d\u2019un dialogue imaginaire entre Ibn Battouta, explorateur du monde, et le Petit Prince de Saint-Exup\u00e9ry, ainsi que des ateliers cr\u00e9atifs et culturels destin\u00e9s \u00e0 stimuler la curiosit\u00e9 et l\u2019imaginaire des enfants.<\/p>\n<p>La France, invit\u00e9e d\u2019honneur, se distingue par une forte pr\u00e9sence culturelle, avec la participation de 15 auteurs et un programme de 125 activit\u00e9s, illustrant la profondeur des relations culturelles entre les deux pays, apr\u00e8s la pr\u00e9sence du Maroc en tant qu\u2019invit\u00e9 d\u2019honneur au Salon du livre de Paris 2025.<\/p>\n<p>Le programme du pavillon fran\u00e7ais mettra l\u2019accent sur la jeunesse et le jeune public, en coh\u00e9rence avec le th\u00e8me de la saison culturelle 2025-2026 de l\u2019Institut fran\u00e7ais du Maroc.<\/p>\n<p><strong>Lire aussi |\u00a0<a href=\"https:\/\/www.challenge.ma\/maroc-egypte-le-departement-de-bensaid-joue-sa-partition-318786\/#:~:text=CULTURE-,Maroc%2DEgypte%3A%20le%20d%C3%A9partement%20de%20Bensaid%20joue%20sa%20partition,-written%20by%20Challenge\" target=\"_blank\" rel=\"noreferrer noopener\">Maroc-Egypte: le d\u00e9partement de Bensaid joue sa partition<\/a><\/strong><\/p>\n<p>Il comprend notamment des rencontres litt\u00e9raires avec 15 \u00e9crivains invit\u00e9s, dont Annie Ernaux, laur\u00e9ate du prix Nobel de litt\u00e9rature 2022, une exposition immersive intitul\u00e9e \u00ab\u00a0Villes flottantes\u00a0\u00bb, une exposition de bande dessin\u00e9e, ainsi que des annonces de prix litt\u00e9raires, dont la 4e \u00e9dition du Prix Goncourt Maroc. Des dizaines d\u2019ateliers ouverts au public et d\u2019autres destin\u00e9s aux jeunes seront \u00e9galement organis\u00e9s.<\/p>\n<p>Outre 45 ateliers num\u00e9riques, trois annonces de prix litt\u00e9raires, 20 tables rondes et 19 rencontres et s\u00e9ances de d\u00e9dicaces, la participation fran\u00e7aise inclut aussi un programme artistique \u00ab\u00a0hors les murs\u00a0\u00bb, con\u00e7u par l\u2019Institut fran\u00e7ais du Maroc. Le programme pr\u00e9voit aussi deux concerts, cinq projections cin\u00e9matographiques autour du th\u00e8me de la litt\u00e9rature, ainsi que des tourn\u00e9es d\u2019auteurs \u00e0 travers diff\u00e9rentes r\u00e9gions du Royaume.<\/p>\n<p>Auteur: Challenge avec MAP<br \/>\n<a href=\"https:\/\/www.challenge.ma\/rabat-le-siel-ouvre-ses-portes-au-grand-public-319755\/\">Cliquez ici pour lire l&rsquo;article depuis sa source.<\/a><\/p>\n","protected":false},"excerpt":{"rendered":"<p>Apr\u00e8s l\u2019inauguration officielle pr\u00e9sid\u00e9e, la veille, par SAR le Prince h\u00e9ritier Moulay El Hassan, le Salon international de l\u2019\u00e9dition et du livre (SIEL) de Rabat a ouvert, vendredi 1er mai, sa 31e \u00e9dition au grand public et aux passionn\u00e9s de la culture, en accueillant la France comme invit\u00e9e d\u2019honneur et en c\u00e9l\u00e9brant l\u2019h\u00e9ritage du grand [&hellip;]<\/p>\n","protected":false},"author":1787,"featured_media":185484,"comment_status":"closed","ping_status":"closed","sticky":false,"template":"","format":"standard","meta":{"fifu_image_url":"https:\/\/www.challenge.ma\/wp-content\/uploads\/2026\/05\/SIEL.jpg","fifu_image_alt":"Rabat: le SIEL ouvre ses portes au grand public","footnotes":""},"categories":[78,54],"tags":[],"class_list":["post-185483","post","type-post","status-publish","format-standard","has-post-thumbnail","hentry","category-economie","category-maroc"],"_links":{"self":[{"href":"https:\/\/linitiative.ca\/International\/wp-json\/wp\/v2\/posts\/185483","targetHints":{"allow":["GET"]}}],"collection":[{"href":"https:\/\/linitiative.ca\/International\/wp-json\/wp\/v2\/posts"}],"about":[{"href":"https:\/\/linitiative.ca\/International\/wp-json\/wp\/v2\/types\/post"}],"author":[{"embeddable":true,"href":"https:\/\/linitiative.ca\/International\/wp-json\/wp\/v2\/users\/1787"}],"replies":[{"embeddable":true,"href":"https:\/\/linitiative.ca\/International\/wp-json\/wp\/v2\/comments?post=185483"}],"version-history":[{"count":0,"href":"https:\/\/linitiative.ca\/International\/wp-json\/wp\/v2\/posts\/185483\/revisions"}],"wp:featuredmedia":[{"embeddable":true,"href":"https:\/\/linitiative.ca\/International\/wp-json\/wp\/v2\/media\/185484"}],"wp:attachment":[{"href":"https:\/\/linitiative.ca\/International\/wp-json\/wp\/v2\/media?parent=185483"}],"wp:term":[{"taxonomy":"category","embeddable":true,"href":"https:\/\/linitiative.ca\/International\/wp-json\/wp\/v2\/categories?post=185483"},{"taxonomy":"post_tag","embeddable":true,"href":"https:\/\/linitiative.ca\/International\/wp-json\/wp\/v2\/tags?post=185483"}],"curies":[{"name":"wp","href":"https:\/\/api.w.org\/{rel}","templated":true}]}}