{"id":185487,"date":"2026-05-01T17:17:09","date_gmt":"2026-05-01T21:17:09","guid":{"rendered":"https:\/\/linitiative.ca\/International\/trump-menace-de-relever-les-droits-de-douane-sur-les-vehicules-europeens\/"},"modified":"2026-05-01T17:17:09","modified_gmt":"2026-05-01T21:17:09","slug":"trump-menace-de-relever-les-droits-de-douane-sur-les-vehicules-europeens","status":"publish","type":"post","link":"https:\/\/linitiative.ca\/International\/trump-menace-de-relever-les-droits-de-douane-sur-les-vehicules-europeens\/","title":{"rendered":"Trump menace de relever les droits de douane sur les v\u00e9hicules europ\u00e9ens"},"content":{"rendered":"<p><strong>Le pr\u00e9sident am\u00e9ricain Donald Trump a rmenac\u00e9, vendredi 1er mai, de relever, \u00ab\u00a0la semaine prochaine\u00a0\u00bb, \u00e0 25%, les droits de douane sur les v\u00e9hicules import\u00e9s aux Etats-Unis depuis l\u2019Union europ\u00e9enne.<\/strong><\/p>\n<p>Le pr\u00e9sident am\u00e9ricain reproche \u00e0 l\u2019UE de ne pas respecter l\u2019accord commercial conclu l\u2019\u00e9t\u00e9 dernier dans un message publi\u00e9 sur sa plateforme Truth Social. Il se dit \u00ab\u00a0ravi\u00a0\u00bb de prendre cette nouvelle mesure de d\u00e9fiance \u00e0 l\u2019\u00e9gard d\u2019un de ses principaux partenaires commerciaux, quelques jours apr\u00e8s une dispute avec le chancelier allemand Friedrich Merz au sujet de la guerre avec l\u2019Iran.<\/p>\n<p>Donald Trump vise \u00e0 la fois les voitures et v\u00e9hicules plus lourds (\u00ab\u00a0trucks\u00a0\u00bb en anglais), sans pr\u00e9ciser quelles cat\u00e9gories sont exactement concern\u00e9es. \u00ab\u00a0Il est clairement entendu et convenu que, s\u2019ils produisent des voitures et des camions dans des usines situ\u00e9es aux \u00c9tats-Unis, AUCUN DROIT DE DOUANE ne sera appliqu\u00e9\u00a0\u00bb, ajoute le pr\u00e9sident.<\/p>\n<p><strong>Lire aussi |\u00a0<a href=\"https:\/\/www.challenge.ma\/apres-lechec-des-negociations-trump-annonce-un-blocus-dormuz-319002\/#:~:text=INTERNATIONAL-,Apr%C3%A8s%20l%E2%80%99%C3%A9chec%20des%20n%C3%A9gociations%2C%20Trump%20annonce%20un%20blocus%20d%E2%80%99Ormuz,-written%20by%20Challenge\" target=\"_blank\" rel=\"noreferrer noopener\">Apr\u00e8s l\u2019\u00e9chec des n\u00e9gociations, Trump annonce un blocus d\u2019Ormuz<\/a><\/strong><\/p>\n<p>Depuis son retour au pouvoir l\u2019an dernier, Donald Trump a fait des droits de douane un levier majeur de sa politique \u00e9conomique et diplomatique. Il a mis en place des droits sectoriels (automobile, acier notamment) et provoqu\u00e9 une commotion majeure en annon\u00e7ant de lourdes taxes sur quasiment tous les autres produits import\u00e9s, avant de revenir partiellement en arri\u00e8re.<\/p>\n<p>Apr\u00e8s des mois de bras de fer, le bloc europ\u00e9en et les Etats-Unis ont conclu en juillet un accord limitant notamment les droits de douane sur les voitures et les pi\u00e8ces d\u00e9tach\u00e9es europ\u00e9ennes \u00e0 15%, quand d\u2019autres pays restaient frapp\u00e9s par 25%.<\/p>\n<p><strong>Le Japon et la Cor\u00e9e du Sud ont obtenu la m\u00eame chose.<\/strong><\/p>\n<p>Donald Trump accuse plusieurs partenaires europ\u00e9ens de refuser toute contribution militaire ou logistique aux op\u00e9rations men\u00e9es par Washington dans le d\u00e9troit d\u2019Ormuz, contre l\u2019Iran. Il a notamment affirm\u00e9 cette semaine envisager de r\u00e9duire les forces am\u00e9ricaines stationn\u00e9es en Allemagne apr\u00e8s que M. Merz a d\u00e9clar\u00e9 que \u00ab\u00a0les Am\u00e9ricains (n\u2019avaient) visiblement aucune strat\u00e9gie\u00a0\u00bb en Iran.<\/p>\n<p><strong>Lire aussi |\u00a0<a href=\"https:\/\/www.challenge.ma\/conflit-en-iran-jusquou-peuvent-aller-les-prix-du-petrole-317303\/#:~:text=ENERGIE-,Conflit%20en%20Iran%3A%20jusqu%E2%80%99o%C3%B9%20peuvent%20aller%20les%20prix%20du%20p%C3%A9trole%C2%A0%3F,-written%20by%20Challenge\" target=\"_blank\" rel=\"noreferrer noopener\">Conflit en Iran: jusqu\u2019o\u00f9 peuvent aller les prix du p\u00e9trole\u00a0?<\/a><\/strong><\/p>\n<p>L\u2019Allemagne, un producteur automobile majeur, exportait environ 450.000 v\u00e9hicules vers les Etats-Unis avant le rel\u00e8vement des droits de douane, selon la principale f\u00e9d\u00e9ration de l\u2019industrie automobile allemande (VDA).<\/p>\n<p>Les d\u00e9put\u00e9s europ\u00e9ens avaient donn\u00e9 fin mars leur feu vert \u00e0 la mise en oeuvre de l\u2019accord commercial avec Washington. Ils ont assorti ce feu vert de multiples garde-fous, conditions suspensives et m\u00eame d\u2019une clause d\u2019extinction (fix\u00e9e en mars 2028) pour d\u00e9noncer le caract\u00e8re d\u00e9s\u00e9quilibr\u00e9 de cet accord, et montrer leur extr\u00eame m\u00e9fiance envers le pr\u00e9sident am\u00e9ricain.<\/p>\n<p>Il est pr\u00e9vu qu\u2019en \u00e9change de la r\u00e9duction des droits de douane am\u00e9ricains, l\u2019UE supprime la plupart de ses propres taxes sur les produits am\u00e9ricains entrant sur son sol.<\/p>\n<p><strong>Challenge (Avec AFP)<\/strong><\/p>\n<p>Auteur: Challenge<br \/>\n<a href=\"https:\/\/www.challenge.ma\/trump-menace-de-relever-les-droits-de-douane-sur-les-vehicules-europeens-319785\/\">Cliquez ici pour lire l&rsquo;article depuis sa source.<\/a><\/p>\n","protected":false},"excerpt":{"rendered":"<p>Le pr\u00e9sident am\u00e9ricain Donald Trump a rmenac\u00e9, vendredi 1er mai, de relever, \u00ab\u00a0la semaine prochaine\u00a0\u00bb, \u00e0 25%, les droits de douane sur les v\u00e9hicules import\u00e9s aux Etats-Unis depuis l\u2019Union europ\u00e9enne. Le pr\u00e9sident am\u00e9ricain reproche \u00e0 l\u2019UE de ne pas respecter l\u2019accord commercial conclu l\u2019\u00e9t\u00e9 dernier dans un message publi\u00e9 sur sa plateforme Truth Social. Il [&hellip;]<\/p>\n","protected":false},"author":1787,"featured_media":185488,"comment_status":"closed","ping_status":"closed","sticky":false,"template":"","format":"standard","meta":{"fifu_image_url":"https:\/\/www.challenge.ma\/wp-content\/uploads\/2025\/08\/Trump.jpg","fifu_image_alt":"Trump menace de relever les droits de douane sur les v\u00e9hicules europ\u00e9ens","footnotes":""},"categories":[78,54],"tags":[],"class_list":["post-185487","post","type-post","status-publish","format-standard","has-post-thumbnail","hentry","category-economie","category-maroc"],"_links":{"self":[{"href":"https:\/\/linitiative.ca\/International\/wp-json\/wp\/v2\/posts\/185487","targetHints":{"allow":["GET"]}}],"collection":[{"href":"https:\/\/linitiative.ca\/International\/wp-json\/wp\/v2\/posts"}],"about":[{"href":"https:\/\/linitiative.ca\/International\/wp-json\/wp\/v2\/types\/post"}],"author":[{"embeddable":true,"href":"https:\/\/linitiative.ca\/International\/wp-json\/wp\/v2\/users\/1787"}],"replies":[{"embeddable":true,"href":"https:\/\/linitiative.ca\/International\/wp-json\/wp\/v2\/comments?post=185487"}],"version-history":[{"count":0,"href":"https:\/\/linitiative.ca\/International\/wp-json\/wp\/v2\/posts\/185487\/revisions"}],"wp:featuredmedia":[{"embeddable":true,"href":"https:\/\/linitiative.ca\/International\/wp-json\/wp\/v2\/media\/185488"}],"wp:attachment":[{"href":"https:\/\/linitiative.ca\/International\/wp-json\/wp\/v2\/media?parent=185487"}],"wp:term":[{"taxonomy":"category","embeddable":true,"href":"https:\/\/linitiative.ca\/International\/wp-json\/wp\/v2\/categories?post=185487"},{"taxonomy":"post_tag","embeddable":true,"href":"https:\/\/linitiative.ca\/International\/wp-json\/wp\/v2\/tags?post=185487"}],"curies":[{"name":"wp","href":"https:\/\/api.w.org\/{rel}","templated":true}]}}