{"id":185491,"date":"2026-05-01T16:04:10","date_gmt":"2026-05-01T20:04:10","guid":{"rendered":"https:\/\/linitiative.ca\/International\/tunisie-calendrier-des-evenements-attendus-ce-samedi-2-mai-2026\/"},"modified":"2026-05-01T16:04:10","modified_gmt":"2026-05-01T20:04:10","slug":"tunisie-calendrier-des-evenements-attendus-ce-samedi-2-mai-2026","status":"publish","type":"post","link":"https:\/\/linitiative.ca\/International\/tunisie-calendrier-des-evenements-attendus-ce-samedi-2-mai-2026\/","title":{"rendered":"Tunisie : Calendrier des \u00e9v\u00e9nements attendus ce samedi 2 mai 2026"},"content":{"rendered":"<div class=\"post-cont-out\">\n<div class=\"post-cont-in no-margin\">\n<div id=\"content-main\" class=\"left relative\">\n<div class=\"bloc-abonnes-parent\"><span class=\"bloc-abonnes\"><\/p>\n<p><img loading=\"lazy\" decoding=\"async\" width=\"78\" height=\"49\" src=\"https:\/\/www.tunisienumerique.com\/wp-content\/uploads\/2026\/02\/icon-pay-cat.svg\" alt=\"\" class=\"cat-pay-icon1\"\/><\/p>\n<p> Article r\u00e9serv\u00e9 aux abonn\u00e9s<\/span><\/div>\n<div class=\"liveblog-section\">\n<div id=\"elb-liveblog\" class=\"elb-liveblog elb-theme-light\" data-append-timestamp=\"1\" data-status=\"open\" data-highlighted-entry=\"\" data-show-entries=\"25\" data-endpoint=\"https:\/\/www.tunisienumerique.com\/wp-json\/easy-liveblogs\/v1\/liveblog\/1110812\">\n<div class=\"elb-liveblog-closed-message\">Le blog en direct est termin\u00e9.<\/div>\n<p><button id=\"elb-show-new-posts\" class=\"elb-button button\"\/><\/p>\n<div class=\"elb-no-liveblog-entries-message\">Aucune mise \u00e0 jour du blog en direct pour le moment.<\/div>\n<p><button id=\"elb-load-more\" class=\"elb-button button\">Charger plus<\/button><\/div>\n<\/div>\n<div class=\"mp_wrapper\">\n<div class=\"mepr-unauthorized-excerpt\">\n<p>La Tunisie vivra, ce samedi 2 mai 2026, une journ\u00e9e riche en activit\u00e9s nationales, m\u00ealant rendez-vous culturels, environnementaux, scientifiques, sportifs et associatifs. Entre la poursuite de la 40e \u00e9dition du Salon international du livre de Tunis, les initiatives d\u00e9di\u00e9es aux enfants et aux jeunes, les actions de sensibilisation \u00e0 Hammam-Lif, les journ\u00e9es d\u2019\u00e9tude \u00e0 Tunis et l\u2019ouverture du Festival El Fdaoui \u00e0 Sousse, l\u2019agenda met en avant une dynamique diversifi\u00e9e port\u00e9e par les institutions, les associations et les structures culturelles dans plusieurs r\u00e9gions.<\/p>\n<h3>Calendrier g\u00e9n\u00e9ral<\/h3>\n<\/div>\n<div class=\"mepr-unauthorized-message\">\n<div class=\"tn-paywall tn-paywall-tn\">\n<div class=\"tn-paywall-logodiv\">\n<p><img loading=\"lazy\" decoding=\"async\" width=\"99\" height=\"46\" class=\"tn-paywall-logo\" src=\"https:\/\/www.tunisienumerique.com\/wp-content\/uploads\/2026\/02\/LogoTN_p.png\" alt=\"Tunisie Num\u00e9rique\"\/><\/p>\n<\/div>\n<p class=\"tn-paywall-text\">Vous avez envie de lire la suite<\/p>\n<h2 class=\"tn-paywall-title\">Abonnez-vous et d\u00e9bloquez tous les articles<\/h2>\n<\/div>\n<\/div>\n<\/div>\n<p><strong>Que se passe-t-il en Tunisie?<\/strong><br \/>Nous expliquons sur notre <a href=\"https:\/\/www.youtube.com\/channel\/UCRzypVq0B_yBad5eGrwBx0Q?sub_confirmation=1\" target=\"_blank\">cha\u00eene YouTube<\/a> . <a href=\"https:\/\/www.youtube.com\/channel\/UCRzypVq0B_yBad5eGrwBx0Q?sub_confirmation=1\" target=\"_blank\">Abonnez-vous!<\/a><\/p>\n<div class=\"mvp-org-wrap\" itemprop=\"publisher\" itemscope=\"itemscope\" itemtype=\"https:\/\/schema.org\/Organization\">\n<div class=\"mvp-org-logo\" itemprop=\"logo\" itemscope=\"itemscope\" itemtype=\"https:\/\/schema.org\/ImageObject\">\n<p><img loading=\"lazy\" decoding=\"async\" width=\"290\" height=\"78\" src=\"https:\/\/www.tunisienumerique.com\/wp-content\/uploads\/2024\/03\/Logo-Tn1-1-3.png\"\/><\/p>\n<p><meta itemprop=\"url\" content=\"https:\/\/www.tunisienumerique.com\/wp-content\/uploads\/2024\/03\/Logo-Tn1-1-3.png\"\/><\/div>\n<p><meta itemprop=\"name\" content=\"Tunisie numerique\"\/><\/div>\n<div class=\"post-tags\"><span class=\"post-tags-header\">SUJETS CONNEXES:<\/span><span itemprop=\"keywords\"><a href=\"https:\/\/www.tunisienumerique.com\/tunisie-actualite\/2-mai-2026\/\" rel=\"tag\">2 mai 2026<\/a>, <a href=\"https:\/\/www.tunisienumerique.com\/tunisie-actualite\/ateliers\/\" rel=\"tag\">ateliers<\/a>, <a href=\"https:\/\/www.tunisienumerique.com\/tunisie-actualite\/beit-el-hikma\/\" rel=\"tag\">beit el Hikma<\/a>, <a href=\"https:\/\/www.tunisienumerique.com\/tunisie-actualite\/calendrier-des-evenements\/\" rel=\"tag\">calendrier des \u00e9v\u00e9nements<\/a>, <a href=\"https:\/\/www.tunisienumerique.com\/tunisie-actualite\/difficultes-dapprentissage-chez-les-enfants\/\" rel=\"tag\">difficult\u00e9s d\u2019apprentissage chez les enfants<\/a>, <a href=\"https:\/\/www.tunisienumerique.com\/tunisie-actualite\/enfants-et-jeunes\/\" rel=\"tag\">enfants et jeunes<\/a>, <a href=\"https:\/\/www.tunisienumerique.com\/tunisie-actualite\/evenements-tunisie\/\" rel=\"tag\">\u00e9v\u00e9nements Tunisie<\/a>, <a href=\"https:\/\/www.tunisienumerique.com\/tunisie-actualite\/festival-el-fdaoui-sousse\/\" rel=\"tag\">Festival El Fdaoui Sousse<\/a>, <a href=\"https:\/\/www.tunisienumerique.com\/tunisie-actualite\/foire-du-livre-tunis\/\" rel=\"tag\">Foire du livre Tunis<\/a>, <a href=\"https:\/\/www.tunisienumerique.com\/tunisie-actualite\/hammam-lif\/\" rel=\"tag\">hammam-lif<\/a>, <a href=\"https:\/\/www.tunisienumerique.com\/tunisie-actualite\/hopital-bechir-hamza\/\" rel=\"tag\">hopital bechir hamza<\/a>, <a href=\"https:\/\/www.tunisienumerique.com\/tunisie-actualite\/jeunes-de-plus-de-60-ans\/\" rel=\"tag\">jeunes de plus de 60 ans<\/a>, <a href=\"https:\/\/www.tunisienumerique.com\/tunisie-actualite\/loi-sportive\/\" rel=\"tag\">loi sportive<\/a>, <a href=\"https:\/\/www.tunisienumerique.com\/tunisie-actualite\/monji-chemli\/\" rel=\"tag\">Monji Chemli<\/a>, <a href=\"https:\/\/www.tunisienumerique.com\/tunisie-actualite\/nettoyage-plage-hammam-lif\/\" rel=\"tag\">nettoyage plage Hammam-Lif<\/a>, <a href=\"https:\/\/www.tunisienumerique.com\/tunisie-actualite\/peace-championship\/\" rel=\"tag\">Peace Championship<\/a>, <a href=\"https:\/\/www.tunisienumerique.com\/tunisie-actualite\/ribat-de-sousse\/\" rel=\"tag\">Ribat de Sousse<\/a>, <a href=\"https:\/\/www.tunisienumerique.com\/tunisie-actualite\/salon-international-du-livre-de-tunis\/\" rel=\"tag\">Salon international du livre de Tunis<\/a>, <a href=\"https:\/\/www.tunisienumerique.com\/tunisie-actualite\/sport-et-culture\/\" rel=\"tag\">sport et culture<\/a>, <a href=\"https:\/\/www.tunisienumerique.com\/tunisie-actualite\/tn-premium\/\" rel=\"tag\">TN Premium<\/a>, <a href=\"https:\/\/www.tunisienumerique.com\/tunisie-actualite\/tunis-pays-du-livre\/\" rel=\"tag\">Tunis pays du livre<\/a>, <a href=\"https:\/\/www.tunisienumerique.com\/tunisie-actualite\/tunsea\/\" rel=\"tag\">TunSea<\/a><\/span><\/div>\n<div class=\"mvp-related-posts left relative\">\n<h4 class=\"post-header\"><span class=\"post-header\">LIRE AUSSI<\/span><\/h4>\n<\/div>\n<div id=\"article-ad\">\n  <ins class=\"adsbygoogle\" data-ad-client=\"ca-pub-2102118777505746\" data-ad-slot=\"6168283410\" data-ad-format=\"auto\" data-full-width-responsive=\"true\"\/>\n<\/div>\n<\/div>\n<\/div>\n<\/div>\n<p>Auteur: Yassine Atoui<br \/>\n<a href=\"https:\/\/www.tunisienumerique.com\/tunisie-calendrier-des-evenements-attendus-ce-samedi-2-mai-2026\/\">Cliquez ici pour lire l&rsquo;article depuis sa source.<\/a><\/p>\n","protected":false},"excerpt":{"rendered":"<p>Article r\u00e9serv\u00e9 aux abonn\u00e9s Le blog en direct est termin\u00e9. Aucune mise \u00e0 jour du blog en direct pour le moment. Charger plus La Tunisie vivra, ce samedi 2 mai 2026, une journ\u00e9e riche en activit\u00e9s nationales, m\u00ealant rendez-vous culturels, environnementaux, scientifiques, sportifs et associatifs. Entre la poursuite de la 40e \u00e9dition du Salon international [&hellip;]<\/p>\n","protected":false},"author":1789,"featured_media":185492,"comment_status":"closed","ping_status":"closed","sticky":false,"template":"","format":"standard","meta":{"fifu_image_url":"https:\/\/www.tunisienumerique.com\/wp-content\/uploads\/2026\/05\/imagegen-1.webp","fifu_image_alt":"Tunisie : Calendrier des \u00e9v\u00e9nements attendus ce samedi 2 mai 2026","footnotes":""},"categories":[73,55],"tags":[],"class_list":["post-185491","post","type-post","status-publish","format-standard","has-post-thumbnail","hentry","category-actualite","category-tunisie"],"_links":{"self":[{"href":"https:\/\/linitiative.ca\/International\/wp-json\/wp\/v2\/posts\/185491","targetHints":{"allow":["GET"]}}],"collection":[{"href":"https:\/\/linitiative.ca\/International\/wp-json\/wp\/v2\/posts"}],"about":[{"href":"https:\/\/linitiative.ca\/International\/wp-json\/wp\/v2\/types\/post"}],"author":[{"embeddable":true,"href":"https:\/\/linitiative.ca\/International\/wp-json\/wp\/v2\/users\/1789"}],"replies":[{"embeddable":true,"href":"https:\/\/linitiative.ca\/International\/wp-json\/wp\/v2\/comments?post=185491"}],"version-history":[{"count":0,"href":"https:\/\/linitiative.ca\/International\/wp-json\/wp\/v2\/posts\/185491\/revisions"}],"wp:featuredmedia":[{"embeddable":true,"href":"https:\/\/linitiative.ca\/International\/wp-json\/wp\/v2\/media\/185492"}],"wp:attachment":[{"href":"https:\/\/linitiative.ca\/International\/wp-json\/wp\/v2\/media?parent=185491"}],"wp:term":[{"taxonomy":"category","embeddable":true,"href":"https:\/\/linitiative.ca\/International\/wp-json\/wp\/v2\/categories?post=185491"},{"taxonomy":"post_tag","embeddable":true,"href":"https:\/\/linitiative.ca\/International\/wp-json\/wp\/v2\/tags?post=185491"}],"curies":[{"name":"wp","href":"https:\/\/api.w.org\/{rel}","templated":true}]}}