{"id":185497,"date":"2026-05-01T17:00:00","date_gmt":"2026-05-01T21:00:00","guid":{"rendered":"https:\/\/linitiative.ca\/International\/tunisie-u20-dribblant-lalgerie-et-le-maroc-qui-est-ayoub-makhfaoui-la-nouvelle-recrue-de-la-ftf\/"},"modified":"2026-05-01T17:00:00","modified_gmt":"2026-05-01T21:00:00","slug":"tunisie-u20-dribblant-lalgerie-et-le-maroc-qui-est-ayoub-makhfaoui-la-nouvelle-recrue-de-la-ftf","status":"publish","type":"post","link":"https:\/\/linitiative.ca\/International\/tunisie-u20-dribblant-lalgerie-et-le-maroc-qui-est-ayoub-makhfaoui-la-nouvelle-recrue-de-la-ftf\/","title":{"rendered":"Tunisie U20 : dribblant l\u2019Alg\u00e9rie et le Maroc, qui est Ayoub Makhfaoui, la nouvelle \u00ab recrue \u00bb de la FTF ?"},"content":{"rendered":"<div class=\"post-cont-out\">\n<div class=\"post-cont-in no-margin\">\n<div id=\"content-main\" class=\"left relative\">\n<div class=\"liveblog-section\">\n<div id=\"elb-liveblog\" class=\"elb-liveblog elb-theme-light\" data-append-timestamp=\"1\" data-status=\"open\" data-highlighted-entry=\"\" data-show-entries=\"25\" data-endpoint=\"https:\/\/www.tunisienumerique.com\/wp-json\/easy-liveblogs\/v1\/liveblog\/1110625\">\n<div class=\"elb-liveblog-closed-message\">Le blog en direct est termin\u00e9.<\/div>\n<p><button id=\"elb-show-new-posts\" class=\"elb-button button\"\/><\/p>\n<div class=\"elb-no-liveblog-entries-message\">Aucune mise \u00e0 jour du blog en direct pour le moment.<\/div>\n<p><button id=\"elb-load-more\" class=\"elb-button button\">Charger plus<\/button><\/div>\n<\/div>\n<div class=\"simplesocialbuttons simplesocial-round-btm-border simplesocialbuttons_inline simplesocialbuttons-align-left post-1110625 post simplesocialbuttons-inline-no-animation\"><button class=\"simplesocial-fb-share\" rel=\"nofollow\" target=\"_blank\" aria-label=\"Facebook Share\" data-href=\"https:\/\/www.facebook.com\/sharer\/sharer.php?u=https:\/\/www.tunisienumerique.com\/tunisie-u20-dribblant-lalgerie-et-le-maroc-qui-est-ayoub-makhfaoui-la-nouvelle-recrue-de-la-ftf\/\" onclick=\"javascript:window.open(this.dataset.href, '', 'menubar=no,toolbar=no,resizable=yes,scrollbars=yes,height=600,width=600');return false;\"><span class=\"simplesocialtxt\">Facebook<\/span><\/button> <button class=\"simplesocial-twt-share\" rel=\"nofollow\" target=\"_blank\" aria-label=\"Twitter Share\" data-href=\"https:\/\/twitter.com\/intent\/tweet?text=Tunisie+U20+%3A+dribblant+l%E2%80%99Alg%C3%A9rie+et+le+Maroc%2C+qui+est+Ayoub+Makhfaoui%2C+la+nouvelle+%C2%AB+recrue+%C2%BB+de+la+FTF+%3F&amp;url=https:\/\/www.tunisienumerique.com\/tunisie-u20-dribblant-lalgerie-et-le-maroc-qui-est-ayoub-makhfaoui-la-nouvelle-recrue-de-la-ftf\/\" onclick=\"javascript:window.open(this.dataset.href, '', 'menubar=no,toolbar=no,resizable=yes,scrollbars=yes,height=600,width=600');return false;\"><span class=\"simplesocialtxt\">Twitter<\/span><\/button> <button rel=\"nofollow\" target=\"_blank\" class=\"simplesocial-linkedin-share\" aria-label=\"LinkedIn Share\" data-href=\"https:\/\/www.linkedin.com\/sharing\/share-offsite\/?url=https:\/\/www.tunisienumerique.com\/tunisie-u20-dribblant-lalgerie-et-le-maroc-qui-est-ayoub-makhfaoui-la-nouvelle-recrue-de-la-ftf\/\" onclick=\"javascript:window.open(this.dataset.href, '', 'menubar=no,toolbar=no,resizable=yes,scrollbars=yes,height=600,width=600');return false;\"><span class=\"simplesocialtxt\">LinkedIn<\/span><\/button> <button onclick=\"javascript:window.open(this.dataset.href, '_blank' );return false;\" class=\"simplesocial-whatsapp-share\" rel=\"nofollow\" target=\"_blank\" aria-label=\"WhatsApp Share\" data-href=\"https:\/\/api.whatsapp.com\/send?text=https:\/\/www.tunisienumerique.com\/tunisie-u20-dribblant-lalgerie-et-le-maroc-qui-est-ayoub-makhfaoui-la-nouvelle-recrue-de-la-ftf\/\"><span class=\"simplesocialtxt\">WhatsApp<\/span><\/button><\/p>\n<\/div>\n<p><button class=\"simplefavorite-button\" data-postid=\"1110625\" data-siteid=\"1\" data-groupid=\"1\" data-favoritecount=\"0\"> Lire plus tard<\/button><\/p>\n<p>\u00c9ligible \u00e9galement avec l\u2019Alg\u00e9rie et le Maroc, le binational Ayoub Makhfaoui avait l\u2019embarras du choix pour lancer sa carri\u00e8re internationale.<\/p>\n<p>Ailier droit n\u00e9 en France et pass\u00e9 par le Red Star, le joueur de 19 ans a rejoint en d\u00e9but d\u2019ann\u00e9e le Dinamo Zagreb.<\/p>\n<p>Ce jeudi, la F\u00e9d\u00e9ration Tunisienne de Football a annonc\u00e9 un nouveau renfort pour l\u2019\u00e9quipe nationale tunisienne des moins de 20 ans. Il s\u2019agit d\u2019Ayoub Makhfaoui.<\/p>\n<p>Voici cinq choses \u00e0 savoir sur le nouvel Aiglon :<br \/>\u2013 Ayoub Makhfaoui est n\u00e9 le 10 avril 2027 \u00e0 Ermont en France. Il dispose de quatre nationalit\u00e9s : fran\u00e7aise, tunisienne, marocaine et alg\u00e9rienne.<\/p>\n<p>\u2013 L\u2019ailier droit a d\u00e9but\u00e9 sa formation avec les jeunes d\u2019Argenteuil. Pass\u00e9 par Red Star, il a choisi de d\u00e9m\u00e9nager en Croatie en janvier dernier en s\u2019engageant avec le Dinamo Zagreb.<\/p>\n<p>\u2013 Il a jou\u00e9 la demi-finale de la Coupe internationale de Premier League U21 perdue contre le Real Madrid Castilla, le 28 avril, 1-2 apr\u00e8s prolongation.<\/p>\n<p>\u2013 Il \u00e9volue dans le m\u00eame club que les alg\u00e9riens Isma\u00ebl Bennacer et Monsef Bakrar et il a d\u2019ailleurs \u00e9t\u00e9 soutenu par le premier qui a post\u00e9 une photo avec lui sur Instagram avec le texte : \u00ab Mon petit ph\u00e9nom\u00e8ne \u00bb.<\/p>\n<p>\u2013 Approch\u00e9 par le Maroc et l\u2019Alg\u00e9rie, le jeune joueur de 19 ans a finalement choisi de jouer pour la Tunisie.<\/p>\n<p>Le mois pass\u00e9, les Aigles de Carthage U20 ont ainsi enregistr\u00e9 l\u2019arriv\u00e9e de la p\u00e9pite de l\u2019OM, Sa\u00efd Remadnia, qui avait auparavant repr\u00e9sent\u00e9 la France et l\u2019Alg\u00e9rie et qui sera donc son futur co\u00e9quipier dans les qualifications pour la CAN U20 2027.<\/p>\n<p>Alors que des changements de nationalit\u00e9 sont encore possible par la suite jusqu\u2019en s\u00e9lection A, ces choix confirment l\u2019attractivit\u00e9 grandissante de la Tunisie et surtout continuant le travail acharn\u00e9 et le projet sportif commenc\u00e9 par Med Slim Ben Othmen.<\/p>\n<div class=\"simplesocialbuttons simplesocial-round-btm-border simplesocialbuttons_inline simplesocialbuttons-align-left post-1110625 post simplesocialbuttons-inline-no-animation\"><button class=\"simplesocial-fb-share\" rel=\"nofollow\" target=\"_blank\" aria-label=\"Facebook Share\" data-href=\"https:\/\/www.facebook.com\/sharer\/sharer.php?u=https:\/\/www.tunisienumerique.com\/tunisie-u20-dribblant-lalgerie-et-le-maroc-qui-est-ayoub-makhfaoui-la-nouvelle-recrue-de-la-ftf\/\" onclick=\"javascript:window.open(this.dataset.href, '', 'menubar=no,toolbar=no,resizable=yes,scrollbars=yes,height=600,width=600');return false;\"><span class=\"simplesocialtxt\">Facebook<\/span><\/button> <button class=\"simplesocial-twt-share\" rel=\"nofollow\" target=\"_blank\" aria-label=\"Twitter Share\" data-href=\"https:\/\/twitter.com\/intent\/tweet?text=Tunisie+U20+%3A+dribblant+l%E2%80%99Alg%C3%A9rie+et+le+Maroc%2C+qui+est+Ayoub+Makhfaoui%2C+la+nouvelle+%C2%AB+recrue+%C2%BB+de+la+FTF+%3F&amp;url=https:\/\/www.tunisienumerique.com\/tunisie-u20-dribblant-lalgerie-et-le-maroc-qui-est-ayoub-makhfaoui-la-nouvelle-recrue-de-la-ftf\/\" onclick=\"javascript:window.open(this.dataset.href, '', 'menubar=no,toolbar=no,resizable=yes,scrollbars=yes,height=600,width=600');return false;\"><span class=\"simplesocialtxt\">Twitter<\/span><\/button> <button rel=\"nofollow\" target=\"_blank\" class=\"simplesocial-linkedin-share\" aria-label=\"LinkedIn Share\" data-href=\"https:\/\/www.linkedin.com\/sharing\/share-offsite\/?url=https:\/\/www.tunisienumerique.com\/tunisie-u20-dribblant-lalgerie-et-le-maroc-qui-est-ayoub-makhfaoui-la-nouvelle-recrue-de-la-ftf\/\" onclick=\"javascript:window.open(this.dataset.href, '', 'menubar=no,toolbar=no,resizable=yes,scrollbars=yes,height=600,width=600');return false;\"><span class=\"simplesocialtxt\">LinkedIn<\/span><\/button> <button onclick=\"javascript:window.open(this.dataset.href, '_blank' );return false;\" class=\"simplesocial-whatsapp-share\" rel=\"nofollow\" target=\"_blank\" aria-label=\"WhatsApp Share\" data-href=\"https:\/\/api.whatsapp.com\/send?text=https:\/\/www.tunisienumerique.com\/tunisie-u20-dribblant-lalgerie-et-le-maroc-qui-est-ayoub-makhfaoui-la-nouvelle-recrue-de-la-ftf\/\"><span class=\"simplesocialtxt\">WhatsApp<\/span><\/button><\/p>\n<\/div>\n<p><strong>Que se passe-t-il en Tunisie?<\/strong><br \/>Nous expliquons sur notre <a href=\"https:\/\/www.youtube.com\/channel\/UCRzypVq0B_yBad5eGrwBx0Q?sub_confirmation=1\" target=\"_blank\">cha\u00eene YouTube<\/a> . <a href=\"https:\/\/www.youtube.com\/channel\/UCRzypVq0B_yBad5eGrwBx0Q?sub_confirmation=1\" target=\"_blank\">Abonnez-vous!<\/a><\/p>\n<div class=\"mvp-org-wrap\" itemprop=\"publisher\" itemscope=\"itemscope\" itemtype=\"https:\/\/schema.org\/Organization\">\n<div class=\"mvp-org-logo\" itemprop=\"logo\" itemscope=\"itemscope\" itemtype=\"https:\/\/schema.org\/ImageObject\">\n<p><img loading=\"lazy\" decoding=\"async\" width=\"290\" height=\"78\" src=\"https:\/\/www.tunisienumerique.com\/wp-content\/uploads\/2024\/03\/Logo-Tn1-1-3.png\"\/><\/p>\n<p><meta itemprop=\"url\" content=\"https:\/\/www.tunisienumerique.com\/wp-content\/uploads\/2024\/03\/Logo-Tn1-1-3.png\"\/><\/div>\n<p><meta itemprop=\"name\" content=\"Tunisie numerique\"\/><\/div>\n<div class=\"post-tags\"><span class=\"post-tags-header\">SUJETS CONNEXES:<\/span><\/div>\n<div id=\"article-ad\">\n  <ins class=\"adsbygoogle\" data-ad-client=\"ca-pub-2102118777505746\" data-ad-slot=\"6168283410\" data-ad-format=\"auto\" data-full-width-responsive=\"true\"\/>\n<\/div>\n<\/div>\n<\/div>\n<\/div>\n<p>Auteur: saber boubaker<br \/>\n<a href=\"https:\/\/www.tunisienumerique.com\/tunisie-u20-dribblant-lalgerie-et-le-maroc-qui-est-ayoub-makhfaoui-la-nouvelle-recrue-de-la-ftf\/\">Cliquez ici pour lire l&rsquo;article depuis sa source.<\/a><\/p>\n","protected":false},"excerpt":{"rendered":"<p>Le blog en direct est termin\u00e9. Aucune mise \u00e0 jour du blog en direct pour le moment. Charger plus Facebook Twitter LinkedIn WhatsApp Lire plus tard \u00c9ligible \u00e9galement avec l\u2019Alg\u00e9rie et le Maroc, le binational Ayoub Makhfaoui avait l\u2019embarras du choix pour lancer sa carri\u00e8re internationale. Ailier droit n\u00e9 en France et pass\u00e9 par le [&hellip;]<\/p>\n","protected":false},"author":1789,"featured_media":185498,"comment_status":"closed","ping_status":"closed","sticky":false,"template":"","format":"standard","meta":{"fifu_image_url":"https:\/\/www.tunisienumerique.com\/wp-content\/uploads\/2026\/05\/FB_IMG_1777625653792.jpg","fifu_image_alt":"Tunisie U20 : dribblant l\u2019Alg\u00e9rie et le Maroc, qui est Ayoub Makhfaoui, la nouvelle \u00ab recrue \u00bb de la FTF ?","footnotes":""},"categories":[73,55],"tags":[],"class_list":["post-185497","post","type-post","status-publish","format-standard","has-post-thumbnail","hentry","category-actualite","category-tunisie"],"_links":{"self":[{"href":"https:\/\/linitiative.ca\/International\/wp-json\/wp\/v2\/posts\/185497","targetHints":{"allow":["GET"]}}],"collection":[{"href":"https:\/\/linitiative.ca\/International\/wp-json\/wp\/v2\/posts"}],"about":[{"href":"https:\/\/linitiative.ca\/International\/wp-json\/wp\/v2\/types\/post"}],"author":[{"embeddable":true,"href":"https:\/\/linitiative.ca\/International\/wp-json\/wp\/v2\/users\/1789"}],"replies":[{"embeddable":true,"href":"https:\/\/linitiative.ca\/International\/wp-json\/wp\/v2\/comments?post=185497"}],"version-history":[{"count":0,"href":"https:\/\/linitiative.ca\/International\/wp-json\/wp\/v2\/posts\/185497\/revisions"}],"wp:featuredmedia":[{"embeddable":true,"href":"https:\/\/linitiative.ca\/International\/wp-json\/wp\/v2\/media\/185498"}],"wp:attachment":[{"href":"https:\/\/linitiative.ca\/International\/wp-json\/wp\/v2\/media?parent=185497"}],"wp:term":[{"taxonomy":"category","embeddable":true,"href":"https:\/\/linitiative.ca\/International\/wp-json\/wp\/v2\/categories?post=185497"},{"taxonomy":"post_tag","embeddable":true,"href":"https:\/\/linitiative.ca\/International\/wp-json\/wp\/v2\/tags?post=185497"}],"curies":[{"name":"wp","href":"https:\/\/api.w.org\/{rel}","templated":true}]}}