{"id":185538,"date":"2026-05-02T15:29:18","date_gmt":"2026-05-02T19:29:18","guid":{"rendered":"https:\/\/linitiative.ca\/International\/snc-bobo-2026-18-acteurs-culturels-decores\/"},"modified":"2026-05-02T15:29:18","modified_gmt":"2026-05-02T19:29:18","slug":"snc-bobo-2026-18-acteurs-culturels-decores","status":"publish","type":"post","link":"https:\/\/linitiative.ca\/International\/snc-bobo-2026-18-acteurs-culturels-decores\/","title":{"rendered":"SNC Bobo 2026 : 18 acteurs culturels d\u00e9cor\u00e9s"},"content":{"rendered":"<div class=\"td-post-featured-image\"><a href=\"https:\/\/www.sidwaya.info\/wp-content\/uploads\/2026\/05\/WhatsApp-Image-2026-05-02-at-19.08.56.jpeg\" data-caption=\"\"><img loading=\"lazy\" decoding=\"async\" width=\"696\" height=\"439\" class=\"entry-thumb td-modal-image\" src=\"https:\/\/www.sidwaya.info\/wp-content\/uploads\/2026\/05\/WhatsApp-Image-2026-05-02-at-19.08.56-696x439.jpeg\" srcset=\"https:\/\/www.sidwaya.info\/wp-content\/uploads\/2026\/05\/WhatsApp-Image-2026-05-02-at-19.08.56-696x439.jpeg 696w, https:\/\/www.sidwaya.info\/wp-content\/uploads\/2026\/05\/WhatsApp-Image-2026-05-02-at-19.08.56-300x189.jpeg 300w, https:\/\/www.sidwaya.info\/wp-content\/uploads\/2026\/05\/WhatsApp-Image-2026-05-02-at-19.08.56-1024x646.jpeg 1024w, https:\/\/www.sidwaya.info\/wp-content\/uploads\/2026\/05\/WhatsApp-Image-2026-05-02-at-19.08.56-768x485.jpeg 768w, https:\/\/www.sidwaya.info\/wp-content\/uploads\/2026\/05\/WhatsApp-Image-2026-05-02-at-19.08.56-1536x970.jpeg 1536w, https:\/\/www.sidwaya.info\/wp-content\/uploads\/2026\/05\/WhatsApp-Image-2026-05-02-at-19.08.56-665x420.jpeg 665w, https:\/\/www.sidwaya.info\/wp-content\/uploads\/2026\/05\/WhatsApp-Image-2026-05-02-at-19.08.56-150x95.jpeg 150w, https:\/\/www.sidwaya.info\/wp-content\/uploads\/2026\/05\/WhatsApp-Image-2026-05-02-at-19.08.56-1068x674.jpeg 1068w, https:\/\/www.sidwaya.info\/wp-content\/uploads\/2026\/05\/WhatsApp-Image-2026-05-02-at-19.08.56.jpeg 1600w\" sizes=\"auto, (max-width: 696px) 100vw, 696px\" alt=\"\" title=\"WhatsApp Image 2026-05-02 at 19.08.56\"\/><\/a><\/div>\n<p><strong>Le grand chancelier des ordres burkinab\u00e8, le g\u00e9n\u00e9ral de brigade Pingrenoma Zagr\u00e9, a pr\u00e9sid\u00e9, le samedi 2 mai 2026, \u00e0 la maison de la Culture Anselme Titianma Sanon, la c\u00e9r\u00e9monie de d\u00e9coration de 18 acteurs culturels.<\/strong><\/p>\n<p>Le Burkina Faso, \u00e0 travers le minist\u00e8re de la Communication, de la Culture, des Arts et du Tourisme, a reconnu et honor\u00e9 le r\u00f4le strat\u00e9gique de certains acteurs de la culture dans la consolidation du vivre-ensemble. Le minist\u00e8re a d\u00e9cor\u00e9 18 acteurs culturels. La c\u00e9r\u00e9monie, pr\u00e9sid\u00e9e par le grand chancelier des ordres burkinab\u00e8, le g\u00e9n\u00e9ral de brigade Pingrenoma Zagr\u00e9, s\u2019est d\u00e9roul\u00e9e le samedi 2 mai 2026 \u00e0 Bobo-Dioulasso. Deux personnalit\u00e9s ont \u00e9t\u00e9 \u00e9lev\u00e9es au rang d\u2019officier dans l\u2019ordre de l\u2019Etalon et 16 acteurs du secteur culturel ont \u00e9t\u00e9 faits chevaliers dans l\u2019ordre des Arts, des Lettres et de la Communication dont deux \u00e0 titre posthume. \u00ab\u00a0Ce jour d\u2019honneur pour ces acteurs du secteur culturel t\u00e9moigne de notre conviction que la construction d\u2019une administration culturelle efficace repose sur des hommes et des femmes d\u00e9vou\u00e9s, comp\u00e9tents et motiv\u00e9s\u00a0\u00bb, a fait savoir le ministre en charge de la Culture, Pingdwend\u00e9 Gilbert Ou\u00e9draogo. Ces distinctions sont une reconnaissance de ces acteurs et un appel \u00e0 faire mieux. \u00ab\u00a0Elles doivent \u00eatre per\u00e7ues comme le couronnement d\u2019une carri\u00e8re marqu\u00e9e par le don de soi et l\u2019excellence tout en rappelant aux r\u00e9cipiendaires les responsabilit\u00e9s futures qui les attendent, rester des mod\u00e8les de probit\u00e9, de rigueur et de d\u00e9vouement au service de la culture et de la nation\u00a0\u00bb, a ajout\u00e9 le ministre.D\u00e9cor\u00e9s ou pas, M. Ou\u00e9draogo a appel\u00e9 le monde de la culture \u00e0 se mettre davantage au travail. La c\u00e9r\u00e9monie a \u00e9t\u00e9 marqu\u00e9e par la pr\u00e9sence du ministre charg\u00e9 de la Construction de la Patrie, Mika\u00eflou Sidib\u00e9, du ministre charg\u00e9 de l\u2019Enseignement de Base, Jacques Sosth\u00e8ne Dingara, du pr\u00e9sident du Conseil sup\u00e9rieur de la communication, Wendingoudi Louis Modeste Ou\u00e9draogo et des autorit\u00e9s r\u00e9gionales du Guiriko.<\/p>\n<p><strong>Yacouba BELEM<\/strong><\/p>\n<p><strong>L\u00e9gendes\u00a0: Yacouba BELEM<\/strong><\/p>\n<p>Le grand chancelier des ordres burkinab\u00e8, le g\u00e9n\u00e9ral de brigade Pingrenoma Zagr\u00e9, a dirig\u00e9 la c\u00e9r\u00e9monie de d\u00e9coration des r\u00e9cipiendaires (<strong>Ph_01<\/strong>)<\/p>\n<p>Dix-huit acteurs culturels ont \u00e9t\u00e9 r\u00e9compens\u00e9s par la nation \u00e0 cette 22<sup>e<\/sup> SNC (<strong>Ph_02<\/strong>)<\/p>\n<p>Auteur: BH SIDWAYA<br \/>\n<a href=\"https:\/\/www.sidwaya.info\/snc-bobo-2026-18-acteurs-culturels-decores\/\">Cliquez ici pour lire l&rsquo;article depuis sa source.<\/a><\/p>\n","protected":false},"excerpt":{"rendered":"<p>Le grand chancelier des ordres burkinab\u00e8, le g\u00e9n\u00e9ral de brigade Pingrenoma Zagr\u00e9, a pr\u00e9sid\u00e9, le samedi 2 mai 2026, \u00e0 la maison de la Culture Anselme Titianma Sanon, la c\u00e9r\u00e9monie de d\u00e9coration de 18 acteurs culturels. Le Burkina Faso, \u00e0 travers le minist\u00e8re de la Communication, de la Culture, des Arts et du Tourisme, a [&hellip;]<\/p>\n","protected":false},"author":1816,"featured_media":185539,"comment_status":"closed","ping_status":"closed","sticky":false,"template":"","format":"standard","meta":{"fifu_image_url":"https:\/\/www.sidwaya.info\/wp-content\/uploads\/2026\/05\/WhatsApp-Image-2026-05-02-at-19.08.56.jpeg","fifu_image_alt":"SNC Bobo 2026 : 18 acteurs culturels d\u00e9cor\u00e9s","footnotes":""},"categories":[73,81],"tags":[],"class_list":["post-185538","post","type-post","status-publish","format-standard","has-post-thumbnail","hentry","category-actualite","category-burkina-faso"],"_links":{"self":[{"href":"https:\/\/linitiative.ca\/International\/wp-json\/wp\/v2\/posts\/185538","targetHints":{"allow":["GET"]}}],"collection":[{"href":"https:\/\/linitiative.ca\/International\/wp-json\/wp\/v2\/posts"}],"about":[{"href":"https:\/\/linitiative.ca\/International\/wp-json\/wp\/v2\/types\/post"}],"author":[{"embeddable":true,"href":"https:\/\/linitiative.ca\/International\/wp-json\/wp\/v2\/users\/1816"}],"replies":[{"embeddable":true,"href":"https:\/\/linitiative.ca\/International\/wp-json\/wp\/v2\/comments?post=185538"}],"version-history":[{"count":0,"href":"https:\/\/linitiative.ca\/International\/wp-json\/wp\/v2\/posts\/185538\/revisions"}],"wp:featuredmedia":[{"embeddable":true,"href":"https:\/\/linitiative.ca\/International\/wp-json\/wp\/v2\/media\/185539"}],"wp:attachment":[{"href":"https:\/\/linitiative.ca\/International\/wp-json\/wp\/v2\/media?parent=185538"}],"wp:term":[{"taxonomy":"category","embeddable":true,"href":"https:\/\/linitiative.ca\/International\/wp-json\/wp\/v2\/categories?post=185538"},{"taxonomy":"post_tag","embeddable":true,"href":"https:\/\/linitiative.ca\/International\/wp-json\/wp\/v2\/tags?post=185538"}],"curies":[{"name":"wp","href":"https:\/\/api.w.org\/{rel}","templated":true}]}}