{"id":185540,"date":"2026-05-02T15:37:25","date_gmt":"2026-05-02T19:37:25","guid":{"rendered":"https:\/\/linitiative.ca\/International\/litteraire-moussa-sanon-publie-le-chant-du-renouveau\/"},"modified":"2026-05-02T15:37:25","modified_gmt":"2026-05-02T19:37:25","slug":"litteraire-moussa-sanon-publie-le-chant-du-renouveau","status":"publish","type":"post","link":"https:\/\/linitiative.ca\/International\/litteraire-moussa-sanon-publie-le-chant-du-renouveau\/","title":{"rendered":"Litt\u00e9raire : Moussa Sanon publie le chant du renouveau\u00a0"},"content":{"rendered":"<div class=\"td-post-content tagdiv-type\" readability=\"53.709857942316\">\n<div class=\"td-post-featured-image\">\n<figure><a href=\"https:\/\/www.sidwaya.info\/wp-content\/uploads\/2026\/05\/WhatsApp-Image-2026-05-02-at-19.09.34-1.jpeg\" data-caption=\"Le journaliste-\u00e9crivain Moussa Sanon invite les Burkinab\u00e8 \u00e0 s\u2019engager pour la construction du pays.\"><img loading=\"lazy\" decoding=\"async\" width=\"696\" height=\"522\" class=\"entry-thumb td-modal-image\" src=\"https:\/\/www.sidwaya.info\/wp-content\/uploads\/2026\/05\/WhatsApp-Image-2026-05-02-at-19.09.34-1-696x522.jpeg\" srcset=\"https:\/\/www.sidwaya.info\/wp-content\/uploads\/2026\/05\/WhatsApp-Image-2026-05-02-at-19.09.34-1-696x522.jpeg 696w, https:\/\/www.sidwaya.info\/wp-content\/uploads\/2026\/05\/WhatsApp-Image-2026-05-02-at-19.09.34-1-300x225.jpeg 300w, https:\/\/www.sidwaya.info\/wp-content\/uploads\/2026\/05\/WhatsApp-Image-2026-05-02-at-19.09.34-1-768x576.jpeg 768w, https:\/\/www.sidwaya.info\/wp-content\/uploads\/2026\/05\/WhatsApp-Image-2026-05-02-at-19.09.34-1-560x420.jpeg 560w, https:\/\/www.sidwaya.info\/wp-content\/uploads\/2026\/05\/WhatsApp-Image-2026-05-02-at-19.09.34-1-80x60.jpeg 80w, https:\/\/www.sidwaya.info\/wp-content\/uploads\/2026\/05\/WhatsApp-Image-2026-05-02-at-19.09.34-1-150x113.jpeg 150w, https:\/\/www.sidwaya.info\/wp-content\/uploads\/2026\/05\/WhatsApp-Image-2026-05-02-at-19.09.34-1-265x198.jpeg 265w, https:\/\/www.sidwaya.info\/wp-content\/uploads\/2026\/05\/WhatsApp-Image-2026-05-02-at-19.09.34-1.jpeg 1016w\" sizes=\"auto, (max-width: 696px) 100vw, 696px\" alt=\"\" title=\"WhatsApp Image 2026-05-02 at 19.09.34\"\/><\/a><figcaption class=\"wp-caption-text\">Le journaliste-\u00e9crivain Moussa Sanon invite les Burkinab\u00e8 \u00e0 s\u2019engager pour la construction du pays.<\/figcaption><\/figure>\n<\/div>\n<p><strong>L\u2019\u00e9crivain-journaliste Moussa Sanon a pr\u00e9sent\u00e9 son quatri\u00e8me essai intitul\u00e9 \u00ab Burkina Faso\u00a0:\u00a0le chant du renouveau\u00a0\u00bb le samedi 2 mai 2026, \u00e0 Bobo-Dioulasso.<\/strong><\/p>\n<p>La litt\u00e9rature burkinab\u00e8 continue de s\u2019agrandir.\u00a0 En effet, l\u2019\u00e9crivain-journaliste Moussa Sanon a d\u00e9dicac\u00e9 le samedi 2 mai 2026, \u00e0 Bobo-Dioulasso, en marge de la 22<sup>e<\/sup> Semaine nationale de la culture son nouvel ouvrage intitul\u00e9 \u00ab\u00a0Burkina Faso\u00a0: le chant du renouveau\u00a0\u00bb. Ce quatri\u00e8me essai politique, selon l\u2019auteur, se veut une sorte manifeste de l\u2019espoir, une feuille de route de l\u2019avenir des pays des hommes int\u00e8gres. \u00ab\u00a0Dans cet ouvrage, j\u2019essaye de construire un r\u00e9cit d\u2019engagement que chacun doit prendre pour l\u2019\u00e9dification d\u2019un Burkina meilleur de nos r\u00eaves\u00a0\u00bb, a-t-il indiqu\u00e9.\u00a0 M. Sanon invite \u00e9galement le peuple \u00e0 se r\u00e9approprier son destin en transformant \u00ab le chant \u00bb en acte concret. \u00ab Je demande \u00e0 tous d\u2019\u00eatre courageux et s\u2019engager \u00e0 aimer la Patrie en apportant sa contribution pour construire ce Burkina nouveau\u00a0\u00bb, a-t-il exhort\u00e9. Il a expliqu\u00e9 que l\u2019engagement n\u2019est pas de soutenir quelqu\u2019un mais plut\u00f4t le pays qui est au-dessus de tout.\u00a0 L\u2019\u0153uvre, selon l\u2019auteur qui s\u2019articule autour des dialectiques \u00ab\u00a0la rupture et la continuit\u00e9\u00a0\u00bb, fait aussi un constat des maux ayant entrav\u00e9 le d\u00e9veloppement du pays, corruption, \u00e9rosion des valeurs, int\u00e9grit\u00e9\u2026 Le terme\u00a0\u00ab\u00a0le chant\u00a0\u00bb n\u2019est pas fortuit car il \u00e9voque une dimension lyrique invitant \u00e0 l\u2019unit\u00e9 nationale. \u00a0Le livre s\u2019adresse au Burkinab\u00e8 en r\u00e9habilitant des figures historiques qu\u2019est Thomas Sankara comme une boussole morale, a fait savoir l\u2019auteur. Par ailleurs analyste politique, Moussa Sanon, a dit \u00eatre inscrit dans cette dynamique pour \u00e9veiller les consciences des Burkinab\u00e8 sur le fait que le pays est \u00e0 un tournant d\u00e9cisif. \u00a0Il a invit\u00e9 les lecteurs \u00e0 se procurer l\u2019ouvrage de 157 pages au prix de 5 000 F \u00e0 Bobo-Dioulasso \u00e0 la maison des journaux et \u00e0 Ouagadougou au Centre national de presse Norbert Zongo.<\/p>\n<p><strong>Aly SAWADOGO<\/strong><\/p>\n<p><strong>Amadou\u00a0\u00a0 OUEDRAOGO<\/strong><\/p>\n<p><strong>(Stagiaire)<\/strong><\/p>\n<\/div>\n<footer>\n<div class=\"td-post-sharing-bottom\">\n<p><iframe title=\"bottomFacebookLike\" frameborder=\"0\" src=\"https:\/\/www.facebook.com\/plugins\/like.php?href=https:\/\/www.sidwaya.info\/litteraire-moussa-sanon-publie-le-chant-du-renouveau\/&amp;layout=button_count&amp;show_faces=false&amp;width=105&amp;action=like&amp;colorscheme=light&amp;height=21\">[embedded content]<\/iframe><\/p>\n<\/div>\n<div class=\"td-block-row td-post-next-prev\">\n<div class=\"td-block-span6 td-post-prev-post\">\n<div class=\"td-post-next-prev-content\"><span>Article pr\u00e9c\u00e9dent<\/span><a href=\"https:\/\/www.sidwaya.info\/snc-bobo-2026-18-acteurs-culturels-decores\/\">SNC Bobo 2026 : 18 acteurs culturels d\u00e9cor\u00e9s<\/a><\/div>\n<\/div>\n<div class=\"td-block-span6 td-post-next-post\">\n<div class=\"td-post-next-prev-content\"><span>Article suivant<\/span><a href=\"https:\/\/www.sidwaya.info\/snc-2026-le-bbda-expose-limpact-de-lia-sur-la-creation-des-oeuvres-artistiques-et-litteraires\/\">SNC 2026 : Le BBDA expose l\u2019impact de l\u2019IA sur la cr\u00e9ation des \u0153uvres artistiques et litt\u00e9raires<\/a><\/div>\n<\/div>\n<\/div>\n<p><span class=\"td-page-meta\" itemprop=\"author\" itemscope=\"itemscope\" itemtype=\"https:\/\/schema.org\/Person\"><br \/>\n<meta itemprop=\"name\" content=\"BH SIDWAYA\"\/><br \/>\n<meta itemprop=\"url\" content=\"https:\/\/www.sidwaya.info\/author\/hbplan99\/\"\/><\/span><br \/>\n<meta itemprop=\"datePublished\" content=\"2026-05-02T19:37:25+00:00\"\/><br \/>\n<meta itemprop=\"dateModified\" content=\"2026-05-02T19:37:25+00:00\"\/><br \/>\n<meta itemscope=\"itemscope\" itemprop=\"mainEntityOfPage\" itemtype=\"https:\/\/schema.org\/WebPage\" itemid=\"https:\/\/www.sidwaya.info\/litteraire-moussa-sanon-publie-le-chant-du-renouveau\/\"\/><span class=\"td-page-meta\" itemprop=\"publisher\" itemscope=\"itemscope\" itemtype=\"https:\/\/schema.org\/Organization\"><span class=\"td-page-meta\" itemprop=\"logo\" itemscope=\"itemscope\" itemtype=\"https:\/\/schema.org\/ImageObject\"><br \/>\n<meta itemprop=\"url\" content=\"https:\/\/www.sidwaya.info\/wp-content\/uploads\/2025\/11\/Sidwaya-90-Site-web-Quotidien.png\"\/><\/span><br \/>\n<meta itemprop=\"name\" content=\"Quotidien Sidwaya\"\/><\/span><br \/>\n<meta itemprop=\"headline\" content=\"Litt\u00e9raire : Moussa Sanon publie le chant du renouveau\u00a0\"\/><span class=\"td-page-meta\" itemprop=\"image\" itemscope=\"itemscope\" itemtype=\"https:\/\/schema.org\/ImageObject\"><br \/>\n<meta itemprop=\"url\" content=\"https:\/\/www.sidwaya.info\/wp-content\/uploads\/2026\/05\/WhatsApp-Image-2026-05-02-at-19.09.34-1.jpeg\"\/><br \/>\n<meta itemprop=\"width\" content=\"1016\"\/><br \/>\n<meta itemprop=\"height\" content=\"762\"\/><\/span><\/footer>\n<p>Auteur: BH SIDWAYA<br \/>\n<a href=\"https:\/\/www.sidwaya.info\/litteraire-moussa-sanon-publie-le-chant-du-renouveau\/\">Cliquez ici pour lire l&rsquo;article depuis sa source.<\/a><\/p>\n","protected":false},"excerpt":{"rendered":"<p>Le journaliste-\u00e9crivain Moussa Sanon invite les Burkinab\u00e8 \u00e0 s\u2019engager pour la construction du pays. L\u2019\u00e9crivain-journaliste Moussa Sanon a pr\u00e9sent\u00e9 son quatri\u00e8me essai intitul\u00e9 \u00ab Burkina Faso\u00a0:\u00a0le chant du renouveau\u00a0\u00bb le samedi 2 mai 2026, \u00e0 Bobo-Dioulasso. La litt\u00e9rature burkinab\u00e8 continue de s\u2019agrandir.\u00a0 En effet, l\u2019\u00e9crivain-journaliste Moussa Sanon a d\u00e9dicac\u00e9 le samedi 2 mai 2026, \u00e0 [&hellip;]<\/p>\n","protected":false},"author":1816,"featured_media":185541,"comment_status":"closed","ping_status":"closed","sticky":false,"template":"","format":"standard","meta":{"fifu_image_url":"https:\/\/www.sidwaya.info\/wp-content\/uploads\/2026\/05\/WhatsApp-Image-2026-05-02-at-19.09.34-1.jpeg","fifu_image_alt":"Litt\u00e9raire : Moussa Sanon publie le chant du renouveau\u00a0","footnotes":""},"categories":[73,81],"tags":[],"class_list":["post-185540","post","type-post","status-publish","format-standard","has-post-thumbnail","hentry","category-actualite","category-burkina-faso"],"_links":{"self":[{"href":"https:\/\/linitiative.ca\/International\/wp-json\/wp\/v2\/posts\/185540","targetHints":{"allow":["GET"]}}],"collection":[{"href":"https:\/\/linitiative.ca\/International\/wp-json\/wp\/v2\/posts"}],"about":[{"href":"https:\/\/linitiative.ca\/International\/wp-json\/wp\/v2\/types\/post"}],"author":[{"embeddable":true,"href":"https:\/\/linitiative.ca\/International\/wp-json\/wp\/v2\/users\/1816"}],"replies":[{"embeddable":true,"href":"https:\/\/linitiative.ca\/International\/wp-json\/wp\/v2\/comments?post=185540"}],"version-history":[{"count":0,"href":"https:\/\/linitiative.ca\/International\/wp-json\/wp\/v2\/posts\/185540\/revisions"}],"wp:featuredmedia":[{"embeddable":true,"href":"https:\/\/linitiative.ca\/International\/wp-json\/wp\/v2\/media\/185541"}],"wp:attachment":[{"href":"https:\/\/linitiative.ca\/International\/wp-json\/wp\/v2\/media?parent=185540"}],"wp:term":[{"taxonomy":"category","embeddable":true,"href":"https:\/\/linitiative.ca\/International\/wp-json\/wp\/v2\/categories?post=185540"},{"taxonomy":"post_tag","embeddable":true,"href":"https:\/\/linitiative.ca\/International\/wp-json\/wp\/v2\/tags?post=185540"}],"curies":[{"name":"wp","href":"https:\/\/api.w.org\/{rel}","templated":true}]}}