{"id":18597,"date":"2019-03-01T05:08:02","date_gmt":"2019-03-01T10:08:02","guid":{"rendered":"https:\/\/linitiative.ca\/International\/langue-arabe-listiqlal-rattrape-par-ses-vieux-demons\/"},"modified":"2019-03-01T05:08:02","modified_gmt":"2019-03-01T10:08:02","slug":"langue-arabe-listiqlal-rattrape-par-ses-vieux-demons","status":"publish","type":"post","link":"https:\/\/linitiative.ca\/International\/langue-arabe-listiqlal-rattrape-par-ses-vieux-demons\/","title":{"rendered":"Langue arabe : L\u2019Istiqlal rattrap\u00e9 par ses vieux d\u00e9mons"},"content":{"rendered":"<p><img decoding=\"async\" class=\"post_layout_5_img\" src=\"http:\/\/aujourdhui.ma\/wp-content\/uploads\/2017\/03\/Nizar-Baraka-.jpg?x29840\" alt=\"Langue arabe : L\u2019Istiqlal rattrap\u00e9 par ses vieux d\u00e9mons\"\/><\/p>\n<p class=\"p1\"><span class=\"s1 c4\"><strong>Nizar Baraka entend achever ce qui a \u00e9t\u00e9 entam\u00e9 dans les ann\u00e9es 80 par son parti \u00e0 l\u2019\u00e9cole publique<\/strong><\/span><span id=\"more-306446\"\/><\/p>\n<div class=\"base-box mom_box_sc_custom mom_box_sc clear c5\" readability=\"9\">\n<p class=\"p1\"><span class=\"s1\"><em>En difficult\u00e9 dans son propre parti depuis son \u00e9lection, Baraka cherche ainsi \u00e0 s\u2019imposer dans le d\u00e9bat public et se refaire une virginit\u00e9 sur la sc\u00e8ne politique.<\/em><\/span><\/p>\n<\/div>\n<p class=\"p1\"><span class=\"s1\">Apr\u00e8s sa r\u00e9forme des ann\u00e9es 80 et ses r\u00e9sultats visibles sur l\u2019\u00e9cole marocaine, le parti de l\u2019Istiqlal revient \u00e0 la charge. En effet, le secr\u00e9taire g\u00e9n\u00e9ral du parti de la balance, Nizar Baraka, de passage r\u00e9cemment dans une rencontre, a oppos\u00e9 son niet \u00e0 l\u2019ouverture sur d\u2019autres langues d\u2019enseignement pour les mati\u00e8res scientifiques. L\u2019Istiqlal qui se projette d\u00e9j\u00e0 en 2021, date des prochaines l\u00e9gislatives, se pose comme d\u00e9fenseur de la langue arabe classique dans ce qui ressemble plut\u00f4t \u00e0 un combat de Don Quichotte.<\/span><\/p>\n<p class=\"p1\"><span class=\"s1\">En difficult\u00e9 dans son propre parti depuis son \u00e9lection, Baraka cherche ainsi \u00e0 s\u2019imposer dans le d\u00e9bat public et se refaire une virginit\u00e9 sur la sc\u00e8ne politique. Le num\u00e9ro un de l\u2019Istiqlal pr\u00e9tend ainsi d\u00e9fendre l\u2019arabe alors que les Marocains ont d\u00e9j\u00e0 tranch\u00e9 cette question en faisant de l\u2019arabe par le biais de la Constitution de 2011 leur langue officielle en plus de l\u2019amazigh. Le responsable de l\u2019Istiqlal cherche en plus \u00e0 biaiser le d\u00e9bat et le transposer \u00e0 un terrain id\u00e9ologique voire identitaire, sachant qu\u2019il n\u2019est pas question de supprimer l\u2019arabe de l\u2019enseignement mais de s\u2019ouvrir sur d\u2019autres langues pour enseigner des mati\u00e8res scientifiques. Sur les pas d\u2019un autre responsable politique aujourd\u2019hui \u00e0 la retraite, le secr\u00e9taire g\u00e9n\u00e9ral de l\u2019istiqlal oublie que son propre parti endosse une responsabilit\u00e9 politique dans la situation actuelle du syst\u00e8me \u00e9ducatif national. Dans les ann\u00e9es 80 qui fut un v\u00e9ritable virage pour l\u2019\u00e9cole marocaine, ce m\u00eame parti a pris des d\u00e9cisions strat\u00e9giques concernant les langues.<\/span><\/p>\n<p class=\"p1\"><span class=\"s1\">La suite est connue de tous. Les r\u00e9sultats de cette politique istiqlalienne sont aujourd\u2019hui encore visibles avec un co\u00fbt tr\u00e8s lourd pour la Nation marocaine. Nizar Baraka, en pr\u00e9tendant d\u00e9fendre les g\u00e9n\u00e9rations futures de ces ogres destructeurs que sont les langues \u00e9trang\u00e8res, oublie ou fait semblant d\u2019oublier que cette politique sera appliqu\u00e9e et applicable uniquement pour les familles marocaines qui n\u2019ont pas les moyens financiers de placer leurs enfants dans des missions \u00e9trang\u00e8res ou des \u00e9coles priv\u00e9es. Les autres familles que M. Baraka fr\u00e9quente et conna\u00eet bien peut-\u00eatre auront toujours le loisir de choisir les \u00e9coles et les langues d\u2019enseignement.<\/span><\/p>\n<p class=\"p1\"><span class=\"s1\">Une situation qui a pour r\u00e9sultat direct de maintenir une \u00e9quation et surtout un avantage sur les autres enfants du peuple qui n\u2019ont pas d\u2019autres choix que de subir la politique de Baraka &#038; Co. Il aurait \u00e9t\u00e9 probablement plus facile pour le chef de l\u2019Istiqlal de convaincre s\u2019il avait propos\u00e9 de nouvelles pistes de r\u00e9forme pour rattraper le retard et placer le syst\u00e8me \u00e9ducatif sur les bons rails. Mais au contraire, le num\u00e9ro un du parti de la balance entend faire du neuf avec du vieux. L\u2019application des m\u00eames m\u00e9thodes des ann\u00e9es 80, et les m\u00eames recettes qui ont r\u00e9v\u00e9l\u00e9 leur \u00e9chec, n\u2019aura d\u2019autres r\u00e9sultats que faire perdre du temps, de l\u2019effort et de l\u2019argent aux familles marocaines qui ne peuvent subir les m\u00eames choix qui ont conduit, dans les ann\u00e9es 80 et en 2011 aux r\u00e9sultats que tous les Marocains connaissent bien\u2026<\/span><\/p>\n<p class=\"p1\"><span class=\"c6\"><strong><span class=\"s1\">Blocage\u00a0<\/span><span class=\"s1\">au Parlement<\/span><\/strong><\/span><\/p>\n<p class=\"p1\"><a href=\"http:\/\/aujourdhui.ma\/wp-content\/uploads\/2018\/12\/Parlement-Vote.jpg?x29840\"><img loading=\"lazy\" decoding=\"async\" class=\"wp-image-301693 alignleft\" src=\"http:\/\/aujourdhui.ma\/wp-content\/uploads\/2018\/12\/Parlement-Vote.jpg?x29840\" alt=\"\" width=\"394\" height=\"201\" srcset=\"http:\/\/aujourdhui.ma\/wp-content\/uploads\/2018\/12\/Parlement-Vote.jpg 746w, http:\/\/aujourdhui.ma\/wp-content\/uploads\/2018\/12\/Parlement-Vote-300x153.jpg 300w\" sizes=\"auto, (max-width: 394px) 100vw, 394px\"\/><\/a>Le projet de loi-cadre 51.17 relatif au syst\u00e8me de l\u2019\u00e9ducation nationale, de la formation et de la recherche scientifique devait \u00eatre adopt\u00e9 au cours de la session parlementaire de l\u2019automne. Seulement voil\u00e0, le texte conna\u00eet un retard en raison des divergences entre les groupes parlementaires.<\/p>\n<p class=\"p1\">Alors que des mesures sont pr\u00e9vues afin de s\u2019ouvrir \u00e0 de nouvelles langues d\u2019enseignement, notamment concernant les mati\u00e8res scientifiques, des groupes parlementaires pensent plut\u00f4t qu\u2019il faut donner la priorit\u00e9 uniquement \u00e0 l\u2019arabe classique.<\/p>\n<p class=\"p1\">Ces derniers brandissent la Constitution en particulier l\u2019article 5. Ces divergences font craindre un retard suppl\u00e9mentaire dans l\u2019adoption de la loi-cadre et conna\u00eetre ainsi le m\u00eame sort que le projet de loi organique relatif au Conseil national des langues et de la culture marocaine. Cela fait de longs mois que le texte est aux mains des d\u00e9put\u00e9s en raison encore une fois des divergences concernant la promotion des langues \u00e9trang\u00e8res.<\/p>\n<div class=\"base-box mom_box_sc_custom mom_box_sc clear c10\" readability=\"33\">\n<p class=\"p1\"><span class=\"c7\"><strong><span class=\"s1\">Une place de choix pour les langues<\/span><\/strong><\/span><\/p>\n<p class=\"p1\"><span class=\"c9\"><a class=\"c8\" href=\"http:\/\/aujourdhui.ma\/wp-content\/uploads\/2016\/02\/308151256-3-e1474624577392.jpg?x29840\"><img loading=\"lazy\" decoding=\"async\" class=\"wp-image-178841 alignleft\" src=\"http:\/\/aujourdhui.ma\/wp-content\/uploads\/2016\/02\/308151256-3-e1474624577392.jpg?x29840\" alt=\"\" width=\"470\" height=\"239\" srcset=\"http:\/\/aujourdhui.ma\/wp-content\/uploads\/2016\/02\/308151256-3-e1474624577392.jpg 746w, http:\/\/aujourdhui.ma\/wp-content\/uploads\/2016\/02\/308151256-3-e1474624577392-300x153.jpg 300w\" sizes=\"auto, (max-width: 470px) 100vw, 470px\"\/><\/a>Dans la future loi-cadre relative au syst\u00e8me de l\u2019\u00e9ducation nationale, de la formation et de la recherche scientifique, une place de choix est accord\u00e9e aux langues. Le but est de permettre aux \u00e9l\u00e8ves marocains de ma\u00eetriser l\u2019arabe et l\u2019amazigh qui sont les deux langues officielles, en plus de deux autres langues \u00e9trang\u00e8res.<\/span><\/p>\n<p class=\"p1\"><span class=\"c9\">Pour ce faire, il est question d\u2019introduire dans le syst\u00e8me \u00e9ducatif national une multiplicit\u00e9 linguistique d\u2019une mani\u00e8re progressive et \u00e9quilibr\u00e9e. Par ailleurs, le projet de loi-cadre 51.17 relatif au syst\u00e8me de l\u2019\u00e9ducation nationale, de la formation et de la recherche scientifique facilitera la mise en \u0153uvre des dispositions de la vision strat\u00e9gique de la r\u00e9forme 2015-2030. Une s\u00e9rie de mesures est pr\u00e9vue.<\/span><\/p>\n<p class=\"p1\"><span class=\"c9\">Celles-ci concernent notamment la r\u00e9novation des m\u00e9tiers de l\u2019enseignement, la formation et la gestion, la restructuration du syst\u00e8me de l\u2019\u00e9ducation, la formation et la recherche scientifique et l\u2019interconnexion entre ses composantes, la r\u00e9vision des approches, programmes et manuels p\u00e9dagogiques\u2026<\/span><\/p>\n<\/div>\n<p>Auteur: Mohamed Badrane<br \/>\n<a href=\"http:\/\/aujourdhui.ma\/politique\/langue-arabe-listiqlal-rattrape-par-ses-vieux-demons\">Cliquez ici pour lire l&rsquo;article depuis sa source.<\/a><\/p>\n","protected":false},"excerpt":{"rendered":"<p>Nizar Baraka entend achever ce qui a \u00e9t\u00e9 entam\u00e9 dans les ann\u00e9es 80 par son parti \u00e0 l\u2019\u00e9cole publique En difficult\u00e9 dans son propre parti depuis son \u00e9lection, Baraka cherche ainsi \u00e0 s\u2019imposer dans le d\u00e9bat public et se refaire une virginit\u00e9 sur la sc\u00e8ne politique. Apr\u00e8s sa r\u00e9forme des ann\u00e9es 80 et ses r\u00e9sultats [&hellip;]<\/p>\n","protected":false},"author":1759,"featured_media":0,"comment_status":"closed","ping_status":"closed","sticky":false,"template":"","format":"standard","meta":{"fifu_image_url":"","fifu_image_alt":"","footnotes":""},"categories":[73,54],"tags":[],"class_list":["post-18597","post","type-post","status-publish","format-standard","hentry","category-actualite","category-maroc"],"_links":{"self":[{"href":"https:\/\/linitiative.ca\/International\/wp-json\/wp\/v2\/posts\/18597","targetHints":{"allow":["GET"]}}],"collection":[{"href":"https:\/\/linitiative.ca\/International\/wp-json\/wp\/v2\/posts"}],"about":[{"href":"https:\/\/linitiative.ca\/International\/wp-json\/wp\/v2\/types\/post"}],"author":[{"embeddable":true,"href":"https:\/\/linitiative.ca\/International\/wp-json\/wp\/v2\/users\/1759"}],"replies":[{"embeddable":true,"href":"https:\/\/linitiative.ca\/International\/wp-json\/wp\/v2\/comments?post=18597"}],"version-history":[{"count":0,"href":"https:\/\/linitiative.ca\/International\/wp-json\/wp\/v2\/posts\/18597\/revisions"}],"wp:attachment":[{"href":"https:\/\/linitiative.ca\/International\/wp-json\/wp\/v2\/media?parent=18597"}],"wp:term":[{"taxonomy":"category","embeddable":true,"href":"https:\/\/linitiative.ca\/International\/wp-json\/wp\/v2\/categories?post=18597"},{"taxonomy":"post_tag","embeddable":true,"href":"https:\/\/linitiative.ca\/International\/wp-json\/wp\/v2\/tags?post=18597"}],"curies":[{"name":"wp","href":"https:\/\/api.w.org\/{rel}","templated":true}]}}