{"id":18905,"date":"2019-03-02T10:38:42","date_gmt":"2019-03-02T15:38:42","guid":{"rendered":"https:\/\/linitiative.ca\/International\/megarama-goya-le-nouveau-complexe-cinematographique-de-tanger\/"},"modified":"2019-03-02T10:38:42","modified_gmt":"2019-03-02T15:38:42","slug":"megarama-goya-le-nouveau-complexe-cinematographique-de-tanger","status":"publish","type":"post","link":"https:\/\/linitiative.ca\/International\/megarama-goya-le-nouveau-complexe-cinematographique-de-tanger\/","title":{"rendered":"\u00ab\u00a0Megarama Goya\u00a0\u00bb : le nouveau complexe cin\u00e9matographique de Tanger"},"content":{"rendered":"<p>L\u2019inauguration officielle du cin\u00e9ma <strong>\u00ab\u00a0Megarama Goya\u00a0\u00bb<\/strong> de Tanger a eu lieu, samedi matin, en marge de la 20\u00e8 \u00e9dition du Festival national du film de Tanger (FNFT) qui se tient du 1er au 09 mars.<\/p>\n<div class=\"c10\"\/>\n<p>Ce complexe cin\u00e9matographique situ\u00e9 au centre-ville a \u00e9t\u00e9 inaugur\u00e9 par le ministre de la Culture et de la Communication, Mohamed Laaraj, le wali de la r\u00e9gion de Tanger-T\u00e9touan-Al Hoceima, gouverneur de la pr\u00e9fecture de Tanger-Assilah, Mohamed Mhidia, le directeur du Centre cin\u00e9matographique marocain (CCM), Sarim Fassi Fihri et le directeur g\u00e9n\u00e9ral d\u2019exploitation Megarama, Youssef Benwakrim, ainsi que plusieurs personnalit\u00e9s du monde de l\u2019art.<\/p>\n<p>Le manque de salles de cin\u00e9ma et des infrastructures cin\u00e9matographiques pose un vrai probl\u00e8me, a d\u00e9plor\u00e9 le ministre, notant que ce nouveau plan insufflera une nouvelle dynamique au cin\u00e9ma marocain et encouragera l\u2019ouverture des salles de cin\u00e9ma dans les diff\u00e9rentes r\u00e9gions du Royaume.<\/p>\n<p>Cette dynamique permettra de promouvoir la culture cin\u00e9matographique et d\u2019accompagner les derni\u00e8res nouveaut\u00e9s du 7\u00e8 art, a-t-il indiqu\u00e9, mettant en avant la place de choix qu\u2019accorde son d\u00e9partement au d\u00e9veloppement de l\u2019industrie cin\u00e9matographique nationale.<\/p>\n<p>Pour sa part, Benwakrim s\u2019est dit \u00ab\u00a0tr\u00e8s heureux\u00a0\u00bb de l\u2019ouverture de ce site, soulignant \u00ab\u00a0qu\u2019en plus de la projection des films nationaux et internationaux, ce complexe abritera plusieurs manifestations culturelles et accompagnera des festivals, dont le FNFT\u00a0\u00bb.<\/p>\n<p>Ce complexe, qui a n\u00e9cessit\u00e9 un budget de 20 millions de dirhams, comprend une grande salle avec une capacit\u00e9 de 440 fauteuils et deux autres au rez-de-chauss\u00e9e avec 80 places chacune, a-t-il relev\u00e9.<\/p>\n<p>Megarama Goya dispose du plus grand \u00e9cran de la ville de Tanger et propose des projections en num\u00e9rique et en 3D, a-t-il fait savoir, ajoutant qu\u2019apr\u00e8s la premi\u00e8re ouverture de Megarama city mall, il \u00e9tait fondamental d\u2019avoir une pr\u00e9sence au c\u0153ur de la ville de Tanger.<\/p>\n<p>Les longs-m\u00e9trages hors comp\u00e9tition du FNFT sont projet\u00e9s \u00e0 Megarama Goya. Il s\u2019agit de \u00ab\u00a0De sable et de feu\u00a0\u00bb de Souheil Benbarka, \u00ab\u00a0Amparo 54\u00a0\u00bb de Maria Dobli, \u00ab\u00a0Le grand petit Miloud, une \u00e9chapp\u00e9e d\u2019antan\u00a0\u00bb de Leila El Amine Demnati, \u00ab\u00a0Nomades\u00a0\u00bb de Olivier Coussemacq, \u00ab\u00a0Renaut 12\u00a0\u00bb de Mohamed El Khatib, \u00ab\u00a0Taxi Bied\u00a0\u00bb de Moncef Malzi et \u00ab\u00a0Echos du Sahara\u00a0\u00bb de Rachid Kasmi.<\/p>\n<p>Plac\u00e9 sous le Haut patronage de SM le Roi Mohammed VI, ce rendez-vous artistique incontournable, qui c\u00e9l\u00e8bre le film marocain, favorise le d\u00e9veloppement de la production cin\u00e9matographique nationale et contribue \u00e0 la diffusion du film r\u00e9alis\u00e9 par des cin\u00e9astes marocains.<\/p>\n<div class=\"c17\">\n<fieldset class=\"c16\">\n<legend><strong><span class=\"c11\">Challenge<\/span><span class=\"c12\">news<\/span><\/strong><\/legend>\n<div class=\"c15\">Le meilleur de la r\u00e9daction s\u00e9lectionn\u00e9 par Challenge :<\/p>\n<\/div>\n<\/fieldset>\n<\/div>\n<p>Auteur: Hassan Manyani<br \/>\n<a href=\"https:\/\/www.challenge.ma\/megarama-goya-le-nouveau-complexe-cinematographique-de-tanger-105629\/\">Cliquez ici pour lire l&rsquo;article depuis sa source.<\/a><\/p>\n","protected":false},"excerpt":{"rendered":"<p>L\u2019inauguration officielle du cin\u00e9ma \u00ab\u00a0Megarama Goya\u00a0\u00bb de Tanger a eu lieu, samedi matin, en marge de la 20\u00e8 \u00e9dition du Festival national du film de Tanger (FNFT) qui se tient du 1er au 09 mars. Ce complexe cin\u00e9matographique situ\u00e9 au centre-ville a \u00e9t\u00e9 inaugur\u00e9 par le ministre de la Culture et de la Communication, Mohamed [&hellip;]<\/p>\n","protected":false},"author":1787,"featured_media":0,"comment_status":"closed","ping_status":"closed","sticky":false,"template":"","format":"standard","meta":{"fifu_image_url":"","fifu_image_alt":"","footnotes":""},"categories":[78,54],"tags":[],"class_list":["post-18905","post","type-post","status-publish","format-standard","hentry","category-economie","category-maroc"],"_links":{"self":[{"href":"https:\/\/linitiative.ca\/International\/wp-json\/wp\/v2\/posts\/18905","targetHints":{"allow":["GET"]}}],"collection":[{"href":"https:\/\/linitiative.ca\/International\/wp-json\/wp\/v2\/posts"}],"about":[{"href":"https:\/\/linitiative.ca\/International\/wp-json\/wp\/v2\/types\/post"}],"author":[{"embeddable":true,"href":"https:\/\/linitiative.ca\/International\/wp-json\/wp\/v2\/users\/1787"}],"replies":[{"embeddable":true,"href":"https:\/\/linitiative.ca\/International\/wp-json\/wp\/v2\/comments?post=18905"}],"version-history":[{"count":0,"href":"https:\/\/linitiative.ca\/International\/wp-json\/wp\/v2\/posts\/18905\/revisions"}],"wp:attachment":[{"href":"https:\/\/linitiative.ca\/International\/wp-json\/wp\/v2\/media?parent=18905"}],"wp:term":[{"taxonomy":"category","embeddable":true,"href":"https:\/\/linitiative.ca\/International\/wp-json\/wp\/v2\/categories?post=18905"},{"taxonomy":"post_tag","embeddable":true,"href":"https:\/\/linitiative.ca\/International\/wp-json\/wp\/v2\/tags?post=18905"}],"curies":[{"name":"wp","href":"https:\/\/api.w.org\/{rel}","templated":true}]}}