{"id":18908,"date":"2019-03-02T08:50:02","date_gmt":"2019-03-02T13:50:02","guid":{"rendered":"https:\/\/linitiative.ca\/International\/rdc-tshisekedi-promet-la-grace-presidentielle-pour-les-prisonniers-politiques\/"},"modified":"2019-03-02T08:50:02","modified_gmt":"2019-03-02T13:50:02","slug":"rdc-tshisekedi-promet-la-grace-presidentielle-pour-les-prisonniers-politiques","status":"publish","type":"post","link":"https:\/\/linitiative.ca\/International\/rdc-tshisekedi-promet-la-grace-presidentielle-pour-les-prisonniers-politiques\/","title":{"rendered":"RDC : Tshisekedi promet la gr\u00e2ce pr\u00e9sidentielle pour les \u00ab\u00a0prisonniers politiques\u00a0\u00bb"},"content":{"rendered":"<div readability=\"32\">\n<p>Publi\u00e9 le 02.03.2019 \u00e0 14h50 par AFP<\/p>\n<\/div>\n<div readability=\"104\">\n<p>Le nouveau pr\u00e9sident congolais F\u00e9lix Tshisekedi a promis samedi d\u2019accorder, dans les dix jours, la gr\u00e2ce pr\u00e9sidentielle aux prisonniers politiques et d\u2019\u0153uvrer pour un retour rapide des exil\u00e9s politiques en R\u00e9publique d\u00e9mocratique du Congo.<\/p>\n<p>\u00ab\u00a0Pour consolider les acquis de la d\u00e9mocratie dans notre pays, j\u2019ai d\u00e9cid\u00e9 de faire de la d\u00e9crispation un objectif majeur pendant les cent premiers jours\u00a0\u00bb de mon mandat, a d\u00e9clar\u00e9 M. Tshisekedi lors d\u2019une c\u00e9r\u00e9monie devant les membres du gouvernement et autres responsables des institutions congolaises.<\/p>\n<p>\u00ab\u00a0A cet effet, dans les dix jours, je vais prendre une mesure de gr\u00e2ce pr\u00e9sidentielle au b\u00e9n\u00e9fice des prisonniers politiques ayant \u00e9t\u00e9 condamn\u00e9s par des d\u00e9cisions coul\u00e9es en force de choses jug\u00e9es\u00a0\u00bb, a annonc\u00e9 le chef de l\u2019\u00c9tat en pr\u00e9sentant son programme pour ses cent premiers jours au pouvoir.<\/p>\n<p>M. Tshisekedi a \u00e9galement promis d&rsquo;\u00a0\u00bbinstruire le ministre de la Justice de prendre dans le m\u00eame d\u00e9lai toutes les mesures n\u00e9cessaires, dans les conditions pr\u00e9vues par la loi, pour une lib\u00e9ration conditionnelle de toutes les personnes d\u00e9tenues pour des d\u00e9lits d\u2019opinion, notamment dans le cadre des manifestations politiques avant les \u00e9lections\u00a0\u00bb du 30 d\u00e9cembre dernier.<\/p>\n<p>\u00ab\u00a0Dans le m\u00eame ordre d\u2019id\u00e9e, je vais \u0153uvrer activement \u00e0 cr\u00e9er les conditions d\u2019un retour rapide des compatriotes qui se trouvent actuellement \u00e0 l\u2019ext\u00e9rieur du pays pour des raisons politiques afin qu\u2019ils y exercent leurs activit\u00e9s dans le respect de la loi et des institutions r\u00e9publicaines\u00a0\u00bb, a-t-il ajout\u00e9.<\/p>\n<p>Parmi les personnes consid\u00e9r\u00e9es comme exil\u00e9s politiques figure l\u2019opposant Mo\u00efse Katumbi, ex-meilleur alli\u00e9 de l\u2019ancien pr\u00e9sident Joseph Kabila, et qui vit aujourd\u2019hui en Belgique. M. Katumbi est pass\u00e9 \u00e0 l\u2019opposition en 2015 et a quitt\u00e9 la RDC en mai 2016 pour des raisons m\u00e9dicales en plein d\u00e9m\u00eal\u00e9s judiciaires. Il n\u2019a pas pu se pr\u00e9senter \u00e0 l\u2019\u00e9lection de d\u00e9cembre.<\/p>\n<p><ins data-revive-zoneid=\"9\" data-revive-id=\"10111e19d28d19d031742ee3b0b33eb0\"\/> <\/p>\n<p>Ancien opposant, F\u00e9lix Tshisekedi a \u00e9t\u00e9 investi pr\u00e9sident de la RDC le 24 janvier pour succ\u00e9der \u00e0 M. Kabila (2001-2018).<\/p>\n<p>Pr\u00e9sentant samedi le programme d\u2019urgence de ses 100 premiers jours \u00e0 la t\u00eate du pays, M. Tshisekedi a fait un tour d\u2019horizon de la situation s\u00e9curitaire, politique, sociale, \u2026 et a fait des promesses pour un mieux \u00eatre de la population.<\/p>\n<p>Quant au secteur de la justice, \u00ab\u00a0je vais veiller \u00e0 ce que la justice soit administr\u00e9e par des personnes int\u00e8gres et aux valeurs morales irr\u00e9prochables, dispos\u00e9es \u00e0 lutter contre la corruption\u00a0\u00bb dans le pays, a-t-il ajout\u00e9.<\/p>\n<p>S\u2019agissant de l\u2019important secteur \u00e9conomique des mines, \u00ab\u00a0nous allons assainir le climat des affaires par la vulgarisation du nouveau code minier et dans la conclusion des contrats miniers gagnant-gagnant. Je serai attentif aux dol\u00e9ances des op\u00e9rateurs miniers et autres secteurs \u00e0 travers un dialogue permanent\u00a0\u00bb, a-t-il promis.<\/p>\n<p>M. Tshisekedi a appel\u00e9 les Congolais \u00ab\u00a0au changement de mentalit\u00e9 notamment par le respect de la vie humaine, de droit et de libert\u00e9 pour tous\u00a0\u00bb et les a invit\u00e9s \u00e0 faire le suivi de son programme.<\/p>\n<\/div>\n<p>Auteur: AFP<br \/>\n<a href=\"https:\/\/www.journalducameroun.com\/rdc-tshisekedi-promet-la-grace-presidentielle-pour-les-prisonniers-politiques\/\">Cliquez ici pour lire l&rsquo;article depuis sa source.<\/a><\/p>\n","protected":false},"excerpt":{"rendered":"<p>Publi\u00e9 le 02.03.2019 \u00e0 14h50 par AFP Le nouveau pr\u00e9sident congolais F\u00e9lix Tshisekedi a promis samedi d\u2019accorder, dans les dix jours, la gr\u00e2ce pr\u00e9sidentielle aux prisonniers politiques et d\u2019\u0153uvrer pour un retour rapide des exil\u00e9s politiques en R\u00e9publique d\u00e9mocratique du Congo. \u00ab\u00a0Pour consolider les acquis de la d\u00e9mocratie dans notre pays, j\u2019ai d\u00e9cid\u00e9 de faire [&hellip;]<\/p>\n","protected":false},"author":1965,"featured_media":0,"comment_status":"closed","ping_status":"closed","sticky":false,"template":"","format":"standard","meta":{"fifu_image_url":"","fifu_image_alt":"","footnotes":""},"categories":[73,82],"tags":[],"class_list":["post-18908","post","type-post","status-publish","format-standard","hentry","category-actualite","category-cameroun"],"_links":{"self":[{"href":"https:\/\/linitiative.ca\/International\/wp-json\/wp\/v2\/posts\/18908","targetHints":{"allow":["GET"]}}],"collection":[{"href":"https:\/\/linitiative.ca\/International\/wp-json\/wp\/v2\/posts"}],"about":[{"href":"https:\/\/linitiative.ca\/International\/wp-json\/wp\/v2\/types\/post"}],"author":[{"embeddable":true,"href":"https:\/\/linitiative.ca\/International\/wp-json\/wp\/v2\/users\/1965"}],"replies":[{"embeddable":true,"href":"https:\/\/linitiative.ca\/International\/wp-json\/wp\/v2\/comments?post=18908"}],"version-history":[{"count":0,"href":"https:\/\/linitiative.ca\/International\/wp-json\/wp\/v2\/posts\/18908\/revisions"}],"wp:attachment":[{"href":"https:\/\/linitiative.ca\/International\/wp-json\/wp\/v2\/media?parent=18908"}],"wp:term":[{"taxonomy":"category","embeddable":true,"href":"https:\/\/linitiative.ca\/International\/wp-json\/wp\/v2\/categories?post=18908"},{"taxonomy":"post_tag","embeddable":true,"href":"https:\/\/linitiative.ca\/International\/wp-json\/wp\/v2\/tags?post=18908"}],"curies":[{"name":"wp","href":"https:\/\/api.w.org\/{rel}","templated":true}]}}