{"id":18914,"date":"2019-03-02T09:18:03","date_gmt":"2019-03-02T14:18:03","guid":{"rendered":"https:\/\/linitiative.ca\/International\/uemoa-hausse-de-11-des-prix-a-la-consommation-en-decembre\/"},"modified":"2019-03-02T09:18:03","modified_gmt":"2019-03-02T14:18:03","slug":"uemoa-hausse-de-11-des-prix-a-la-consommation-en-decembre","status":"publish","type":"post","link":"https:\/\/linitiative.ca\/International\/uemoa-hausse-de-11-des-prix-a-la-consommation-en-decembre\/","title":{"rendered":"UEMOA : Hausse de 1,1% des prix \u00e0 la consommation en d\u00e9cembre"},"content":{"rendered":"<div readability=\"32\">\n<p>Publi\u00e9 le 02.03.2019 \u00e0 15h18 par APA News<\/p>\n<\/div>\n<div readability=\"54\">\n<p>Les prix \u00e0 la consommation dans les pays de l\u2019Union \u00e9conomique et mon\u00e9taire ouest africaine (UEMOA) ont progress\u00e9, en glissement annuel, de 1,1% \u00e0 fin d\u00e9cembre 2018, apr\u00e8s une r\u00e9alisation de 1,0% le mois pr\u00e9c\u00e9dent, a appris samedi APA aupr\u00e8s de la Banque Centrale des Etats de l\u2019Afrique de l\u2019Ouest (BCEAO).Selon l\u2019institut d\u2019\u00e9mission, la l\u00e9g\u00e8re acc\u00e9l\u00e9ration du rythme de progression du niveau g\u00e9n\u00e9ral des prix est imprim\u00e9e pour l\u2019essentiel par la composante \u00a0Alimentation, dont la contribution \u00e0 l\u2019inflation totale est ressortie \u00e0 plus 0,1 point de pourcentage \u00e0 fin d\u00e9cembre 2018 contre moins 0,1 point de pourcentage un mois plus t\u00f4t. \u00ab L\u2019augmentation des prix des produits alimentaires s\u2019explique principalement par le rench\u00e9rissement des produits de la p\u00eache ainsi que des l\u00e9gumes frais, notamment au S\u00e9n\u00e9gal et au Togo, en rapport avec la baisse de l\u2019offre \u00bb, avance la BCEAO.<\/p>\n<p>La hausse du niveau g\u00e9n\u00e9ral des prix \u00e0 la consommation a toutefois \u00e9t\u00e9 att\u00e9nu\u00e9e par une moindre progression des prix de la fonction \u00a0Logement , en liaison avec des effets de base observ\u00e9s en d\u00e9cembre 2017 en C\u00f4te d\u2019Ivoire, o\u00f9 un rench\u00e9rissement des loyers avait \u00e9t\u00e9 enregistr\u00e9.<\/p>\n<p><ins data-revive-zoneid=\"9\" data-revive-id=\"10111e19d28d19d031742ee3b0b33eb0\"\/> <\/div>\n<p>Auteur: APA News<br \/>\n<a href=\"https:\/\/www.journalducameroun.com\/uemoa-hausse-de-11-des-prix-a-la-consommation-en-decembre\/\">Cliquez ici pour lire l&rsquo;article depuis sa source.<\/a><\/p>\n","protected":false},"excerpt":{"rendered":"<p>Publi\u00e9 le 02.03.2019 \u00e0 15h18 par APA News Les prix \u00e0 la consommation dans les pays de l\u2019Union \u00e9conomique et mon\u00e9taire ouest africaine (UEMOA) ont progress\u00e9, en glissement annuel, de 1,1% \u00e0 fin d\u00e9cembre 2018, apr\u00e8s une r\u00e9alisation de 1,0% le mois pr\u00e9c\u00e9dent, a appris samedi APA aupr\u00e8s de la Banque Centrale des Etats de [&hellip;]<\/p>\n","protected":false},"author":1965,"featured_media":0,"comment_status":"closed","ping_status":"closed","sticky":false,"template":"","format":"standard","meta":{"fifu_image_url":"","fifu_image_alt":"","footnotes":""},"categories":[73,82],"tags":[],"class_list":["post-18914","post","type-post","status-publish","format-standard","hentry","category-actualite","category-cameroun"],"_links":{"self":[{"href":"https:\/\/linitiative.ca\/International\/wp-json\/wp\/v2\/posts\/18914","targetHints":{"allow":["GET"]}}],"collection":[{"href":"https:\/\/linitiative.ca\/International\/wp-json\/wp\/v2\/posts"}],"about":[{"href":"https:\/\/linitiative.ca\/International\/wp-json\/wp\/v2\/types\/post"}],"author":[{"embeddable":true,"href":"https:\/\/linitiative.ca\/International\/wp-json\/wp\/v2\/users\/1965"}],"replies":[{"embeddable":true,"href":"https:\/\/linitiative.ca\/International\/wp-json\/wp\/v2\/comments?post=18914"}],"version-history":[{"count":0,"href":"https:\/\/linitiative.ca\/International\/wp-json\/wp\/v2\/posts\/18914\/revisions"}],"wp:attachment":[{"href":"https:\/\/linitiative.ca\/International\/wp-json\/wp\/v2\/media?parent=18914"}],"wp:term":[{"taxonomy":"category","embeddable":true,"href":"https:\/\/linitiative.ca\/International\/wp-json\/wp\/v2\/categories?post=18914"},{"taxonomy":"post_tag","embeddable":true,"href":"https:\/\/linitiative.ca\/International\/wp-json\/wp\/v2\/tags?post=18914"}],"curies":[{"name":"wp","href":"https:\/\/api.w.org\/{rel}","templated":true}]}}