{"id":18926,"date":"2019-03-02T09:50:03","date_gmt":"2019-03-02T14:50:03","guid":{"rendered":"https:\/\/linitiative.ca\/International\/bresil-breve-sortie-de-prison-de-lula-pour-les-obseques-de-son-petit-fils\/"},"modified":"2019-03-02T09:50:03","modified_gmt":"2019-03-02T14:50:03","slug":"bresil-breve-sortie-de-prison-de-lula-pour-les-obseques-de-son-petit-fils","status":"publish","type":"post","link":"https:\/\/linitiative.ca\/International\/bresil-breve-sortie-de-prison-de-lula-pour-les-obseques-de-son-petit-fils\/","title":{"rendered":"Br\u00e9sil: br\u00e8ve sortie de prison de Lula pour les obs\u00e8ques de son petit-fils"},"content":{"rendered":"<div readability=\"32\">\n<p>Publi\u00e9 le 02.03.2019 \u00e0 15h50 par AFP<\/p>\n<\/div>\n<div readability=\"147\">\n<p>L\u2019ex-pr\u00e9sident br\u00e9silien Lula est arriv\u00e9 samedi \u00e0 Sao Paulo sous escorte polici\u00e8re, apr\u00e8s avoir obtenu une permission de sortie de prison de quelques heures pour assister aux obs\u00e8ques de son petit-fils d\u00e9c\u00e9d\u00e9 \u00e0 l\u2019\u00e2ge de sept ans.<\/p>\n<p>Le chef historique de la gauche br\u00e9silienne a quitt\u00e9 en d\u00e9but de matin\u00e9e sa cellule de Curitiba \u2014 o\u00f9 il purge une peine de plus de 12 ans de prison pour corruption \u2014 par h\u00e9licopt\u00e8re. Il a ensuite embarqu\u00e9 \u00e0 bord d\u2019un avion pour Sao Paulo (sud-est), \u00e0 400 km de l\u00e0, a constat\u00e9 l\u2019AFP.<\/p>\n<p>Luiz Inacio Lula da Silva avait \u00e9t\u00e9 autoris\u00e9 tard vendredi par la justice \u00e0 quitter le si\u00e8ge de la police f\u00e9d\u00e9rale, o\u00f9 il est incarc\u00e9r\u00e9 depuis avril 2018, pour se rendre aux obs\u00e8ques du petit Arthur, l\u2019un de ses petits-enfants d\u00e9c\u00e9d\u00e9 d\u2019une m\u00e9ningite.<\/p>\n<p>\u00ab\u00a0La participation de Lula aux obs\u00e8ques a \u00e9t\u00e9 autoris\u00e9e. Afin de pr\u00e9server l\u2019intimit\u00e9 de la famille et la s\u00e9curit\u00e9 non seulement du d\u00e9tenu mais aussi celle du public, les d\u00e9tails du voyage seront secrets\u00a0\u00bb, avait annonc\u00e9 la Justice f\u00e9d\u00e9rale du Parana, dont Curitiba est la capitale.<\/p>\n<p>L\u2019ex-pr\u00e9sident de 73 ans \u00e9tait attendu au cimeti\u00e8re de Sao Bernardo do Campo, en banlieue de Sao Paulo, o\u00f9 doit \u00eatre incin\u00e9r\u00e9 \u00e0 12H00 (15H00 GMT) Arthur, fils de Sandro Luiz Lula da Silva, l\u2019un de ses cinq fils.<\/p>\n<p>De nombreux proches de l\u2019ancien chef d\u2019Etat \u00e9taient pr\u00e9sents, y compris l\u2019ex-pr\u00e9sidente Dilma Rousseff qui lui avait succ\u00e9d\u00e9 et des sympathisants v\u00eatus de la couleur rouge du Parti des Travailleurs (PT) de Lula, qui reste tr\u00e8s aim\u00e9 de millions de Br\u00e9siliens.<\/p>\n<p>C\u2019est la deuxi\u00e8me fois que l\u2019ex-dirigeant sort de prison. En novembre, il avait quitt\u00e9 sa cellule pendant quelques heures pour se rendre \u00e0 un interrogatoire \u00e0 Curitiba.<\/p>\n<p>Mais il n\u2019avait \u00e9t\u00e9 autoris\u00e9 \u00e0 assister fin janvier aux obs\u00e8ques de son fr\u00e8re Vava, mort d\u2019un cancer \u00e0 79 ans, qu\u2019une fois celles-ci commenc\u00e9. Il avait alors d\u00e9nonc\u00e9 \u00ab\u00a0une pure m\u00e9chancet\u00e9\u00a0\u00bb.<\/p>\n<p>\u2013 \u00ab\u00a0Un voyou en vue \u00a0\u00bb \u2013<\/p>\n<p>D\u00e9c\u00e9d\u00e9 vendredi dans un h\u00f4pital de Sao Paulo, le petit Arthur avait rendu visite deux fois \u00e0 son grand-p\u00e8re dans sa cellule de Curitiba.<\/p>\n<p><ins data-revive-zoneid=\"9\" data-revive-id=\"10111e19d28d19d031742ee3b0b33eb0\"\/> <\/p>\n<p>M. Lula \u00ab\u00a0est tr\u00e8s triste et dit qu\u2019il ne s\u2019\u00e9tait jamais attendu \u00e0 une nouvelle comme celle-ci\u00a0\u00bb, a expliqu\u00e9 vendredi aux journalistes la pr\u00e9sidente du PT, Gleisi Hoffmann, apr\u00e8s avoir rendu visite \u00e0 l\u2019ex-pr\u00e9sident en prison. \u00ab\u00a0Il est \u00e9mu, abattu, il a pleur\u00e9 plusieurs fois et nous avons essay\u00e9 de le consoler\u00a0\u00bb.<\/p>\n<p>Ce nouveau drame personnel a valu \u00e0 Lula des t\u00e9moignages de sympathie sur les r\u00e9seaux sociaux, y compris de ses ennemis politiques, tel le pr\u00e9sident de l\u2019Assembl\u00e9e nationale Rodrigo Maia, qui lui a exprim\u00e9 sa \u00ab\u00a0totale solidarit\u00e9\u00a0\u00bb.<\/p>\n<p>Mais une fois de plus, l\u2019un des fils du pr\u00e9sident Jair Bolsonaro, le d\u00e9put\u00e9 Eduardo, a cr\u00e9\u00e9 la pol\u00e9mique, en critiquant l\u2019autorisation de sortie de Lula.<\/p>\n<p>\u00ab\u00a0Lula est un prisonnier de droit commun. Quand un parent d\u2019un autre prisonnier meurt, est-il escort\u00e9 lui aussi par la police f\u00e9d\u00e9rale pour aller aux obs\u00e8ques?\u00a0\u00bb a-t-il demand\u00e9 sur Twitter.<\/p>\n<p>\u00ab\u00a0L\u2019autorisation de sortie temporaire de Lula est absurde\u00a0\u00bb, a-t-il ajout\u00e9, \u00ab\u00a0elle ne fait que permettre \u00e0 un voyou en vue de se faire passer pour une pauvre victime\u00a0\u00bb, a-t-il ajout\u00e9, d\u00e9clenchant l\u2019indignation de nombreux internautes.<\/p>\n<p>Face au toll\u00e9, il a publi\u00e9 un deuxi\u00e8me tweet assurant que \u00ab\u00a0hors de toute consid\u00e9ration id\u00e9ologique\u00a0\u00bb, la mort d\u2019un enfant est \u00ab\u00a0d\u00e9solante et ind\u00e9sirable\u00a0\u00bb.<\/p>\n<p>Son p\u00e8re, le pr\u00e9sident Jair Bolsonaro, habituellement tr\u00e8s disert sur Twitter, observait le silence, rompant le code de compassion entre ennemis pour les drames intimes. Il avait souhait\u00e9 \u00e0 Lula de \u00ab\u00a0pourrir en prison\u00a0\u00bb lors de la campagne \u00e9lectorale fin 2018.<\/p>\n<p>La figure iconique de la gauche br\u00e9silienne est emprisonn\u00e9e pour avoir re\u00e7u un appartement en bord de mer de la part d\u2019une entreprise de b\u00e2timent en \u00e9change de faveurs dans l\u2019attribution de march\u00e9s publics.<\/p>\n<p>Le 6 f\u00e9vrier, il a \u00e9t\u00e9 condamn\u00e9 \u00e0 12 ans et 11 mois de prison dans le cadre d\u2019une autre affaire. Il n\u2019a cess\u00e9 de nier toute culpabilit\u00e9 et se dit victime d\u2019une machination destin\u00e9e \u00e0 l\u2019emp\u00eacher de revenir au pouvoir au Br\u00e9sil, dont il a \u00e9t\u00e9 le pr\u00e9sident de 2003 \u00e0 2010.<\/p>\n<\/div>\n<p>Auteur: AFP<br \/>\n<a href=\"https:\/\/www.journalducameroun.com\/bresil-breve-sortie-de-prison-de-lula-pour-les-obseques-de-son-petit-fils\/\">Cliquez ici pour lire l&rsquo;article depuis sa source.<\/a><\/p>\n","protected":false},"excerpt":{"rendered":"<p>Publi\u00e9 le 02.03.2019 \u00e0 15h50 par AFP L\u2019ex-pr\u00e9sident br\u00e9silien Lula est arriv\u00e9 samedi \u00e0 Sao Paulo sous escorte polici\u00e8re, apr\u00e8s avoir obtenu une permission de sortie de prison de quelques heures pour assister aux obs\u00e8ques de son petit-fils d\u00e9c\u00e9d\u00e9 \u00e0 l\u2019\u00e2ge de sept ans. Le chef historique de la gauche br\u00e9silienne a quitt\u00e9 en d\u00e9but [&hellip;]<\/p>\n","protected":false},"author":1965,"featured_media":0,"comment_status":"closed","ping_status":"closed","sticky":false,"template":"","format":"standard","meta":{"fifu_image_url":"","fifu_image_alt":"","footnotes":""},"categories":[73,82],"tags":[],"class_list":["post-18926","post","type-post","status-publish","format-standard","hentry","category-actualite","category-cameroun"],"_links":{"self":[{"href":"https:\/\/linitiative.ca\/International\/wp-json\/wp\/v2\/posts\/18926","targetHints":{"allow":["GET"]}}],"collection":[{"href":"https:\/\/linitiative.ca\/International\/wp-json\/wp\/v2\/posts"}],"about":[{"href":"https:\/\/linitiative.ca\/International\/wp-json\/wp\/v2\/types\/post"}],"author":[{"embeddable":true,"href":"https:\/\/linitiative.ca\/International\/wp-json\/wp\/v2\/users\/1965"}],"replies":[{"embeddable":true,"href":"https:\/\/linitiative.ca\/International\/wp-json\/wp\/v2\/comments?post=18926"}],"version-history":[{"count":0,"href":"https:\/\/linitiative.ca\/International\/wp-json\/wp\/v2\/posts\/18926\/revisions"}],"wp:attachment":[{"href":"https:\/\/linitiative.ca\/International\/wp-json\/wp\/v2\/media?parent=18926"}],"wp:term":[{"taxonomy":"category","embeddable":true,"href":"https:\/\/linitiative.ca\/International\/wp-json\/wp\/v2\/categories?post=18926"},{"taxonomy":"post_tag","embeddable":true,"href":"https:\/\/linitiative.ca\/International\/wp-json\/wp\/v2\/tags?post=18926"}],"curies":[{"name":"wp","href":"https:\/\/api.w.org\/{rel}","templated":true}]}}