{"id":18934,"date":"2019-03-02T09:15:50","date_gmt":"2019-03-02T14:15:50","guid":{"rendered":"https:\/\/linitiative.ca\/International\/tn-fame-video-rencontre-avec-omar-ferraro-directeur-du-centre-culturel-international\/"},"modified":"2019-03-02T09:15:50","modified_gmt":"2019-03-02T14:15:50","slug":"tn-fame-video-rencontre-avec-omar-ferraro-directeur-du-centre-culturel-international","status":"publish","type":"post","link":"https:\/\/linitiative.ca\/International\/tn-fame-video-rencontre-avec-omar-ferraro-directeur-du-centre-culturel-international\/","title":{"rendered":"TN FAME-[vid\u00e9o] Rencontre avec Omar Ferraro, directeur du centre culturel international"},"content":{"rendered":"<div class=\"post-cont-in left relative\">\n<div class=\"nc_socialPanel swp_flatFresh swp_d_fullColor swp_i_fullColor swp_o_fullColor scale-100 scale-fullWidth\" data-position=\"none\" data-float=\"floatNone\" data-count=\"5\" data-floatcolor=\"#ffffff\" data-emphasize=\"0\">\n<div class=\"nc_tweetContainer totes totesalt\" data-id=\"6\"><span class=\"swp_count\"><span class=\"swp_label\">Partages<\/span> 4K<\/span><\/div>\n<\/div>\n<p>Le directeur du centre culturel international de Carthage, Omar Ferraro est notre invit\u00e9 de la Rubrique TN Fame cette semaine.<\/p>\n<p>De\u00a0m\u00e8re tunisienne et de\u00a0p\u00e8re italien, Omar a choisi de s\u2019installer en Tunisie \u00ab\u00a0un pays o\u00f9 on trouve de la chaleur\u00a0\u00bb a-t-il affirm\u00e9<\/p>\n<div class=\"code-block code-block-1 c4\"><ins class=\"adsbygoogle c3\" data-ad-layout=\"in-article\" data-ad-format=\"fluid\" data-ad-client=\"ca-pub-2102118777505746\" data-ad-slot=\"7301775417\"\/> <\/div>\n<p>C\u2019est en Tunisie, qu\u2019il a pr\u00e9f\u00e9r\u00e9 ouvrir son centre culturel, ayant ainsi laiss\u00e9 de c\u00f4t\u00e9 ses \u00e9tudes en droits des soci\u00e9t\u00e9s.<\/p>\n<p>M. Ferraro a confi\u00e9 \u00e0 Tunisienum\u00e9rique qu\u2019\u00e0 travers son centre il a voulu\u00a0 \u00ab\u00a0\u00e9chapper au stress et au train-train de la vie\u00a0\u00bb et partager cette sensation avec ses adh\u00e9rents.<\/p>\n<p>Notre invit\u00e9, nous a indiqu\u00e9 qu\u2019il recevait beaucoup de stagiaires qui viennent des quatre coins du monde et se proposent\u00a0d\u2019animer des stages gratuits pour des niveaux d\u00e9butants. \u00ab C\u2019est une fa\u00e7on \u00e0 nous de permettre aux gens de d\u00e9couvrir les diff\u00e9rentes disciplines qu\u2019offre le Centre\u00a0\u00bba-t-il pr\u00e9cis\u00e9 en ajoutant qu\u2019\u00e0 travers ces\u00a0formations gratuites, il essayait de promouvoir la culture.<\/p>\n<p>M.Ferraro, a affirm\u00e9 que les tunisiens s\u2019int\u00e9ressent de plus en plus \u00e0 la culture\u00a0\u00ab\u00a0pour \u00e9chapper aux\u00a0tensions\u00a0de tous les jours et pouvoir respirer et oublier les chagrins\u00a0\u00bb, comme il nous a dit.<\/p>\n<p>Concernant ses futurs projets, M. Ferrero a d\u00e9clar\u00e9 qu\u2019il souhaitait cr\u00e9er un deuxi\u00e8me si\u00e8ge pour pouvoir continuer \u00e0 promouvoir la culture partout\u00a0en Tunisie.<\/p>\n<div class=\"code-block code-block-2 c4\"><ins class=\"adsbygoogle c3\" data-ad-layout=\"in-article\" data-ad-format=\"fluid\" data-ad-client=\"ca-pub-2102118777505746\" data-ad-slot=\"7301775417\"\/> <\/div>\n<div class=\"mvp-org-wrap mvp-org-logo\" itemprop=\"publisher\" itemscope=\"\" itemtype=\"https:\/\/schema.org\/Organization\"><img decoding=\"async\" src=\"https:\/\/www.tunisienumerique.com\/wp-content\/uploads\/2017\/02\/logo_tunisie_numerique.png\"\/><\/div>\n<div class=\"nc_socialPanel swp_flatFresh swp_d_fullColor swp_i_fullColor swp_o_fullColor scale-100 scale-fullWidth\" data-position=\"none\" data-float=\"floatNone\" data-count=\"5\" data-floatcolor=\"#ffffff\" data-emphasize=\"0\">\n<div class=\"nc_tweetContainer totes totesalt\" data-id=\"6\"><span class=\"swp_count\"><span class=\"swp_label\">Partages<\/span> 4K<\/span><\/div>\n<\/div>\n<div class=\"mvp-related-posts left relative\">\n<h4 class=\"post-header\"><span class=\"post-header\">Lire aussi<\/span><\/h4>\n<\/div>\n<\/div>\n<p>Auteur: Laameri Dorsaf<br \/>\n<a href=\"https:\/\/www.tunisienumerique.com\/tn-fame-rencontre-avec-omar-ferraro-directeur-du-centre-culturel-international\/\">Cliquez ici pour lire l&rsquo;article depuis sa source.<\/a><\/p>\n","protected":false},"excerpt":{"rendered":"<p>Partages 4K Le directeur du centre culturel international de Carthage, Omar Ferraro est notre invit\u00e9 de la Rubrique TN Fame cette semaine. De\u00a0m\u00e8re tunisienne et de\u00a0p\u00e8re italien, Omar a choisi de s\u2019installer en Tunisie \u00ab\u00a0un pays o\u00f9 on trouve de la chaleur\u00a0\u00bb a-t-il affirm\u00e9 C\u2019est en Tunisie, qu\u2019il a pr\u00e9f\u00e9r\u00e9 ouvrir son centre culturel, ayant [&hellip;]<\/p>\n","protected":false},"author":1789,"featured_media":18935,"comment_status":"closed","ping_status":"closed","sticky":false,"template":"","format":"standard","meta":{"fifu_image_url":"","fifu_image_alt":"","footnotes":""},"categories":[73,55],"tags":[],"class_list":["post-18934","post","type-post","status-publish","format-standard","has-post-thumbnail","hentry","category-actualite","category-tunisie"],"_links":{"self":[{"href":"https:\/\/linitiative.ca\/International\/wp-json\/wp\/v2\/posts\/18934","targetHints":{"allow":["GET"]}}],"collection":[{"href":"https:\/\/linitiative.ca\/International\/wp-json\/wp\/v2\/posts"}],"about":[{"href":"https:\/\/linitiative.ca\/International\/wp-json\/wp\/v2\/types\/post"}],"author":[{"embeddable":true,"href":"https:\/\/linitiative.ca\/International\/wp-json\/wp\/v2\/users\/1789"}],"replies":[{"embeddable":true,"href":"https:\/\/linitiative.ca\/International\/wp-json\/wp\/v2\/comments?post=18934"}],"version-history":[{"count":0,"href":"https:\/\/linitiative.ca\/International\/wp-json\/wp\/v2\/posts\/18934\/revisions"}],"wp:featuredmedia":[{"embeddable":true,"href":"https:\/\/linitiative.ca\/International\/wp-json\/"}],"wp:attachment":[{"href":"https:\/\/linitiative.ca\/International\/wp-json\/wp\/v2\/media?parent=18934"}],"wp:term":[{"taxonomy":"category","embeddable":true,"href":"https:\/\/linitiative.ca\/International\/wp-json\/wp\/v2\/categories?post=18934"},{"taxonomy":"post_tag","embeddable":true,"href":"https:\/\/linitiative.ca\/International\/wp-json\/wp\/v2\/tags?post=18934"}],"curies":[{"name":"wp","href":"https:\/\/api.w.org\/{rel}","templated":true}]}}