{"id":18966,"date":"2019-03-02T11:18:42","date_gmt":"2019-03-02T16:18:42","guid":{"rendered":"https:\/\/linitiative.ca\/International\/m-doukkali-plaide-pour-la-creation-dun-espace-commun-du-medicament-et-des-produits-de-sante-en-afrique\/"},"modified":"2019-03-02T11:18:42","modified_gmt":"2019-03-02T16:18:42","slug":"m-doukkali-plaide-pour-la-creation-dun-espace-commun-du-medicament-et-des-produits-de-sante-en-afrique","status":"publish","type":"post","link":"https:\/\/linitiative.ca\/International\/m-doukkali-plaide-pour-la-creation-dun-espace-commun-du-medicament-et-des-produits-de-sante-en-afrique\/","title":{"rendered":"M. Doukkali plaide pour la cr\u00e9ation d\u2019un espace commun du m\u00e9dicament et des produits de sant\u00e9 en Afrique"},"content":{"rendered":"<div readability=\"37\">\n<p>Marrakech, \u2013 Le ministre de la sant\u00e9, Anass Doukkali a plaid\u00e9 samedi, \u00e0 Marrakech, pour la cr\u00e9ation d\u2019un espace commun du m\u00e9dicament et des produits de sant\u00e9 en Afrique.<\/p>\n<\/div>\n<div readability=\"132\">\n<p>\u00ab\u00a0L\u2019av\u00e8nement de l\u2019Agence du M\u00e9dicament Africaine (AMA) est un pas important vers l\u2019int\u00e9gration qui sera compl\u00e9t\u00e9e par la cr\u00e9ation d\u2019un espace de libre \u00e9change\u00a0\u00bb, a-t-il ajout\u00e9 \u00e0 l\u2019ouverture de la 3\u00e8 \u00e9dition du Meeting Pharma Africa organis\u00e9e en marge d\u2019Officine Expo 2019, un \u00e9v\u00e9nement plac\u00e9 sous le Haut Patronage de SM le Roi Mohammed VI.<\/p>\n<p>M.Doukkali a soulign\u00e9 que l\u2019AMRH (initiative africaine de l\u2019harmonisation des r\u00e9glementations des m\u00e9dicaments) a beaucoup \u0153uvr\u00e9 pour la mise en place d\u2019une r\u00e9glementation mod\u00e8le et par l\u2019adoption des statuts de l\u2019AMA, ajoutant que ces statuts ont \u00e9t\u00e9 adopt\u00e9s en f\u00e9vrier dernier par les ministres de la sant\u00e9 africains \u00e0 Addis-Abeba et il convient maintenant que 15 pays au moins, les ratifient pour que l\u2019AMA soit d\u00e9finitivement cr\u00e9\u00e9e.<\/p>\n<p>Le ministre a fait part de la volont\u00e9 du gouvernement marocain de ratifier ces statuts afin d\u2019\u00eatre parmi les 15 premiers pays qui le feront.<\/p>\n<p>Et d\u2019indiquer que le d\u00e9veloppement d\u2019une industrie pharmaceutique en Afrique passe par l\u2019organisation du secteur et l\u2019harmonisation de la r\u00e9glementation, soulignant dans ce contexte que l\u2019Afrique importe plus de 90 % de ses m\u00e9dicaments et qu\u2019en plus, les circuits sont mal organis\u00e9s et mal s\u00e9curis\u00e9s et le fl\u00e9au des faux m\u00e9dicaments touche de plein fouet de nombreux pays du continent.<\/p>\n<p>Par ailleurs, M. Doukkali a soulign\u00e9 que la consommation des m\u00e9dicaments dans notre continent est faible puisqu\u2019elle ne repr\u00e9sente que 0,70 % du march\u00e9 mondial pour 15 % de la population du globe.<\/p>\n<p>Certains pays du continent ont une industrie bien install\u00e9e et performante, a-t-il dit, appelant \u00e0 s\u2019appuyer sur leur exp\u00e9rience pour d\u00e9velopper une industrie africaine de qualit\u00e9, performante, capable de subvenir en grande partie aux besoins du continent en m\u00e9dicaments de qualit\u00e9.<\/p>\n<p>Le ministre a salu\u00e9 \u00e0 cette occasion, l\u2019engagement des industriels marocains de la pharmacie, qui investissent dans des pays fr\u00e8res et amis comme le S\u00e9n\u00e9gal, la C\u00f4te d\u2019Ivoire, le Rwanda et d\u2019autres pays, indiquant que des projets d\u2019envergure sont en cours de r\u00e9alisation.<\/p>\n<p>Apr\u00e8s avoir soulign\u00e9 le Haut int\u00e9r\u00eat que porte SM le Roi Mohammed VI au d\u00e9veloppement de la coop\u00e9ration Sud-Sud, particuli\u00e8rement avec les pays africains, \u00e0 travers le renforcement des capacit\u00e9s de ces pays dans tous les domaines par une coop\u00e9ration juste, \u00e9quilibr\u00e9e et mutuellement profitable, M. Doukkali a indiqu\u00e9 que le Royaume a apport\u00e9, par le pass\u00e9, un soutien \u00e0 la mise en place des inspections et le renforcement de Laboratoires de contr\u00f4le dans certains pays africains, ajoutant que cette action sera maintenue et \u00e9largie et le Maroc r\u00e9pondra favorablement \u00e0 toute sollicitation dans ce sens.<\/p>\n<p>Cette rencontre, qui a connu la participation du pr\u00e9sident de la F\u00e9d\u00e9ration internationale pharmaceutique (FIP), Dominique Jordan, des pr\u00e9sidents des Ordres Pharmaceutique d\u2019Afrique, des pr\u00e9sidents des Organismes et Organisations Professionnelles et des pharmaciens, a \u00e9t\u00e9 marqu\u00e9e par la pr\u00e9sentation de l\u2019AMA, qui aura pour missions essentielles le renforcement des capacit\u00e9s nationales dans le domaine du contr\u00f4le des produits pharmaceutiques, l\u2019harmonisation de la r\u00e9glementation en mati\u00e8re d\u2019enregistrement et l\u2019accompagnement en mati\u00e8re de d\u00e9veloppement des bonnes pratiques et de lutte contre la contrefa\u00e7on des m\u00e9dicaments.<\/p>\n<p>\u00ab\u00a0Officine Expo 2019\u00a0\u00bb est le Salon r\u00e9f\u00e9rence de la pharmacie sud-m\u00e9diterran\u00e9enne et africaine, qui consacre sa place de leader des salons pharmaceutiques au niveau du Maroc et du Continent africain.<\/p>\n<p>Centr\u00e9e, cette ann\u00e9e, sur l\u2019innovation au service de la pharmacie et du suivi du patient, cette 16\u00e8me \u00e9dition du Salon, marqu\u00e9e par la participation des chefs de directions des m\u00e9dicaments et repr\u00e9sentants de Conseils des ordres de pharmaciens de 54 pays africains invit\u00e9s, ainsi que des experts et repr\u00e9sentants d\u2019institutions internationales d\u2019Europe, du Canada, d\u2019Espagne, des Etats-Unis, de France, et de Suisse, propose, deux jours durant, des conf\u00e9rences avec des th\u00e9matiques cibl\u00e9es prenant en compte les priorit\u00e9s du syst\u00e8me de sant\u00e9.<\/p>\n<p>Le Salon accueille, en outre, 125 exposants permettant ainsi \u00ab\u00a0un v\u00e9ritable rapprochement\u00a0\u00bb entre partenaires du secteur du m\u00e9dicament, fournisseurs de produits de sant\u00e9, d\u2019hygi\u00e8ne et sp\u00e9cialistes de dermo-cosm\u00e9tologie.<\/p>\n<\/div>\n<p>Auteur: Meriem IGASS<br \/>\n<a href=\"http:\/\/www.mapmarrakech.ma\/fr\/m-doukkali-plaide-pour-la-creation-dun-espace-commun-du-medicament-et-des-produits-de-sante-en-afrique\/\">Cliquez ici pour lire l&rsquo;article depuis sa source.<\/a><\/p>\n","protected":false},"excerpt":{"rendered":"<p>Marrakech, \u2013 Le ministre de la sant\u00e9, Anass Doukkali a plaid\u00e9 samedi, \u00e0 Marrakech, pour la cr\u00e9ation d\u2019un espace commun du m\u00e9dicament et des produits de sant\u00e9 en Afrique. \u00ab\u00a0L\u2019av\u00e8nement de l\u2019Agence du M\u00e9dicament Africaine (AMA) est un pas important vers l\u2019int\u00e9gration qui sera compl\u00e9t\u00e9e par la cr\u00e9ation d\u2019un espace de libre \u00e9change\u00a0\u00bb, a-t-il ajout\u00e9 [&hellip;]<\/p>\n","protected":false},"author":1788,"featured_media":0,"comment_status":"closed","ping_status":"closed","sticky":false,"template":"","format":"standard","meta":{"fifu_image_url":"","fifu_image_alt":"","footnotes":""},"categories":[54,76],"tags":[],"class_list":["post-18966","post","type-post","status-publish","format-standard","hentry","category-maroc","category-regions"],"_links":{"self":[{"href":"https:\/\/linitiative.ca\/International\/wp-json\/wp\/v2\/posts\/18966","targetHints":{"allow":["GET"]}}],"collection":[{"href":"https:\/\/linitiative.ca\/International\/wp-json\/wp\/v2\/posts"}],"about":[{"href":"https:\/\/linitiative.ca\/International\/wp-json\/wp\/v2\/types\/post"}],"author":[{"embeddable":true,"href":"https:\/\/linitiative.ca\/International\/wp-json\/wp\/v2\/users\/1788"}],"replies":[{"embeddable":true,"href":"https:\/\/linitiative.ca\/International\/wp-json\/wp\/v2\/comments?post=18966"}],"version-history":[{"count":0,"href":"https:\/\/linitiative.ca\/International\/wp-json\/wp\/v2\/posts\/18966\/revisions"}],"wp:attachment":[{"href":"https:\/\/linitiative.ca\/International\/wp-json\/wp\/v2\/media?parent=18966"}],"wp:term":[{"taxonomy":"category","embeddable":true,"href":"https:\/\/linitiative.ca\/International\/wp-json\/wp\/v2\/categories?post=18966"},{"taxonomy":"post_tag","embeddable":true,"href":"https:\/\/linitiative.ca\/International\/wp-json\/wp\/v2\/tags?post=18966"}],"curies":[{"name":"wp","href":"https:\/\/api.w.org\/{rel}","templated":true}]}}