{"id":19005,"date":"2019-03-02T11:45:00","date_gmt":"2019-03-02T16:45:00","guid":{"rendered":"https:\/\/linitiative.ca\/International\/benflis-viole-son-propre-decret\/"},"modified":"2019-03-02T11:45:00","modified_gmt":"2019-03-02T16:45:00","slug":"benflis-viole-son-propre-decret","status":"publish","type":"post","link":"https:\/\/linitiative.ca\/International\/benflis-viole-son-propre-decret\/","title":{"rendered":"Benflis viole son  propre d\u00e9cret"},"content":{"rendered":"<p><br id=\"sep_para_1\" class=\"sep_para access\"\/><\/p>\n<div id=\"para_1\" class=\"para_29529176 resize\">\n<div class=\"texte access firstletter\">Les faits sont t\u00eatus et l\u2019Histoire ne pourra jamais \u00eatre chang\u00e9e. Le secr\u00e9taire g\u00e9n\u00e9ral du parti politique d\u2019opposition Talae el Houryate, Ali Benflis, a particip\u00e9 ce vendredi \u00e0 la grandiose marche populaire organis\u00e9e \u00e0 Alger. Benflis qui est un enfant du Pouvoir et du syst\u00e8me, est l\u2019artisan de l\u2019interdiction des marches \u00e0 Alger. C\u2019est lui, en sa qualit\u00e9 de chef du gouvernement, qui avait sign\u00e9 en 2001 le d\u00e9cret interdisant les marches \u00e0 Alger. Cette interdiction fait suite \u00e0 la sanglante marche organis\u00e9e par les arouch en 2001 quand ils avaient march\u00e9 de la Kabylie vers Alger. Il est aujourd\u2019hui un opposant\u00a0 au Pr\u00e9sident Bouteflika et soutient les marches qu\u2019il a interdites.<\/div>\n<\/div>\n<p>Auteur: R\u00e9flexion<br \/>\n<a href=\"https:\/\/www.reflexiondz.net\/Benflis-viole-son-propre-decret_a54766.html\">Cliquez ici pour lire l&rsquo;article depuis sa source.<\/a><\/p>\n","protected":false},"excerpt":{"rendered":"<p>Les faits sont t\u00eatus et l\u2019Histoire ne pourra jamais \u00eatre chang\u00e9e. Le secr\u00e9taire g\u00e9n\u00e9ral du parti politique d\u2019opposition Talae el Houryate, Ali Benflis, a particip\u00e9 ce vendredi \u00e0 la grandiose marche populaire organis\u00e9e \u00e0 Alger. Benflis qui est un enfant du Pouvoir et du syst\u00e8me, est l\u2019artisan de l\u2019interdiction des marches \u00e0 Alger. C\u2019est lui, [&hellip;]<\/p>\n","protected":false},"author":1740,"featured_media":0,"comment_status":"closed","ping_status":"closed","sticky":false,"template":"","format":"standard","meta":{"fifu_image_url":"","fifu_image_alt":"","footnotes":""},"categories":[53,76],"tags":[],"class_list":["post-19005","post","type-post","status-publish","format-standard","hentry","category-algerie","category-regions"],"_links":{"self":[{"href":"https:\/\/linitiative.ca\/International\/wp-json\/wp\/v2\/posts\/19005","targetHints":{"allow":["GET"]}}],"collection":[{"href":"https:\/\/linitiative.ca\/International\/wp-json\/wp\/v2\/posts"}],"about":[{"href":"https:\/\/linitiative.ca\/International\/wp-json\/wp\/v2\/types\/post"}],"author":[{"embeddable":true,"href":"https:\/\/linitiative.ca\/International\/wp-json\/wp\/v2\/users\/1740"}],"replies":[{"embeddable":true,"href":"https:\/\/linitiative.ca\/International\/wp-json\/wp\/v2\/comments?post=19005"}],"version-history":[{"count":0,"href":"https:\/\/linitiative.ca\/International\/wp-json\/wp\/v2\/posts\/19005\/revisions"}],"wp:attachment":[{"href":"https:\/\/linitiative.ca\/International\/wp-json\/wp\/v2\/media?parent=19005"}],"wp:term":[{"taxonomy":"category","embeddable":true,"href":"https:\/\/linitiative.ca\/International\/wp-json\/wp\/v2\/categories?post=19005"},{"taxonomy":"post_tag","embeddable":true,"href":"https:\/\/linitiative.ca\/International\/wp-json\/wp\/v2\/tags?post=19005"}],"curies":[{"name":"wp","href":"https:\/\/api.w.org\/{rel}","templated":true}]}}