{"id":19006,"date":"2019-03-02T11:46:00","date_gmt":"2019-03-02T16:46:00","guid":{"rendered":"https:\/\/linitiative.ca\/International\/louisa-hanoune-chassee-de-la-marche-dalger\/"},"modified":"2019-03-02T11:46:00","modified_gmt":"2019-03-02T16:46:00","slug":"louisa-hanoune-chassee-de-la-marche-dalger","status":"publish","type":"post","link":"https:\/\/linitiative.ca\/International\/louisa-hanoune-chassee-de-la-marche-dalger\/","title":{"rendered":"Louisa Hanoune chass\u00e9e de la marche d\u2019Alger :"},"content":{"rendered":"<p><br id=\"sep_para_1\" class=\"sep_para access\"\/><\/p>\n<div id=\"para_1\" class=\"para_29529181 resize\">\n<div class=\"texte access firstletter\">La secr\u00e9taire g\u00e9n\u00e9rale du parti des travailleurs (PT), Louisa Hanoune a fini par payer ch\u00e8rement ses errements politiques.\u00a0 Vendredi, lors de la grande marche d\u2019Alger, elle fut prise \u00e0 partie par des protestataires qui lui ont bruyamment reproch\u00e9 sa collusion avec le pouvoir, elle a \u00e9t\u00e9 chass\u00e9e de la manifestation aux cris de \u00ab d\u00e9gage \u00bb. Cette humiliation a \u00e9t\u00e9 \u2018\u2019immortalis\u00e9e\u2019\u2019 en vid\u00e9o.<\/div>\n<\/div>\n<p>Auteur: R\u00e9flexion<br \/>\n<a href=\"https:\/\/www.reflexiondz.net\/Louisa-Hanoune-chassee-de-la-marche-d-Alger_a54767.html\">Cliquez ici pour lire l&rsquo;article depuis sa source.<\/a><\/p>\n","protected":false},"excerpt":{"rendered":"<p>La secr\u00e9taire g\u00e9n\u00e9rale du parti des travailleurs (PT), Louisa Hanoune a fini par payer ch\u00e8rement ses errements politiques.\u00a0 Vendredi, lors de la grande marche d\u2019Alger, elle fut prise \u00e0 partie par des protestataires qui lui ont bruyamment reproch\u00e9 sa collusion avec le pouvoir, elle a \u00e9t\u00e9 chass\u00e9e de la manifestation aux cris de \u00ab d\u00e9gage [&hellip;]<\/p>\n","protected":false},"author":1740,"featured_media":0,"comment_status":"closed","ping_status":"closed","sticky":false,"template":"","format":"standard","meta":{"fifu_image_url":"","fifu_image_alt":"","footnotes":""},"categories":[53,76],"tags":[],"class_list":["post-19006","post","type-post","status-publish","format-standard","hentry","category-algerie","category-regions"],"_links":{"self":[{"href":"https:\/\/linitiative.ca\/International\/wp-json\/wp\/v2\/posts\/19006","targetHints":{"allow":["GET"]}}],"collection":[{"href":"https:\/\/linitiative.ca\/International\/wp-json\/wp\/v2\/posts"}],"about":[{"href":"https:\/\/linitiative.ca\/International\/wp-json\/wp\/v2\/types\/post"}],"author":[{"embeddable":true,"href":"https:\/\/linitiative.ca\/International\/wp-json\/wp\/v2\/users\/1740"}],"replies":[{"embeddable":true,"href":"https:\/\/linitiative.ca\/International\/wp-json\/wp\/v2\/comments?post=19006"}],"version-history":[{"count":0,"href":"https:\/\/linitiative.ca\/International\/wp-json\/wp\/v2\/posts\/19006\/revisions"}],"wp:attachment":[{"href":"https:\/\/linitiative.ca\/International\/wp-json\/wp\/v2\/media?parent=19006"}],"wp:term":[{"taxonomy":"category","embeddable":true,"href":"https:\/\/linitiative.ca\/International\/wp-json\/wp\/v2\/categories?post=19006"},{"taxonomy":"post_tag","embeddable":true,"href":"https:\/\/linitiative.ca\/International\/wp-json\/wp\/v2\/tags?post=19006"}],"curies":[{"name":"wp","href":"https:\/\/api.w.org\/{rel}","templated":true}]}}