{"id":19007,"date":"2019-03-02T11:48:00","date_gmt":"2019-03-02T16:48:00","guid":{"rendered":"https:\/\/linitiative.ca\/International\/direction-de-campagne-de-bouteflika-zaalane-nouveau-directeur\/"},"modified":"2019-03-02T11:48:00","modified_gmt":"2019-03-02T16:48:00","slug":"direction-de-campagne-de-bouteflika-zaalane-nouveau-directeur","status":"publish","type":"post","link":"https:\/\/linitiative.ca\/International\/direction-de-campagne-de-bouteflika-zaalane-nouveau-directeur\/","title":{"rendered":"DIRECTION DE CAMPAGNE DE BOUTEFLIKA : Zaalane, nouveau directeur"},"content":{"rendered":"<p><br id=\"sep_para_1\" class=\"sep_para access\"\/><\/p>\n<div id=\"para_1\" class=\"para_29529207 resize\">\n<div class=\"photo shadow left\"><a href=\"javascript:void(0)\" rel=\"https:\/\/www.reflexiondz.net\/photo\/art\/grande\/31242314-29529207.jpg?v=1551546590&#038;ibox\" title=\"DIRECTION DE CAMPAGNE DE BOUTEFLIKA : Zaalane, nouveau directeur\"><img decoding=\"async\" class=\"responsive c9\" src=\"https:\/\/www.reflexiondz.net\/photo\/art\/grande\/31242314-29529207.jpg?v=1551546590\" alt=\"DIRECTION DE CAMPAGNE DE BOUTEFLIKA : Zaalane, nouveau directeur\" title=\"DIRECTION DE CAMPAGNE DE BOUTEFLIKA : Zaalane, nouveau directeur\"\/><img decoding=\"async\" class=\"not-responsive\" src=\"https:\/\/www.reflexiondz.net\/photo\/art\/default\/31242314-29529207.jpg?v=1551546591\" alt=\"DIRECTION DE CAMPAGNE DE BOUTEFLIKA : Zaalane, nouveau directeur\" title=\"DIRECTION DE CAMPAGNE DE BOUTEFLIKA : Zaalane, nouveau directeur\"\/><\/a><\/div>\n<div class=\"texte access firstletter\">Ce changement intervient au lendemain des manifestations populaires contre le cinqui\u00e8me mandat du pr\u00e9sident Abdelaziz Bouteflika. On ignore les raisons de ce changement \u00e0 la veille de la date limite des d\u00e9p\u00f4ts de candidatures \u00e0 la pr\u00e9sidentielle. Il est \u00e0 rappeler que Abdelmalek Sellal avait \u00e9t\u00e9 d\u00e9sign\u00e9 officiellement directeur de campagne du candidat Abdelaziz Bouteflika, ainsi qu\u2019Amara Benyounes, pr\u00e9sident du Mouvement populaire alg\u00e9rien (MPA), charg\u00e9 de la commission de communication, en pr\u00e9vision de l\u2019\u00e9lection pr\u00e9sidentielle du 18 avril 2019, annonce l\u2019agence officielle. M. Sellal avait d\u00e9j\u00e0 occup\u00e9 ce poste successivement lors de l\u2019\u00e9lection pr\u00e9sidentielle de 2004, 2009 et 2014, quand il avait conduit la campagne du Pr\u00e9sident Bouteflika. M. Sellal et Benyounes, il \u00e9tait pr\u00e9vu qu\u2019ils soient assist\u00e9s d\u2019un staff compos\u00e9 de militants de l\u2019alliance pr\u00e9sidentielle dont d\u2019anciens cadres dirigeants. L\u2019ancien Premier ministre, qui avait d\u00e9j\u00e0 occup\u00e9 ce poste successivement lors de l\u2019\u00e9lection pr\u00e9sidentielle de 2004, 2009 et 2014 avait assur\u00e9 dans une d\u00e9claration \u00e0 la presse que \u00ab le Pr\u00e9sident viendra avec un nouveau projet visant \u00e0 consacrer la marche \u00e0 des projets forts pour le peuple alg\u00e9rien \u00bb. Selon Sellal, \u00ab d\u2019autres r\u00e9formes fortes sont \u00e9galement attendues \u00bb. Commentant les manifestations du 22 f\u00e9vrier, l\u2019ancien Premier ministre avait estim\u00e9 que les Alg\u00e9riens ont le droit d\u2019exprimer leur sentiment ou leur m\u00e9contentement tout en sauvegardant la paix. Pour le reste, il s\u2019est dit confiant du d\u00e9roulement des \u00e9v\u00e9nements dans les jours \u00e0 venir. Selon lui, le pr\u00e9sident Bouteflika est soutenu par toutes les couches populaires, promettant dans la foul\u00e9e de retourner dans la wilaya d\u2019Adrar o\u00f9 il a assist\u00e9 \u00e0 la c\u00e9l\u00e9bration du double anniversaire de la nationalisation des hydrocarbures et la cr\u00e9ation de l\u2019UGTA.<\/div>\n<\/div>\n<p>Auteur: Ismain<br \/>\n<a href=\"https:\/\/www.reflexiondz.net\/DIRECTION-DE-CAMPAGNE-DE-BOUTEFLIKA-Zaalane-nouveau-directeur_a54768.html\">Cliquez ici pour lire l&rsquo;article depuis sa source.<\/a><\/p>\n","protected":false},"excerpt":{"rendered":"<p>Ce changement intervient au lendemain des manifestations populaires contre le cinqui\u00e8me mandat du pr\u00e9sident Abdelaziz Bouteflika. On ignore les raisons de ce changement \u00e0 la veille de la date limite des d\u00e9p\u00f4ts de candidatures \u00e0 la pr\u00e9sidentielle. Il est \u00e0 rappeler que Abdelmalek Sellal avait \u00e9t\u00e9 d\u00e9sign\u00e9 officiellement directeur de campagne du candidat Abdelaziz Bouteflika, [&hellip;]<\/p>\n","protected":false},"author":1740,"featured_media":0,"comment_status":"closed","ping_status":"closed","sticky":false,"template":"","format":"standard","meta":{"fifu_image_url":"","fifu_image_alt":"","footnotes":""},"categories":[53,76],"tags":[],"class_list":["post-19007","post","type-post","status-publish","format-standard","hentry","category-algerie","category-regions"],"_links":{"self":[{"href":"https:\/\/linitiative.ca\/International\/wp-json\/wp\/v2\/posts\/19007","targetHints":{"allow":["GET"]}}],"collection":[{"href":"https:\/\/linitiative.ca\/International\/wp-json\/wp\/v2\/posts"}],"about":[{"href":"https:\/\/linitiative.ca\/International\/wp-json\/wp\/v2\/types\/post"}],"author":[{"embeddable":true,"href":"https:\/\/linitiative.ca\/International\/wp-json\/wp\/v2\/users\/1740"}],"replies":[{"embeddable":true,"href":"https:\/\/linitiative.ca\/International\/wp-json\/wp\/v2\/comments?post=19007"}],"version-history":[{"count":0,"href":"https:\/\/linitiative.ca\/International\/wp-json\/wp\/v2\/posts\/19007\/revisions"}],"wp:attachment":[{"href":"https:\/\/linitiative.ca\/International\/wp-json\/wp\/v2\/media?parent=19007"}],"wp:term":[{"taxonomy":"category","embeddable":true,"href":"https:\/\/linitiative.ca\/International\/wp-json\/wp\/v2\/categories?post=19007"},{"taxonomy":"post_tag","embeddable":true,"href":"https:\/\/linitiative.ca\/International\/wp-json\/wp\/v2\/tags?post=19007"}],"curies":[{"name":"wp","href":"https:\/\/api.w.org\/{rel}","templated":true}]}}