{"id":19025,"date":"2019-03-02T15:58:14","date_gmt":"2019-03-02T20:58:14","guid":{"rendered":"https:\/\/linitiative.ca\/International\/fespaco-2019-joel-karekezi-rwanda-remporte-letalon-dor-de-yennega\/"},"modified":"2019-03-02T15:58:14","modified_gmt":"2019-03-02T20:58:14","slug":"fespaco-2019-joel-karekezi-rwanda-remporte-letalon-dor-de-yennega","status":"publish","type":"post","link":"https:\/\/linitiative.ca\/International\/fespaco-2019-joel-karekezi-rwanda-remporte-letalon-dor-de-yennega\/","title":{"rendered":"FESPACO 2019\u00a0: Joel KAREKEZI (Rwanda) remporte l\u2019Etalon d\u2019or de Yennega\u00a0"},"content":{"rendered":"<div class=\"td-post-featured-image\"><a href=\"https:\/\/i0.wp.com\/www.sidwaya.info\/wp-content\/uploads\/2019\/03\/jungle-1.jpg?fit=600%2C252&#038;ssl=1\" data-caption=\"\"><img loading=\"lazy\" decoding=\"async\" width=\"600\" height=\"252\" class=\"entry-thumb td-modal-image\" src=\"https:\/\/i0.wp.com\/www.sidwaya.info\/wp-content\/uploads\/2019\/03\/jungle-1.jpg?resize=600%2C252&#038;ssl=1\" srcset=\"https:\/\/i0.wp.com\/www.sidwaya.info\/wp-content\/uploads\/2019\/03\/jungle-1.jpg?w=600&#038;ssl=1 600w, https:\/\/i0.wp.com\/www.sidwaya.info\/wp-content\/uploads\/2019\/03\/jungle-1.jpg?resize=300%2C126&#038;ssl=1 300w\" sizes=\"auto, (max-width: 600px) 100vw, 600px\" alt=\"\" title=\"jungle 1\"\/><\/a><\/div>\n<div class=\"td-a-rec td-a-rec-id-content_top td_uid_24_5c7b074650304_rand td_block_template_1\"><img loading=\"lazy\" decoding=\"async\" class=\"aligncenter size-full wp-image-4463\" src=\"https:\/\/www.sidwaya.info\/wp-content\/uploads\/2019\/02\/FESPACO-TOUR-2019-Bannie%CC%80re-728x90-1.jpg\" alt=\"\" width=\"728\" height=\"90\"\/><\/div>\n<p>La c\u00e9r\u00e9monie de cl\u00f4ture du FESPACO 2019 a eu lieu \u00a0ce samedi au Palais des sports de Ouaga 2000. Le cin\u00e9aste Joel KAREKEZI (Rwanda) \u00a0a remport\u00e9 l\u2019Etalon d\u2019or de Yennega \u00a0avec son film THE MERCY OF THE JUNGLE.<\/p>\n<p>Le troph\u00e9e lui a \u00e9t\u00e9 remis par le pr\u00e9sident du Faso, Roch Kabor\u00e9 en pr\u00e9sence des pr\u00e9sidents Paul Kagam\u00e9 du Rwanda, pays invite d\u2019honneur du FESPACO et Ibrahim Boubacar Keita du Mali.<\/p>\n<p>B.S<\/p>\n<div class=\"td-a-rec td-a-rec-id-content_bottom td_uid_25_5c7b0746504e2_rand td_block_template_1\"><img loading=\"lazy\" decoding=\"async\" class=\"alignright size-full wp-image-1724\" src=\"https:\/\/www.sidwaya.info\/wp-content\/uploads\/2018\/12\/sidwaya-pub.jpg\" alt=\"\" width=\"720\" height=\"90\"\/><\/div>\n<p>Auteur: BS. Sidwaya<br \/>\n<a href=\"https:\/\/www.sidwaya.info\/blog\/2019\/03\/02\/fespaco-2019-joel-karekezi-rwanda-remporte-letalon-dor-de-yennega\/\">Cliquez ici pour lire l&rsquo;article depuis sa source.<\/a><\/p>\n","protected":false},"excerpt":{"rendered":"<p>La c\u00e9r\u00e9monie de cl\u00f4ture du FESPACO 2019 a eu lieu \u00a0ce samedi au Palais des sports de Ouaga 2000. Le cin\u00e9aste Joel KAREKEZI (Rwanda) \u00a0a remport\u00e9 l\u2019Etalon d\u2019or de Yennega \u00a0avec son film THE MERCY OF THE JUNGLE. Le troph\u00e9e lui a \u00e9t\u00e9 remis par le pr\u00e9sident du Faso, Roch Kabor\u00e9 en pr\u00e9sence des pr\u00e9sidents [&hellip;]<\/p>\n","protected":false},"author":1816,"featured_media":0,"comment_status":"closed","ping_status":"closed","sticky":false,"template":"","format":"standard","meta":{"fifu_image_url":"","fifu_image_alt":"","footnotes":""},"categories":[73,81],"tags":[],"class_list":["post-19025","post","type-post","status-publish","format-standard","hentry","category-actualite","category-burkina-faso"],"_links":{"self":[{"href":"https:\/\/linitiative.ca\/International\/wp-json\/wp\/v2\/posts\/19025","targetHints":{"allow":["GET"]}}],"collection":[{"href":"https:\/\/linitiative.ca\/International\/wp-json\/wp\/v2\/posts"}],"about":[{"href":"https:\/\/linitiative.ca\/International\/wp-json\/wp\/v2\/types\/post"}],"author":[{"embeddable":true,"href":"https:\/\/linitiative.ca\/International\/wp-json\/wp\/v2\/users\/1816"}],"replies":[{"embeddable":true,"href":"https:\/\/linitiative.ca\/International\/wp-json\/wp\/v2\/comments?post=19025"}],"version-history":[{"count":0,"href":"https:\/\/linitiative.ca\/International\/wp-json\/wp\/v2\/posts\/19025\/revisions"}],"wp:attachment":[{"href":"https:\/\/linitiative.ca\/International\/wp-json\/wp\/v2\/media?parent=19025"}],"wp:term":[{"taxonomy":"category","embeddable":true,"href":"https:\/\/linitiative.ca\/International\/wp-json\/wp\/v2\/categories?post=19025"},{"taxonomy":"post_tag","embeddable":true,"href":"https:\/\/linitiative.ca\/International\/wp-json\/wp\/v2\/tags?post=19025"}],"curies":[{"name":"wp","href":"https:\/\/api.w.org\/{rel}","templated":true}]}}