{"id":19033,"date":"2019-03-02T15:50:04","date_gmt":"2019-03-02T20:50:04","guid":{"rendered":"https:\/\/linitiative.ca\/International\/trump-en-mode-campagne-devant-les-conservateurs-critique-le-penchant-socialiste-des-democrates\/"},"modified":"2019-03-02T15:50:04","modified_gmt":"2019-03-02T20:50:04","slug":"trump-en-mode-campagne-devant-les-conservateurs-critique-le-penchant-socialiste-des-democrates","status":"publish","type":"post","link":"https:\/\/linitiative.ca\/International\/trump-en-mode-campagne-devant-les-conservateurs-critique-le-penchant-socialiste-des-democrates\/","title":{"rendered":"Trump en mode campagne devant les conservateurs, critique le penchant \u00ab\u00a0socialiste\u00a0\u00bb des d\u00e9mocrates"},"content":{"rendered":"<div readability=\"32\">\n<p>Publi\u00e9 le 02.03.2019 \u00e0 21h50 par AFP<\/p>\n<\/div>\n<div readability=\"154\">\n<p>Le pr\u00e9sident am\u00e9ricain Donald Trump a livr\u00e9 samedi lors du grand rendez-vous annuel des conservateurs ce qui s\u2019apparentait \u00e0 un discours fleuve de campagne, critiquant le penchant \u00ab\u00a0socialiste\u00a0\u00bb des d\u00e9mocrates .<\/p>\n<p>Le milliardaire a \u00e9t\u00e9 accueilli en triomphe sur le podium de la Conservative Political Action Conference, ou CPAC, qui se tient dans la banlieue de Washington, fleuri de casquettes rouge \u00ab\u00a0Make America Great Again\u00a0\u00bb, son slogan de campagne en 2016.<\/p>\n<p>Son allocution de plus de deux heures a \u00e9t\u00e9 l\u2019une des plus longues que Donald Trump ait jamais donn\u00e9 depuis qu\u2019il s\u2019est lanc\u00e9 dans la campagne pr\u00e9sidentielle, en 2015, d\u00e9passant largement son discours d\u2019investiture ou ses deux discours sur l\u2019\u00e9tat de l\u2019Union.<\/p>\n<p>Malgr\u00e9 la longueur de son intervention, il n\u2019a pas \u00e9voqu\u00e9 une seule fois l\u2019un des temps forts de la semaine, \u00e0 savoir l\u2019audition d\u00e9vastatrice de son ancien avocat et homme de confiance Michael Cohen, qui l\u2019a notamment d\u00e9peint mercredi comme un menteur, un tricheur et un \u00ab\u00a0raciste\u00a0\u00bb.<\/p>\n<p>Concernant l\u2019autre \u00e9v\u00e9nement phare de sa semaine, le sommet sur le nucl\u00e9aire nord-cor\u00e9en, consid\u00e9r\u00e9 comme un \u00e9chec, il a qualifi\u00e9 la rencontre de \u00ab\u00a0tr\u00e8s productive\u00a0\u00bb.<\/p>\n<p>\u00ab\u00a0De temps \u00e0 autre, il faut marcher\u00a0\u00bb, plut\u00f4t que courir, a-t-il dit pour commenter ce sommet qui s\u2019est termin\u00e9 pr\u00e9matur\u00e9ment sans la d\u00e9claration commune pr\u00e9vue initialement. L\u2019accord propos\u00e9 par le dirigeant nord-cor\u00e9en Kim Jong Un \u00ab\u00a0ne me semblait pas acceptable\u00a0\u00bb, a-t-il justifi\u00e9.<\/p>\n<p>\u2013 Socialisme contre libert\u00e9 \u2013<\/p>\n<p>Sans vrai fil conducteur, sautant d\u2019une anecdote \u00e0 l\u2019autre, il a pr\u00e9f\u00e9r\u00e9 se concentrer sur les d\u00e9mocrates.<\/p>\n<p>Reprenant le grand th\u00e8me du moment, il a brandi la menace du socialisme, devenu tr\u00e8s populaire chez les candidats \u00e0 l\u2019investiture d\u00e9mocrate pour la pr\u00e9sidentielle.<\/p>\n<p>Pour lui, le \u00ab\u00a0Green New Deal\u00a0\u00bb, projet d\u00e9mocrate pour combattre le changement climatique, \u00ab\u00a0d\u00e9truirait totalement l\u2019\u00e9conomie am\u00e9ricaine\u00a0\u00bb. \u00ab\u00a0C\u2019est simplement le plan le plus fou\u00a0\u00bb qu\u2019on ait jamais vu, a-t-il surench\u00e9ri.<\/p>\n<p>Puisant comme rarement dans son registre d\u2019imitations et de plaisanteries, il s\u2019est moqu\u00e9 de la proposition d\u00e9mocrate en d\u00e9peignant un couple d\u00e9pendant des caprices du vent et de l\u2019\u00e9nergie \u00e9olienne pour pouvoir regarder la t\u00e9l\u00e9vision.<\/p>\n<p><ins data-revive-zoneid=\"9\" data-revive-id=\"10111e19d28d19d031742ee3b0b33eb0\"\/> <\/p>\n<p>Quant aux projets favorables \u00e0 une couverture sant\u00e9 universelle, avanc\u00e9s par plusieurs candidats \u00e0 l\u2019investiture d\u00e9mocrate, ils occasionneraient \u00ab\u00a0des hausses d\u2019imp\u00f4ts colossales\u00a0\u00bb, a-t-il fait valoir.<\/p>\n<p>\u00ab\u00a0Le socialisme n\u2019a rien \u00e0 voir avec l\u2019environnement, la justice, la vertu, (\u2026) cela s\u2019appelle le pouvoir de la classe dirigeante\u00a0\u00bb, a martel\u00e9 l\u2019ancien promoteur immobilier, citant notamment l\u2019exemple du Venezuela.<\/p>\n<p>\u00ab\u00a0L\u2019avenir n\u2019appartient pas \u00e0 ceux qui croient au socialisme\u00a0\u00bb, a-t-il clam\u00e9. \u00ab\u00a0Il appartient \u00e0 ceux qui croient en la libert\u00e9. (\u2026) Les Etats-Unis ne seront jamais un pays socialiste\u00a0\u00bb, a-t-il poursuivi.<\/p>\n<p>\u00ab\u00a0Nous croyons au r\u00eave am\u00e9ricain, non au cauchemar socialiste.\u00a0\u00bb<\/p>\n<p>Mais le pr\u00e9sident am\u00e9ricain s\u2019est r\u00e9joui que le socialisme soit \u00e0 la mode chez les candidats \u00e0 l\u2019investiture d\u00e9mocrate, estimant que cela augmentait ses chances de r\u00e9\u00e9lection en 2020.<\/p>\n<p>\u00ab\u00a0Je veux qu\u2019ils s\u2019approprient ce projet, qu\u2019ils aillent le vendre\u00a0\u00bb, a-t-il dit. \u00ab\u00a0Je veux \u00eatre le r\u00e9publicain qui se pr\u00e9sentera face \u00e0 eux.\u00a0\u00bb<\/p>\n<p>Donald Trump a \u00e9galement d\u00e9fendu son bilan, soulign\u00e9 notamment la bonne sant\u00e9 de l\u2019\u00e9conomie am\u00e9ricaine, ses taxes impos\u00e9es \u00e0 la Chine et rappel\u00e9 qu\u2019il \u00e9tait sur le point d\u2019obtenir le financement de son \u00ab\u00a0mur\u00a0\u00bb \u00e0 la fronti\u00e8re avec le Mexique.<\/p>\n<p>Devant sa base la plus fid\u00e8le, il a repris les th\u00e8mes conservateurs qui lui ont permis de remporter la pr\u00e9sidentielle, une politique migratoire dure, le maintien de la l\u00e9gislation sur les armes, ou une ligne r\u00e9solument anti-avortement.<\/p>\n<p>Sur ces sujets, il s\u2019en est de nouveau pris aux d\u00e9mocrates, qu\u2019il a accus\u00e9s d\u2019avoir \u00ab\u00a0un programme radical\u00a0\u00bb, r\u00e9guli\u00e8rement interrompu par des \u00ab\u00a0USA! USA!\u00a0\u00bb de l\u2019audience, chauff\u00e9e \u00e0 blanc.<\/p>\n<\/div>\n<p>Auteur: AFP<br \/>\n<a href=\"https:\/\/www.journalducameroun.com\/trump-en-mode-campagne-devant-les-conservateurs-critique-le-penchant-socialiste-des-democrates\/\">Cliquez ici pour lire l&rsquo;article depuis sa source.<\/a><\/p>\n","protected":false},"excerpt":{"rendered":"<p>Publi\u00e9 le 02.03.2019 \u00e0 21h50 par AFP Le pr\u00e9sident am\u00e9ricain Donald Trump a livr\u00e9 samedi lors du grand rendez-vous annuel des conservateurs ce qui s\u2019apparentait \u00e0 un discours fleuve de campagne, critiquant le penchant \u00ab\u00a0socialiste\u00a0\u00bb des d\u00e9mocrates . Le milliardaire a \u00e9t\u00e9 accueilli en triomphe sur le podium de la Conservative Political Action Conference, ou [&hellip;]<\/p>\n","protected":false},"author":1965,"featured_media":0,"comment_status":"closed","ping_status":"closed","sticky":false,"template":"","format":"standard","meta":{"fifu_image_url":"","fifu_image_alt":"","footnotes":""},"categories":[73,82],"tags":[],"class_list":["post-19033","post","type-post","status-publish","format-standard","hentry","category-actualite","category-cameroun"],"_links":{"self":[{"href":"https:\/\/linitiative.ca\/International\/wp-json\/wp\/v2\/posts\/19033","targetHints":{"allow":["GET"]}}],"collection":[{"href":"https:\/\/linitiative.ca\/International\/wp-json\/wp\/v2\/posts"}],"about":[{"href":"https:\/\/linitiative.ca\/International\/wp-json\/wp\/v2\/types\/post"}],"author":[{"embeddable":true,"href":"https:\/\/linitiative.ca\/International\/wp-json\/wp\/v2\/users\/1965"}],"replies":[{"embeddable":true,"href":"https:\/\/linitiative.ca\/International\/wp-json\/wp\/v2\/comments?post=19033"}],"version-history":[{"count":0,"href":"https:\/\/linitiative.ca\/International\/wp-json\/wp\/v2\/posts\/19033\/revisions"}],"wp:attachment":[{"href":"https:\/\/linitiative.ca\/International\/wp-json\/wp\/v2\/media?parent=19033"}],"wp:term":[{"taxonomy":"category","embeddable":true,"href":"https:\/\/linitiative.ca\/International\/wp-json\/wp\/v2\/categories?post=19033"},{"taxonomy":"post_tag","embeddable":true,"href":"https:\/\/linitiative.ca\/International\/wp-json\/wp\/v2\/tags?post=19033"}],"curies":[{"name":"wp","href":"https:\/\/api.w.org\/{rel}","templated":true}]}}