{"id":19057,"date":"2019-03-02T18:00:00","date_gmt":"2019-03-02T23:00:00","guid":{"rendered":"https:\/\/linitiative.ca\/International\/conseil-constitutionnel-trois-postulants-deposent-leur-dossier-de-candidature\/"},"modified":"2019-03-02T18:00:00","modified_gmt":"2019-03-02T23:00:00","slug":"conseil-constitutionnel-trois-postulants-deposent-leur-dossier-de-candidature","status":"publish","type":"post","link":"https:\/\/linitiative.ca\/International\/conseil-constitutionnel-trois-postulants-deposent-leur-dossier-de-candidature\/","title":{"rendered":"Conseil constitutionnel : trois postulants d\u00e9posent leur dossier de candidature."},"content":{"rendered":"<p><strong>Il \u00e9tait 14h, lorsque s\u2019est pr\u00e9sent\u00e9, en premier, hier, au si\u00e8ge du Conseil constitutionnel, M. Abdelaziz Bela\u00efd, pr\u00e9sident du Front El-Moustakbel, pour d\u00e9poser son dossier de candidature \u00e0 la pr\u00e9sidentielle, pr\u00e9vue le 18 avril prochain.<\/strong><\/p>\n<p>Apparemment satisfait de la teneur des propos qu\u2019il a \u00e9chang\u00e9s avec le pr\u00e9sident de cette institution, M. Tayeb Bela\u00efz, celui-ci a d\u00e9clar\u00e9, lors d\u2019un point de presse improvis\u00e9 \u00e0 sa sortie, avoir la \u00ab certitude que le peuple alg\u00e9rien dans son int\u00e9gralit\u00e9 veut du changement et la r\u00e9alisation d&rsquo;une transition calme et souple ; l&rsquo;instance de coordination du parti qui s&rsquo;est r\u00e9unie samedi matin, suite au r\u00e9cent mouvement populaire, a d\u00e9cid\u00e9 de participer \u00e0 la prochaine pr\u00e9sidentielle\u00bb, a fait savoir M. Belaid, soutenant qu&rsquo;il sera \u00abl&rsquo;alternative\u00bb, d&rsquo;autant que son parti \u00abdispose d&rsquo;un programme et a d\u00e9j\u00e0 prouv\u00e9 son aptitude \u00e0 accomplir davantage de r\u00e9alisations\u00bb.<br \/>A cet effet, il dira que \u00abc\u2019est pour cette raison que le Front El Moustakbel a d\u00e9cid\u00e9, consensuellement, de proposer \u00e0 notre peuple une alternative et nous pla\u00e7ons notre confiance en lui\u00bb. Il a indiqu\u00e9 \u00e9galement avoir r\u00e9colt\u00e9 les signatures de plus de 1.700 \u00e9lus et celles de 115.000 citoyens.<br \/>De son c\u00f4t\u00e9, M. Mahfoud Adoul, du Parti de la victoire nationale (PVN), second candidat \u00e0 se pr\u00e9senter lors de la journ\u00e9e d\u2019hier, a soulign\u00e9, de prime abord, le fait que le pr\u00e9sident du Conseil constitutionnel lui a r\u00e9serv\u00e9 un bon accueil. \u00ab Nous avons rempli l\u2019ensemble des conditions que la loi exige pour me porter candidat \u00e0 la magistrature supr\u00eame. Je dois reconna\u00eetre que cela a \u00e9t\u00e9 tout sauf simple, et \u00e0 cet \u00e9gard, je salue l\u2019ensemble des militants de notre parti qui n\u2019ont pas d\u00e9m\u00e9rit\u00e9\u00bb, a-t-il fait savoir, avant d\u2019affirmer, dans la foul\u00e9e, que \u00abpour pouvoir davantage renforcer et prot\u00e9ger nos institutions, nous devons lutter, implacablement, contre la bureaucratie\u00bb, a-t-il dit, non sans r\u00e9v\u00e9ler avoir recueilli 62.000 signatures aupr\u00e8s des citoyens \u00e0 travers 27 wilayas.<br \/>Il dira \u00e9galement que son objectif \u00e9tait de \u00abconsacrer un processus d\u00e9mocratique authentique et de pr\u00e9server les institutions de l&rsquo;Etat\u00bb, d\u00e9plorant, par l\u00e0, \u00abcertaines\u00bb entraves administratives auxquelles avaient fait face les militants de son parti lors de la collecte des signatures, appelant \u00e0 cet effet \u00e0 la r\u00e9vision du r\u00e9gime \u00e9lectoral. Pour sa part, le pr\u00e9sident du mouvement el Bina, troisi\u00e8me candidat annonc\u00e9, devait lui aussi pr\u00e9senter son dossier de candidature dans la soir\u00e9e d\u2019hier.\u00a0 Pour rappel, le dossier de candidature doit \u00eatre d\u00e9pos\u00e9 par le candidat, apr\u00e8s rendez-vous convenu aupr\u00e8s du secr\u00e9tariat g\u00e9n\u00e9ral du Conseil constitutionnel, contre accus\u00e9 de r\u00e9ception. De plus, selon la loi organique portant r\u00e9gime \u00e9lectoral, le postulant \u00e0 la candidature doit pr\u00e9senter soit une liste comprenant 600 signatures individuelles d&rsquo;\u00e9lus d&rsquo;Assembl\u00e9es populaires locales (APC et APW) ou parlementaires, r\u00e9parties au moins \u00e0 travers 25 wilayas, soit une liste comportant 60.000 signatures individuelles, au moins, d&rsquo;\u00e9lecteurs. Ces signatures doivent \u00eatre recueillies \u00e0 travers, au moins, 25 wilayas avec un nombre minimal de signatures exig\u00e9es pour chacune des wilayas qui ne saurait \u00eatre inf\u00e9rieur \u00e0 1.500. Et ce, avant aujourd\u2019hui minuit.<br \/><strong>Sami Kaidi<\/strong><\/p>\n<p>Auteur: elmoudjahid<br \/>\n<a href=\"http:\/\/www.elmoudjahid.com\/fr\/actualites\/134343\">Cliquez ici pour lire l&rsquo;article depuis sa source.<\/a><\/p>\n","protected":false},"excerpt":{"rendered":"<p>Il \u00e9tait 14h, lorsque s\u2019est pr\u00e9sent\u00e9, en premier, hier, au si\u00e8ge du Conseil constitutionnel, M. Abdelaziz Bela\u00efd, pr\u00e9sident du Front El-Moustakbel, pour d\u00e9poser son dossier de candidature \u00e0 la pr\u00e9sidentielle, pr\u00e9vue le 18 avril prochain. Apparemment satisfait de la teneur des propos qu\u2019il a \u00e9chang\u00e9s avec le pr\u00e9sident de cette institution, M. Tayeb Bela\u00efz, celui-ci [&hellip;]<\/p>\n","protected":false},"author":1744,"featured_media":0,"comment_status":"closed","ping_status":"closed","sticky":false,"template":"","format":"standard","meta":{"fifu_image_url":"","fifu_image_alt":"","footnotes":""},"categories":[73,53],"tags":[],"class_list":["post-19057","post","type-post","status-publish","format-standard","hentry","category-actualite","category-algerie"],"_links":{"self":[{"href":"https:\/\/linitiative.ca\/International\/wp-json\/wp\/v2\/posts\/19057","targetHints":{"allow":["GET"]}}],"collection":[{"href":"https:\/\/linitiative.ca\/International\/wp-json\/wp\/v2\/posts"}],"about":[{"href":"https:\/\/linitiative.ca\/International\/wp-json\/wp\/v2\/types\/post"}],"author":[{"embeddable":true,"href":"https:\/\/linitiative.ca\/International\/wp-json\/wp\/v2\/users\/1744"}],"replies":[{"embeddable":true,"href":"https:\/\/linitiative.ca\/International\/wp-json\/wp\/v2\/comments?post=19057"}],"version-history":[{"count":0,"href":"https:\/\/linitiative.ca\/International\/wp-json\/wp\/v2\/posts\/19057\/revisions"}],"wp:attachment":[{"href":"https:\/\/linitiative.ca\/International\/wp-json\/wp\/v2\/media?parent=19057"}],"wp:term":[{"taxonomy":"category","embeddable":true,"href":"https:\/\/linitiative.ca\/International\/wp-json\/wp\/v2\/categories?post=19057"},{"taxonomy":"post_tag","embeddable":true,"href":"https:\/\/linitiative.ca\/International\/wp-json\/wp\/v2\/tags?post=19057"}],"curies":[{"name":"wp","href":"https:\/\/api.w.org\/{rel}","templated":true}]}}