{"id":191454,"date":"2026-08-31T06:17:13","date_gmt":"2026-08-31T10:17:13","guid":{"rendered":"https:\/\/linitiative.ca\/International\/preparatifs-de-la-rentree-scolaire-2026-2027-reunion-de-coordination-a-laref-de-beni-mellal-khenifra\/"},"modified":"2026-08-31T06:17:13","modified_gmt":"2026-08-31T10:17:13","slug":"preparatifs-de-la-rentree-scolaire-2026-2027-reunion-de-coordination-a-laref-de-beni-mellal-khenifra","status":"publish","type":"post","link":"https:\/\/linitiative.ca\/International\/preparatifs-de-la-rentree-scolaire-2026-2027-reunion-de-coordination-a-laref-de-beni-mellal-khenifra\/","title":{"rendered":"Pr\u00e9paratifs de la rentr\u00e9e scolaire 2026-2027: R\u00e9union de coordination \u00e0 l\u2019AREF  de B\u00e9ni Mellal-Kh\u00e9nifra"},"content":{"rendered":"<p><span><strong>Mobilisation<\/strong><\/span><br \/><strong>Une r\u00e9union de coordination r\u00e9gionale consacr\u00e9e au suivi des pr\u00e9paratifs de la rentr\u00e9e scolaire 2026-2027 s\u2019est tenue, jeudi 27 ao\u00fbt 2026, au si\u00e8ge de l\u2019Acad\u00e9mie r\u00e9gionale de l\u2019\u00e9ducation et de la formation (AREF) de B\u00e9ni Mellal-Kh\u00e9nifra.<\/strong><\/p>\n<p><span id=\"more-527101\"\/><br \/>Pr\u00e9sid\u00e9e par le directeur de l\u2019Acad\u00e9mie, cette r\u00e9union a rassembl\u00e9 le directeur adjoint, la directrice et les directeurs provinciaux, ainsi que les chefs de divisions, l\u2019inspecteur charg\u00e9 de la coordination de l\u2019inspection r\u00e9gionale et un inspecteur d\u2019orientation p\u00e9dagogique.<br \/>Cette rencontre a \u00e9t\u00e9 consacr\u00e9e au suivi des diff\u00e9rentes op\u00e9rations et dispositions engag\u00e9es afin d\u2019assurer la pleine pr\u00e9paration des \u00e9tablissements scolaires dans les diff\u00e9rentes provinces de la r\u00e9gion.<br \/>\u00c0 l\u2019ouverture des travaux, le directeur de l\u2019Acad\u00e9mie a insist\u00e9 sur la n\u00e9cessit\u00e9 de finaliser les op\u00e9rations li\u00e9es \u00e0 la rentr\u00e9e scolaire, notamment l\u2019am\u00e9nagement des espaces d\u2019accueil et l\u2019ach\u00e8vement des travaux de mise \u00e0 niveau des \u00e9tablissements scolaires, afin de garantir une reprise effective des cours conform\u00e9ment au calendrier fix\u00e9 par le cadre de r\u00e9f\u00e9rence minist\u00e9riel pour l\u2019ann\u00e9e scolaire 2026-2027.<br \/>Il a \u00e9galement soulign\u00e9 l\u2019importance de la mobilisation de l\u2019ensemble des acteurs et partenaires pour r\u00e9ussir cette rentr\u00e9e, mettant en avant la n\u00e9cessit\u00e9 de r\u00e9unir les conditions p\u00e9dagogiques, administratives et mat\u00e9rielles appropri\u00e9es pour accueillir les \u00e9l\u00e8ves dans les meilleures conditions.<br \/>Le responsable a, par ailleurs, pr\u00e9sent\u00e9 les mesures pr\u00e9vues pour l\u2019\u00e9largissement et la mise en \u0153uvre du programme des \u00ab\u00c9tablissements pionniers\u00bb, ainsi que le renforcement des m\u00e9canismes de soutien social en faveur des \u00e9l\u00e8ves. Il a \u00e9galement \u00e9voqu\u00e9 la poursuite du programme de soutien p\u00e9dagogique destin\u00e9 \u00e0 rem\u00e9dier aux difficult\u00e9s d\u2019apprentissage et \u00e0 am\u00e9liorer la qualit\u00e9 des acquis scolaires.<br \/>De leur c\u00f4t\u00e9, la directrice et les directeurs provinciaux ont pr\u00e9sent\u00e9 des expos\u00e9s consacr\u00e9s aux mesures prises en pr\u00e9vision de la rentr\u00e9e scolaire. Ces pr\u00e9sentations ont notamment port\u00e9 sur les \u00e9tablissements nouvellement cr\u00e9\u00e9s et ceux retenus dans le cadre de la rentr\u00e9e, les op\u00e9rations de mise \u00e0 niveau ainsi que les dispositifs de soutien social.<br \/>\u00c0 l\u2019issue de la r\u00e9union, le directeur de l\u2019Acad\u00e9mie a appel\u00e9 \u00e0 l\u2019ach\u00e8vement de l\u2019ensemble des op\u00e9rations avant la fin du mois d\u2019ao\u00fbt 2026, insistant sur la n\u00e9cessit\u00e9 de maintenir une mobilisation soutenue et de renforcer la communication afin d\u2019assurer une rentr\u00e9e scolaire r\u00e9ussie et fluide.<\/p>\n<p>Auteur: Said Frix<br \/>\n<a href=\"https:\/\/aujourdhui.ma\/actualite\/preparatifs-de-la-rentree-scolaire-2026-2027-reunion-de-coordination-a-laref-de-beni-mellal-khenifra\">Cliquez ici pour lire l&rsquo;article depuis sa source.<\/a><\/p>\n","protected":false},"excerpt":{"rendered":"<p>MobilisationUne r\u00e9union de coordination r\u00e9gionale consacr\u00e9e au suivi des pr\u00e9paratifs de la rentr\u00e9e scolaire 2026-2027 s\u2019est tenue, jeudi 27 ao\u00fbt 2026, au si\u00e8ge de l\u2019Acad\u00e9mie r\u00e9gionale de l\u2019\u00e9ducation et de la formation (AREF) de B\u00e9ni Mellal-Kh\u00e9nifra. Pr\u00e9sid\u00e9e par le directeur de l\u2019Acad\u00e9mie, cette r\u00e9union a rassembl\u00e9 le directeur adjoint, la directrice et les directeurs provinciaux, [&hellip;]<\/p>\n","protected":false},"author":1759,"featured_media":0,"comment_status":"closed","ping_status":"closed","sticky":false,"template":"","format":"standard","meta":{"fifu_image_url":"https:\/\/aujourdhui.ma\/wp-content\/uploads\/2020\/05\/AREF-B\u00e9ni-Mellal-Kh\u00e9nifra.jpg","fifu_image_alt":"Pr\u00e9paratifs de la rentr\u00e9e scolaire 2026-2027: R\u00e9union de coordination \u00e0 l\u2019AREF de B\u00e9ni Mellal-Kh\u00e9nifra","footnotes":""},"categories":[73,54],"tags":[],"class_list":["post-191454","post","type-post","status-publish","format-standard","hentry","category-actualite","category-maroc"],"_links":{"self":[{"href":"https:\/\/linitiative.ca\/International\/wp-json\/wp\/v2\/posts\/191454","targetHints":{"allow":["GET"]}}],"collection":[{"href":"https:\/\/linitiative.ca\/International\/wp-json\/wp\/v2\/posts"}],"about":[{"href":"https:\/\/linitiative.ca\/International\/wp-json\/wp\/v2\/types\/post"}],"author":[{"embeddable":true,"href":"https:\/\/linitiative.ca\/International\/wp-json\/wp\/v2\/users\/1759"}],"replies":[{"embeddable":true,"href":"https:\/\/linitiative.ca\/International\/wp-json\/wp\/v2\/comments?post=191454"}],"version-history":[{"count":0,"href":"https:\/\/linitiative.ca\/International\/wp-json\/wp\/v2\/posts\/191454\/revisions"}],"wp:attachment":[{"href":"https:\/\/linitiative.ca\/International\/wp-json\/wp\/v2\/media?parent=191454"}],"wp:term":[{"taxonomy":"category","embeddable":true,"href":"https:\/\/linitiative.ca\/International\/wp-json\/wp\/v2\/categories?post=191454"},{"taxonomy":"post_tag","embeddable":true,"href":"https:\/\/linitiative.ca\/International\/wp-json\/wp\/v2\/tags?post=191454"}],"curies":[{"name":"wp","href":"https:\/\/api.w.org\/{rel}","templated":true}]}}