{"id":191455,"date":"2026-08-31T06:17:49","date_gmt":"2026-08-31T10:17:49","guid":{"rendered":"https:\/\/linitiative.ca\/International\/marrakech-4-malfrats-arretes-pour-agression-mortelle\/"},"modified":"2026-08-31T06:17:49","modified_gmt":"2026-08-31T10:17:49","slug":"marrakech-4-malfrats-arretes-pour-agression-mortelle","status":"publish","type":"post","link":"https:\/\/linitiative.ca\/International\/marrakech-4-malfrats-arretes-pour-agression-mortelle\/","title":{"rendered":"Marrakech : 4 malfrats arr\u00eat\u00e9s pour agression mortelle"},"content":{"rendered":"<p><strong>Homicide<\/strong><br \/>Jeudi matin, les enqu\u00eateurs de la police judiciaire pr\u00e9fectorale de la s\u00fbret\u00e9 \u00e0 Marrakech ont men\u00e9 une op\u00e9ration d\u00e9cisive. Quatre jeunes hommes, dont l\u2019un est un repris de justice, ont \u00e9t\u00e9 arr\u00eat\u00e9s en l\u2019espace de quelques heures, mettant fin \u00e0 une traque discr\u00e8te mais d\u00e9termin\u00e9e.<br \/>Il s\u2019agit d\u2019une agression d\u2019une extr\u00eame violence. En effet la victime a \u00e9t\u00e9 frapp\u00e9e \u00e0 l\u2019arme blanche avec une telle brutalit\u00e9 que les blessures se sont r\u00e9v\u00e9l\u00e9es mortelles. Les agresseurs ont pris la fuite. Mais les enqu\u00eateurs n\u2019ont pas tard\u00e9 \u00e0 resserrer l\u2019\u00e9tau autour d\u2019eux. Gr\u00e2ce \u00e0 un travail minutieux de recoupement d\u2019indices et de t\u00e9moignages, ils sont parvenus \u00e0 identifier les auteurs de cette agression. A ce propos, quatre mis en cause ont \u00e9t\u00e9 arr\u00eat\u00e9s, jeudi 27 ao\u00fbt, avant d\u2019\u00eatre traduits, apr\u00e8s l\u2019ach\u00e8vement de la dur\u00e9e de la garde \u00e0 vue, devant le parquet g\u00e9n\u00e9ral pr\u00e8s la Cour d\u2019appel \u00e0 Marrakech.<\/p>\n<p>Auteur: Abderrafii ALOUMLIKI<br \/>\n<a href=\"https:\/\/aujourdhui.ma\/faits-divers\/marrakech-4-malfrats-arretes-pour-agression-mortelle\">Cliquez ici pour lire l&rsquo;article depuis sa source.<\/a><\/p>\n","protected":false},"excerpt":{"rendered":"<p>HomicideJeudi matin, les enqu\u00eateurs de la police judiciaire pr\u00e9fectorale de la s\u00fbret\u00e9 \u00e0 Marrakech ont men\u00e9 une op\u00e9ration d\u00e9cisive. Quatre jeunes hommes, dont l\u2019un est un repris de justice, ont \u00e9t\u00e9 arr\u00eat\u00e9s en l\u2019espace de quelques heures, mettant fin \u00e0 une traque discr\u00e8te mais d\u00e9termin\u00e9e.Il s\u2019agit d\u2019une agression d\u2019une extr\u00eame violence. En effet la victime [&hellip;]<\/p>\n","protected":false},"author":1759,"featured_media":191456,"comment_status":"closed","ping_status":"closed","sticky":false,"template":"","format":"standard","meta":{"fifu_image_url":"https:\/\/aujourdhui.ma\/wp-content\/uploads\/2026\/01\/Arrestation-Malfrat-Crime-Maroc-2-large.jpg","fifu_image_alt":"Marrakech : 4 malfrats arr\u00eat\u00e9s pour agression mortelle","footnotes":""},"categories":[73,54],"tags":[],"class_list":["post-191455","post","type-post","status-publish","format-standard","has-post-thumbnail","hentry","category-actualite","category-maroc"],"_links":{"self":[{"href":"https:\/\/linitiative.ca\/International\/wp-json\/wp\/v2\/posts\/191455","targetHints":{"allow":["GET"]}}],"collection":[{"href":"https:\/\/linitiative.ca\/International\/wp-json\/wp\/v2\/posts"}],"about":[{"href":"https:\/\/linitiative.ca\/International\/wp-json\/wp\/v2\/types\/post"}],"author":[{"embeddable":true,"href":"https:\/\/linitiative.ca\/International\/wp-json\/wp\/v2\/users\/1759"}],"replies":[{"embeddable":true,"href":"https:\/\/linitiative.ca\/International\/wp-json\/wp\/v2\/comments?post=191455"}],"version-history":[{"count":0,"href":"https:\/\/linitiative.ca\/International\/wp-json\/wp\/v2\/posts\/191455\/revisions"}],"wp:featuredmedia":[{"embeddable":true,"href":"https:\/\/linitiative.ca\/International\/wp-json\/wp\/v2\/media\/191456"}],"wp:attachment":[{"href":"https:\/\/linitiative.ca\/International\/wp-json\/wp\/v2\/media?parent=191455"}],"wp:term":[{"taxonomy":"category","embeddable":true,"href":"https:\/\/linitiative.ca\/International\/wp-json\/wp\/v2\/categories?post=191455"},{"taxonomy":"post_tag","embeddable":true,"href":"https:\/\/linitiative.ca\/International\/wp-json\/wp\/v2\/tags?post=191455"}],"curies":[{"name":"wp","href":"https:\/\/api.w.org\/{rel}","templated":true}]}}