{"id":191459,"date":"2026-08-31T13:00:34","date_gmt":"2026-08-31T17:00:34","guid":{"rendered":"https:\/\/linitiative.ca\/International\/journee-du-savoir-tunisie-telecom-celebre-lexcellence-et-mise-sur-les-talents-de-demain\/"},"modified":"2026-08-31T13:00:34","modified_gmt":"2026-08-31T17:00:34","slug":"journee-du-savoir-tunisie-telecom-celebre-lexcellence-et-mise-sur-les-talents-de-demain","status":"publish","type":"post","link":"https:\/\/linitiative.ca\/International\/journee-du-savoir-tunisie-telecom-celebre-lexcellence-et-mise-sur-les-talents-de-demain\/","title":{"rendered":"Journ\u00e9e du Savoir : Tunisie Telecom c\u00e9l\u00e8bre l\u2019excellence et mise sur les talents de demain"},"content":{"rendered":"<p><strong>437 jeunes laur\u00e9ats, sept champions nationaux du baccalaur\u00e9at et un m\u00eame message: le savoir reste le meilleur investissement pour pr\u00e9parer l\u2019avenir.<\/strong> Il y a les chiffres. Et puis il y a ce qu\u2019ils racontent. \u00c0 travers sa traditionnelle Journ\u00e9e du Savoir, c\u00e9l\u00e9br\u00e9e les 28 et 29 ao\u00fbt au P\u00f4le Technologique El Ghazala, Tunisie Telecom a choisi, une nouvelle fois, de mettre en lumi\u00e8re celles et ceux qui font de la r\u00e9ussite scolaire et universitaire une affaire de travail, de pers\u00e9v\u00e9rance et d\u2019ambition.<\/p>\n<p>Au total, <strong>437 \u00e9l\u00e8ves et \u00e9tudiants,<\/strong> enfants de collaborateurs de Tunisie Telecom, ont \u00e9t\u00e9 distingu\u00e9s pour leurs performances au cours de l\u2019ann\u00e9e scolaire et universitaire 2025-2026. Parmi eux, <strong>huit laur\u00e9ats se sont particuli\u00e8rement illustr\u00e9s \u00e0 l\u2019\u00e9chelle nationale.<\/strong> Le palmar\u00e8s couvre toutes les \u00e9tapes du parcours \u00e9ducatif: 48 admis au concours d\u2019entr\u00e9e aux coll\u00e8ges pilotes, 97 aux lyc\u00e9es pilotes, 147 nouveaux bacheliers et 145 dipl\u00f4m\u00e9s de l\u2019enseignement sup\u00e9rieur.<br \/>Deux journ\u00e9es, deux g\u00e9n\u00e9rations de r\u00e9ussites. La premi\u00e8re a r\u00e9uni 242 laur\u00e9ats, dipl\u00f4m\u00e9s de l\u2019enseignement sup\u00e9rieur et \u00e9l\u00e8ves ayant r\u00e9ussi le concours de fin de l\u2019enseignement de base. La seconde a \u00e9t\u00e9 consacr\u00e9e \u00e0 195 \u00e9l\u00e8ves, parmi les laur\u00e9ats de la sixi\u00e8me ann\u00e9e de l\u2019enseignement de base et les nouveaux bacheliers.<\/p>\n<p><span><span><strong>Les sept meilleurs bacheliers sous les projecteurs<\/strong><\/span><\/span><\/p>\n<p>Cette \u00e9dition 2026 avait toutefois une r\u00e9sonance particuli\u00e8re. Les <strong>sept premiers laur\u00e9ats nationaux du baccalaur\u00e9at 2026, dans les diff\u00e9rentes sections,<\/strong> avaient \u00e9t\u00e9 convi\u00e9s comme invit\u00e9s d\u2019honneur.<img decoding=\"async\" src=\"\/uploads\/FCK_files\/photo-bac-2-(1).jpg\" width=\"100%\" vspace=\"5\" hspace=\"5\" align=\"middle\" alt=\"\"\/>Leur pr\u00e9sence a donn\u00e9 \u00e0 la c\u00e9r\u00e9monie une dimension particuli\u00e8re: celle d\u2019une rencontre entre des parcours d\u2019excellence et les centaines de jeunes r\u00e9compens\u00e9s par Tunisie Telecom. Au-del\u00e0 des distinctions, le message est clair : la performance n\u2019est pas seulement un r\u00e9sultat \u00e0 c\u00e9l\u00e9brer, elle peut devenir un exemple et une source d\u2019inspiration pour toute une g\u00e9n\u00e9ration.<\/p>\n<p><span><span><strong>Du m\u00e9rite individuel \u00e0 un enjeu national<\/strong><\/span><\/span><\/p>\n<p>Pour Lass\u00e2ad Ben Dhiab, Pr\u00e9sident-Directeur G\u00e9n\u00e9ral de Tunisie Telecom, l\u2019\u00e9ducation ne saurait cependant se r\u00e9sumer \u00e0 une c\u00e9r\u00e9monie annuelle de remise de prix. Elle constitue un axe plus large de l\u2019engagement soci\u00e9tal de l\u2019entreprise.<\/p>\n<p>Cet engagement se d\u00e9ploie notamment autour de l\u2019accompagnement \u00e9ducatif, du transport scolaire et, surtout, de la connectivit\u00e9. Tunisie Telecom indique ainsi contribuer au raccordement des \u00e9coles, coll\u00e8ges, lyc\u00e9es et \u00e9tablissements universitaires aux r\u00e9seaux Internet \u00e0 haut d\u00e9bit. L\u2019entreprise met \u00e9galement en avant son projet de <strong>\u00abclasse intelligente\u00bb<\/strong>, destin\u00e9 \u00e0 favoriser l\u2019int\u00e9gration des technologies num\u00e9riques dans les m\u00e9thodes d\u2019apprentissage.<\/p>\n<p>L\u2019enjeu d\u00e9passe d\u00e9sormais largement celui de l\u2019\u00e9quipement. Dans un pays o\u00f9 l\u2019acc\u00e8s aux savoirs passe de plus en plus par le num\u00e9rique, la qualit\u00e9 de la connexion et l\u2019\u00e9galit\u00e9 d\u2019acc\u00e8s aux outils technologiques deviennent elles-m\u00eames des conditions de r\u00e9ussite.<\/p>\n<p><span><span><strong>70 000 kilom\u00e8tres de fibre: le r\u00e9seau comme colonne vert\u00e9brale<br \/><\/strong><\/span><\/span><\/p>\n<p>Cette ambition \u00e9ducative s\u2019appuie sur une infrastructure num\u00e9rique que Tunisie Telecom continue de d\u00e9velopper. L\u2019entreprise affirme avoir d\u00e9ploy\u00e9 <strong>plus de 70 000 kilom\u00e8tres de fibre optique,<\/strong> tout en poursuivant l\u2019extension de la couverture dans les zones blanches et le renforcement de la connectivit\u00e9 internationale gr\u00e2ce aux c\u00e2bles sous-marins.<\/p>\n<p>Derri\u00e8re ces kilom\u00e8tres de fibre, il y a un enjeu beaucoup plus vaste : permettre aux citoyens, aux entreprises et aux institutions de disposer des infrastructures n\u00e9cessaires \u00e0 une \u00e9conomie et \u00e0 une soci\u00e9t\u00e9 de plus en plus num\u00e9rique.<\/p>\n<p><span><span><strong>Une f\u00eate du savoir, mais aussi des familles<br \/><\/strong><\/span><\/span><\/p>\n<p>La Journ\u00e9e du Savoir est enfin une affaire de familles. En mettant \u00e0 l\u2019honneur les enfants de ses collaborateurs, Tunisie Telecom entretient une tradition qui d\u00e9passe la simple reconnaissance acad\u00e9mique. Elle cr\u00e9e un moment de rassemblement et de convivialit\u00e9 autour d\u2019une valeur commune: le m\u00e9rite.<\/p>\n<p>Cette c\u00e9l\u00e9bration participe \u00e9galement \u00e0 la politique de valorisation des ressources humaines de l\u2019entreprise. Les r\u00e9ussites des enfants deviennent ainsi un prolongement symbolique de l\u2019engagement des collaborateurs eux-m\u00eames.<\/p>\n<p>Au fond, le pari est simple : <strong>une entreprise technologique ne peut pr\u00e9parer l\u2019avenir sans investir dans ceux qui auront \u00e0 le construire.<\/strong> En c\u00e9l\u00e9brant 437 r\u00e9ussites et en ouvrant ses portes aux sept meilleurs bacheliers du pays, Tunisie Telecom entend inscrire cette conviction dans la dur\u00e9e: le num\u00e9rique connecte les territoires, mais c\u2019est le savoir qui connecte les g\u00e9n\u00e9rations.<\/p>\n<p>Auteur:<br \/>\n<a href=\"https:\/\/www.leaders.com.tn\/article\/38405-journee-du-savoir-tunisie-telecom-celebre-l-excellence-et-mise-sur-les-talents-de-demain\">Cliquez ici pour lire l&rsquo;article depuis sa source.<\/a><\/p>\n","protected":false},"excerpt":{"rendered":"<p>437 jeunes laur\u00e9ats, sept champions nationaux du baccalaur\u00e9at et un m\u00eame message: le savoir reste le meilleur investissement pour pr\u00e9parer l\u2019avenir. Il y a les chiffres. Et puis il y a ce qu\u2019ils racontent. \u00c0 travers sa traditionnelle Journ\u00e9e du Savoir, c\u00e9l\u00e9br\u00e9e les 28 et 29 ao\u00fbt au P\u00f4le Technologique El Ghazala, Tunisie Telecom a [&hellip;]<\/p>\n","protected":false},"author":1772,"featured_media":191460,"comment_status":"closed","ping_status":"closed","sticky":false,"template":"","format":"standard","meta":{"fifu_image_url":"https:\/\/www.leaders.com.tn\/uploads\/content\/thumbnails\/178817196854_content.jpg","fifu_image_alt":"Journ\u00e9e du Savoir : Tunisie Telecom c\u00e9l\u00e8bre l\u2019excellence et mise sur les talents de demain","footnotes":""},"categories":[73,55],"tags":[],"class_list":["post-191459","post","type-post","status-publish","format-standard","has-post-thumbnail","hentry","category-actualite","category-tunisie"],"_links":{"self":[{"href":"https:\/\/linitiative.ca\/International\/wp-json\/wp\/v2\/posts\/191459","targetHints":{"allow":["GET"]}}],"collection":[{"href":"https:\/\/linitiative.ca\/International\/wp-json\/wp\/v2\/posts"}],"about":[{"href":"https:\/\/linitiative.ca\/International\/wp-json\/wp\/v2\/types\/post"}],"author":[{"embeddable":true,"href":"https:\/\/linitiative.ca\/International\/wp-json\/wp\/v2\/users\/1772"}],"replies":[{"embeddable":true,"href":"https:\/\/linitiative.ca\/International\/wp-json\/wp\/v2\/comments?post=191459"}],"version-history":[{"count":0,"href":"https:\/\/linitiative.ca\/International\/wp-json\/wp\/v2\/posts\/191459\/revisions"}],"wp:featuredmedia":[{"embeddable":true,"href":"https:\/\/linitiative.ca\/International\/wp-json\/wp\/v2\/media\/191460"}],"wp:attachment":[{"href":"https:\/\/linitiative.ca\/International\/wp-json\/wp\/v2\/media?parent=191459"}],"wp:term":[{"taxonomy":"category","embeddable":true,"href":"https:\/\/linitiative.ca\/International\/wp-json\/wp\/v2\/categories?post=191459"},{"taxonomy":"post_tag","embeddable":true,"href":"https:\/\/linitiative.ca\/International\/wp-json\/wp\/v2\/tags?post=191459"}],"curies":[{"name":"wp","href":"https:\/\/api.w.org\/{rel}","templated":true}]}}