{"id":191463,"date":"2026-08-31T13:15:38","date_gmt":"2026-08-31T17:15:38","guid":{"rendered":"https:\/\/linitiative.ca\/International\/pedro-sanchez-defend-la-relation-avec-le-maroc-inflige-un-camouflet-aux-extremistes-en-espagne\/"},"modified":"2026-08-31T13:15:38","modified_gmt":"2026-08-31T17:15:38","slug":"pedro-sanchez-defend-la-relation-avec-le-maroc-inflige-un-camouflet-aux-extremistes-en-espagne","status":"publish","type":"post","link":"https:\/\/linitiative.ca\/International\/pedro-sanchez-defend-la-relation-avec-le-maroc-inflige-un-camouflet-aux-extremistes-en-espagne\/","title":{"rendered":"Pedro S\u00e1nchez d\u00e9fend la relation avec le Maroc, inflige un camouflet aux extr\u00e9mistes en Espagne"},"content":{"rendered":"<p class=\"wp-block-paragraph\"><strong>Rentr\u00e9e politique en Espagne. Comme on pouvait l\u2019imaginer, le pr\u00e9sident du gouvernement Pedro S\u00e1nchez \u00e9tait tr\u00e8s attendu sur la crise migratoire \u00e0 Sebta et Mellilia. Celui-ci va non seulement d\u00e9fendre la relation avec le Maroc, mais il va infliger un v\u00e9ritable camouflet aux m\u00e9dias et aux extr\u00eames (droite et gauche) dans son pays, qui m\u00e8nent une odieuse campagne de haine contre le Royaume depuis des semaines.<\/strong><\/p>\n<p class=\"wp-block-paragraph\">\u00abIl n\u2019y a aucune information venant des forces et corps de s\u00e9curit\u00e9 de l\u2019\u00c9tat, ni du Centre national de renseignement [CNI], ni d\u2019aucun centre de renseignement avec lesquels le gouvernement espagnol collabore habituellement, qui permette de jeter un doute sur une participation, d\u2019une mani\u00e8re ou d\u2019une autre, des autorit\u00e9s marocaines\u00bb, a ass\u00e9n\u00e9, de prime abord, le chef du PSOE sur les ondes de Cadena SER.<\/p>\n<p class=\"wp-block-paragraph\">Tout en qualifiant les accusations port\u00e9es contre le Maroc de \u00abgraves, dangereuses et gratuites\u00bb, il a corrobor\u00e9 d\u2019une certain mani\u00e8re la version des autorit\u00e9s marocaines qui ont mis en cause une d\u00e9cision de la Justice espagnole instrumentalis\u00e9e par les r\u00e9seaux de trafic des \u00eatres humains pour encourager l\u2019assaut.<\/p>\n<p class=\"wp-block-paragraph\"><strong>Lire aussi |\u00a0<a href=\"https:\/\/www.challenge.ma\/crise-migratoire-le-maroc-met-leurope-face-a-ses-contradictions-323202\/#:~:text=POLITIQUE-,Crise%20migratoire%3A%20le%20Maroc%20met%20l%E2%80%99Europe%20face%20%C3%A0%20ses%20contradictions,-written%20by%20Jamal\" target=\"_blank\" rel=\"noreferrer noopener\">Crise migratoire: le Maroc met l\u2019Europe face \u00e0 ses contradictions<\/a><\/strong><\/p>\n<p class=\"wp-block-paragraph\">\u00ab\u00a0Ce que nous savons \u00e0 ce jour, c\u2019est qu\u2019un arr\u00eat de la Cour supr\u00eame du 8 juillet dernier a \u00e9t\u00e9 d\u00e9form\u00e9, qu\u2019il a \u00e9t\u00e9 propag\u00e9 sur les r\u00e9seaux sociaux \u00e0 travers des rumeurs, de la d\u00e9sinformation, mais aussi par des organisations criminelles qui trafiquent des \u00eatres humains\u00a0\u00bb, a-t-il fait valoir.<\/p>\n<p class=\"wp-block-paragraph\">Et de poursuivre: \u00abNous devons \u00eatre conscients que cette crise ne pourra se r\u00e9soudre que par la coop\u00e9ration et non par un manque de confiance envers le Maroc, ce qui ne ferait qu\u2019aggraver davantage une situation d\u00e9j\u00e0 complexe \u00e0 Sebta\u00bb. Pour illustrer l\u2019efficacit\u00e9 de la coop\u00e9ration bilat\u00e9rale, il a expliqu\u00e9 que le nombre d\u2019entr\u00e9es irr\u00e9guli\u00e8res par la route de la M\u00e9diterran\u00e9e occidentale, celle de l\u2019Espagne, est deux fois moins que celles enregistr\u00e9es au niveau de la M\u00e9diterran\u00e9e centrale, comme celle de l\u2019Italie.<\/p>\n<p class=\"wp-block-paragraph\"><strong>Lire aussi |\u00a0<a href=\"https:\/\/www.challenge.ma\/le-maroc-hausse-le-ton-nous-ne-sommes-ni-le-gendarme-ni-le-concierge-de-leurope-323188\/#:~:text=POLITIQUE-,Le%20Maroc%20hausse%20le%20ton%3A%20%C2%ABNous%20ne%20sommes%20ni%20le%20gendarme%20ni%20le%20concierge%20de%20l%E2%80%99Europe%C2%BB,-written%20by%20Challenge\" target=\"_blank\" rel=\"noreferrer noopener\">Le Maroc hausse le ton: \u00abNous ne sommes ni le gendarme ni le concierge de l\u2019Europe\u00bb<\/a><\/strong><\/p>\n<p class=\"wp-block-paragraph\">Enfin, Pedro S\u00e1nchez a soulign\u00e9 que la relation avec le Maroc ne se r\u00e9sume pas seulement \u00e0 un seul aspect. \u00abBien que la migration soit importante, il y a aussi l\u2019\u00e9conomie, la culture, le social, ainsi que la s\u00e9curit\u00e9 dans la lutte contre le terrorisme. Et je dois vous dire que sur le plan migratoire, la coop\u00e9ration avec le Maroc est franchement positive\u00bb, a-t-il pr\u00e9cis\u00e9.<\/p>\n<p>Auteur: Jamal Chibli<br \/>\n<a href=\"https:\/\/www.challenge.ma\/pedro-sanchez-defend-la-relation-avec-le-maroc-inflige-un-camouflet-aux-extremistes-en-espagne-323813\/\">Cliquez ici pour lire l&rsquo;article depuis sa source.<\/a><\/p>\n","protected":false},"excerpt":{"rendered":"<p>Rentr\u00e9e politique en Espagne. Comme on pouvait l\u2019imaginer, le pr\u00e9sident du gouvernement Pedro S\u00e1nchez \u00e9tait tr\u00e8s attendu sur la crise migratoire \u00e0 Sebta et Mellilia. Celui-ci va non seulement d\u00e9fendre la relation avec le Maroc, mais il va infliger un v\u00e9ritable camouflet aux m\u00e9dias et aux extr\u00eames (droite et gauche) dans son pays, qui m\u00e8nent [&hellip;]<\/p>\n","protected":false},"author":1787,"featured_media":191464,"comment_status":"closed","ping_status":"closed","sticky":false,"template":"","format":"standard","meta":{"fifu_image_url":"https:\/\/www.challenge.ma\/wp-content\/uploads\/2024\/04\/Pedro-Sanchez.jpg","fifu_image_alt":"Pedro S\u00e1nchez d\u00e9fend la relation avec le Maroc, inflige un camouflet aux extr\u00e9mistes en Espagne","footnotes":""},"categories":[78,54],"tags":[],"class_list":["post-191463","post","type-post","status-publish","format-standard","has-post-thumbnail","hentry","category-economie","category-maroc"],"_links":{"self":[{"href":"https:\/\/linitiative.ca\/International\/wp-json\/wp\/v2\/posts\/191463","targetHints":{"allow":["GET"]}}],"collection":[{"href":"https:\/\/linitiative.ca\/International\/wp-json\/wp\/v2\/posts"}],"about":[{"href":"https:\/\/linitiative.ca\/International\/wp-json\/wp\/v2\/types\/post"}],"author":[{"embeddable":true,"href":"https:\/\/linitiative.ca\/International\/wp-json\/wp\/v2\/users\/1787"}],"replies":[{"embeddable":true,"href":"https:\/\/linitiative.ca\/International\/wp-json\/wp\/v2\/comments?post=191463"}],"version-history":[{"count":0,"href":"https:\/\/linitiative.ca\/International\/wp-json\/wp\/v2\/posts\/191463\/revisions"}],"wp:featuredmedia":[{"embeddable":true,"href":"https:\/\/linitiative.ca\/International\/wp-json\/wp\/v2\/media\/191464"}],"wp:attachment":[{"href":"https:\/\/linitiative.ca\/International\/wp-json\/wp\/v2\/media?parent=191463"}],"wp:term":[{"taxonomy":"category","embeddable":true,"href":"https:\/\/linitiative.ca\/International\/wp-json\/wp\/v2\/categories?post=191463"},{"taxonomy":"post_tag","embeddable":true,"href":"https:\/\/linitiative.ca\/International\/wp-json\/wp\/v2\/tags?post=191463"}],"curies":[{"name":"wp","href":"https:\/\/api.w.org\/{rel}","templated":true}]}}