{"id":191467,"date":"2026-08-31T13:15:42","date_gmt":"2026-08-31T17:15:42","guid":{"rendered":"https:\/\/linitiative.ca\/International\/lgv-loncf-adapte-ses-horaires-a-lavancement-des-travaux\/"},"modified":"2026-08-31T13:15:42","modified_gmt":"2026-08-31T17:15:42","slug":"lgv-loncf-adapte-ses-horaires-a-lavancement-des-travaux","status":"publish","type":"post","link":"https:\/\/linitiative.ca\/International\/lgv-loncf-adapte-ses-horaires-a-lavancement-des-travaux\/","title":{"rendered":"LGV: l\u2019ONCF adapte ses horaires \u00e0 l\u2019avancement des travaux"},"content":{"rendered":"<p class=\"wp-block-paragraph\"><strong>L\u2019Office National des Chemins de Fer (ONCF) annonce des adaptations temporaires de la circulation des trains interviendront au cours des prochaines semaines, dans le cadre de l\u2019avancement des travaux de la Ligne \u00e0 Grande Vitesse Kenitra-Marrakech et des interventions men\u00e9es parall\u00e8lement sur les lignes conventionnelles.<\/strong><\/p>\n<p class=\"wp-block-paragraph\">Rendues n\u00e9cessaires par la progression des chantiers, ces mesures visent \u00e0 accompagner la mont\u00e9e en cadence des travaux dans des conditions optimales de s\u00e9curit\u00e9, tout en veillant \u00e0 maintenir la continuit\u00e9 du service dans les meilleures conditions possibles.<\/p>\n<p class=\"wp-block-paragraph\">Ces adaptations interviendront en deux temps. La premi\u00e8re \u00e9tape porte sur des adaptations ponctuelles les 5 et 6 septembre 2026. Ainsi, des travaux programm\u00e9s du samedi 5 septembre \u00e0 23h00 au dimanche 6 septembre \u00e0 23h00 entra\u00eeneront des adaptations de la circulation ferroviaire sur plusieurs dessertes.<\/p>\n<p class=\"wp-block-paragraph\"><strong>Lire aussi |\u00a0<a href=\"https:\/\/www.challenge.ma\/lgv-kenitra-marrakech-des-avancees-majeures-en-une-annee-319536\/#:~:text=FERROVIAIRE-,LGV%20K%C3%A9nitra%2DMarrakech%3A%20%C2%ABdes%20avanc%C3%A9es%20majeures%C2%BB%20en%20une%20ann%C3%A9e,-written%20by%20Challenge\" target=\"_blank\" rel=\"noreferrer noopener\">LGV K\u00e9nitra-Marrakech: \u00abdes avanc\u00e9es majeures\u00bb en une ann\u00e9e<\/a><\/strong><\/p>\n<p class=\"wp-block-paragraph\">Afin d\u2019assurer la continuit\u00e9 des d\u00e9placements des voyageurs concern\u00e9s, l\u2019ONCF mettra en place des solutions alternatives et des dispositifs de correspondance :<\/p>\n<p class=\"wp-block-paragraph\">\u2013 TNR El Jadida : limitation des trains \u00e0 Bouskoura, avec correspondance vers les trains Al Atlas;<\/p>\n<p class=\"wp-block-paragraph\">\u2013 TNR Settat : suspension temporaire de la desserte et orientation des voyageurs vers les trains Al Atlas;<\/p>\n<p class=\"wp-block-paragraph\">\u2013 TNR A\u00e9roport : suspension temporaire de la desserte ferroviaire, remplac\u00e9e par des navettes autocars Supratours;<\/p>\n<p class=\"wp-block-paragraph\">\u2013 Safi-Casablanca : suspension du train direct reliant les deux villes;<\/p>\n<p class=\"wp-block-paragraph\">\u2013 Khouribga : limitation des trains \u00e0 Berrechid, avec correspondance vers les trains Al Atlas;<\/p>\n<p class=\"wp-block-paragraph\">\u2013 Trains Al Atlas : des retards et des ajustements des temps de parcours sont \u00e0 pr\u00e9voir.<\/p>\n<p class=\"wp-block-paragraph\">Durant cette p\u00e9riode, l\u2019ONCF d\u00e9ploiera un dispositif d\u2019information et d\u2019accompagnement renforc\u00e9 pour informer les voyageurs en temps utile, les orienter et faciliter leurs d\u00e9placements.<\/p>\n<p class=\"wp-block-paragraph\"><strong>Lire aussi |\u00a0<a href=\"https:\/\/www.challenge.ma\/oncf-un-chiffre-daffaires-depassant-5-mmdh-en-2025-une-premiere-318953\/#:~:text=TRANSPORT-,ONCF%3A%20un%20chiffre%20d%E2%80%99affaires%20d%C3%A9passant%205%20MMDH%20en%202025%2C%20une%20premi%C3%A8re,-written%20by%20Challenge\" target=\"_blank\" rel=\"noreferrer noopener\">ONCF: un chiffre d\u2019affaires d\u00e9passant 5 MMDH en 2025, une premi\u00e8re<\/a><\/strong><\/p>\n<p class=\"wp-block-paragraph\">Concernant la seconde \u00e9tape, un nouveau plan de transport est pr\u00e9vu \u00e0 compter du 14 septembre 2026. Apr\u00e8s une premi\u00e8re phase engag\u00e9e le 15 septembre 2025, les travaux de la Ligne \u00e0 Grande Vitesse Kenitra-Marrakech entreront, \u00e0 compter du 14 septembre 2026, dans une nouvelle \u00e9tape.<\/p>\n<p class=\"wp-block-paragraph\">Dans le d\u00e9tail, ce nouveau plan de transport est con\u00e7u pour adapter les circulations aux contraintes du chantier tout en assurant la continuit\u00e9 du service et en limitant, autant que possible, l\u2019impact sur les d\u00e9placements des voyageurs.<\/p>\n<p class=\"wp-block-paragraph\">Ledit plan pr\u00e9voit notamment des adaptations de certaines dessertes, des modifications d\u2019horaires, des limitations de parcours, ainsi que la fermeture progressive de certaines gares, dont la gare des Facult\u00e9s et la gare Ennassim.<\/p>\n<p class=\"wp-block-paragraph\"><strong>Lire aussi |\u00a0<a href=\"https:\/\/challenge.ma\/officiel-loncf-leve-le-voile-sur-lacquisition-de-168-trains-297344\/\" target=\"_blank\" rel=\"noreferrer noopener\">Officiel. L\u2019ONCF l\u00e8ve le voile sur l\u2019acquisition de 168 trains<\/a><\/strong><\/p>\n<p class=\"wp-block-paragraph\">Pour permettre aux voyageurs d\u2019anticiper au mieux leurs d\u00e9placements, l\u2019ONCF communiquera, \u00e0 partir de la semaine du 7 septembre 2026, le d\u00e9tail de l\u2019ensemble de ces adaptations ainsi que leurs impacts sur les diff\u00e9rents axes.<\/p>\n<p class=\"wp-block-paragraph\">Des dispositifs d\u2019information et d\u2019accompagnement seront par ailleurs d\u00e9ploy\u00e9s dans les gares, \u00e0 bord des trains et sur les canaux digitaux de l\u2019ONCF, afin de garantir une information claire et actualis\u00e9e.<\/p>\n<p class=\"wp-block-paragraph\">Ces chantiers participent pleinement \u00e0 la dynamique de modernisation, de d\u00e9veloppement et de transformation du r\u00e9seau ferroviaire national, au service d\u2019une mobilit\u00e9 plus performante, plus durable et mieux adapt\u00e9e aux besoins de demain.<\/p>\n<p>Auteur: Challenge CP<br \/>\n<a href=\"https:\/\/www.challenge.ma\/lgv-loncf-adapte-ses-horaires-a-lavancement-des-travaux-323819\/\">Cliquez ici pour lire l&rsquo;article depuis sa source.<\/a><\/p>\n","protected":false},"excerpt":{"rendered":"<p>L\u2019Office National des Chemins de Fer (ONCF) annonce des adaptations temporaires de la circulation des trains interviendront au cours des prochaines semaines, dans le cadre de l\u2019avancement des travaux de la Ligne \u00e0 Grande Vitesse Kenitra-Marrakech et des interventions men\u00e9es parall\u00e8lement sur les lignes conventionnelles. Rendues n\u00e9cessaires par la progression des chantiers, ces mesures visent [&hellip;]<\/p>\n","protected":false},"author":1787,"featured_media":191468,"comment_status":"closed","ping_status":"closed","sticky":false,"template":"","format":"standard","meta":{"fifu_image_url":"https:\/\/www.challenge.ma\/wp-content\/uploads\/2025\/01\/LGV-Maroc.jpg","fifu_image_alt":"LGV: l\u2019ONCF adapte ses horaires \u00e0 l\u2019avancement des travaux","footnotes":""},"categories":[78,54],"tags":[],"class_list":["post-191467","post","type-post","status-publish","format-standard","has-post-thumbnail","hentry","category-economie","category-maroc"],"_links":{"self":[{"href":"https:\/\/linitiative.ca\/International\/wp-json\/wp\/v2\/posts\/191467","targetHints":{"allow":["GET"]}}],"collection":[{"href":"https:\/\/linitiative.ca\/International\/wp-json\/wp\/v2\/posts"}],"about":[{"href":"https:\/\/linitiative.ca\/International\/wp-json\/wp\/v2\/types\/post"}],"author":[{"embeddable":true,"href":"https:\/\/linitiative.ca\/International\/wp-json\/wp\/v2\/users\/1787"}],"replies":[{"embeddable":true,"href":"https:\/\/linitiative.ca\/International\/wp-json\/wp\/v2\/comments?post=191467"}],"version-history":[{"count":0,"href":"https:\/\/linitiative.ca\/International\/wp-json\/wp\/v2\/posts\/191467\/revisions"}],"wp:featuredmedia":[{"embeddable":true,"href":"https:\/\/linitiative.ca\/International\/wp-json\/wp\/v2\/media\/191468"}],"wp:attachment":[{"href":"https:\/\/linitiative.ca\/International\/wp-json\/wp\/v2\/media?parent=191467"}],"wp:term":[{"taxonomy":"category","embeddable":true,"href":"https:\/\/linitiative.ca\/International\/wp-json\/wp\/v2\/categories?post=191467"},{"taxonomy":"post_tag","embeddable":true,"href":"https:\/\/linitiative.ca\/International\/wp-json\/wp\/v2\/tags?post=191467"}],"curies":[{"name":"wp","href":"https:\/\/api.w.org\/{rel}","templated":true}]}}