{"id":191477,"date":"2026-08-31T06:34:52","date_gmt":"2026-08-31T10:34:52","guid":{"rendered":"https:\/\/linitiative.ca\/International\/masculinite-positive-la-vaisselle-de-fabrice-darga\/"},"modified":"2026-08-31T06:34:52","modified_gmt":"2026-08-31T10:34:52","slug":"masculinite-positive-la-vaisselle-de-fabrice-darga","status":"publish","type":"post","link":"https:\/\/linitiative.ca\/International\/masculinite-positive-la-vaisselle-de-fabrice-darga\/","title":{"rendered":"Masculinit\u00e9 positive: La vaisselle de Fabrice Darga"},"content":{"rendered":"<div class=\"td-post-featured-image\">\n<figure><a href=\"https:\/\/www.sidwaya.info\/wp-content\/uploads\/2026\/08\/palabre.jpeg\" data-caption=\"l'arbre \u00e0 palabre f\u00e9ministe constitue aussi les lieux d'\u00e9change sur la masculinit\u00e9 positive\"><img loading=\"lazy\" decoding=\"async\" width=\"696\" height=\"524\" class=\"entry-thumb td-modal-image\" src=\"https:\/\/www.sidwaya.info\/wp-content\/uploads\/2026\/08\/palabre-696x524.jpeg\" srcset=\"https:\/\/www.sidwaya.info\/wp-content\/uploads\/2026\/08\/palabre-696x524.jpeg 696w, https:\/\/www.sidwaya.info\/wp-content\/uploads\/2026\/08\/palabre-300x226.jpeg 300w, https:\/\/www.sidwaya.info\/wp-content\/uploads\/2026\/08\/palabre-768x578.jpeg 768w, https:\/\/www.sidwaya.info\/wp-content\/uploads\/2026\/08\/palabre-558x420.jpeg 558w, https:\/\/www.sidwaya.info\/wp-content\/uploads\/2026\/08\/palabre-80x60.jpeg 80w, https:\/\/www.sidwaya.info\/wp-content\/uploads\/2026\/08\/palabre-150x113.jpeg 150w, https:\/\/www.sidwaya.info\/wp-content\/uploads\/2026\/08\/palabre.jpeg 1020w\" sizes=\"auto, (max-width: 696px) 100vw, 696px\" alt=\"\" title=\"palabre\"\/><\/a><figcaption class=\"wp-caption-text\">l&rsquo;arbre \u00e0 palabre f\u00e9ministe constitue aussi les lieux d&rsquo;\u00e9change sur la masculinit\u00e9 positive<\/figcaption><\/figure>\n<\/div>\n<p><strong>Au Burkina Faso, la lutte contre les violences bas\u00e9es sur le genre ne peut pas \u00eatre uniquement l\u2019affaire des femmes.<\/strong><strong>\u00a0<\/strong> <strong>Le Mouvement FEMIN<\/strong><strong>\u2013<\/strong><strong>IN et son partenaire, le R\u00e9seau africain pour l\u2019\u00e9ducation et la sant\u00e9 (RAES), misent sur l\u2019approche de la masculinit\u00e9 positive pour faire des hommes des alli\u00e9s dans la promotion des droits des femmes. \u00c0 travers la promotion de<\/strong> <strong>cette approche<\/strong><strong>, l\u2019organisation entend transformer les rapports de domination et faire des hommes des acteurs de la d\u00e9fense des droits des femmes<\/strong><strong>.<\/strong><\/p>\n<p>Fabrice Darga est un jeune homme de 24 ans. Dans sa famille, les travaux m\u00e9nagers sont habituellement ex\u00e9cut\u00e9s par sa m\u00e8re et ses s\u0153urs. Lui ne s\u2019en pr\u00e9occupait gu\u00e8re. Un jour pourtant, sa m\u00e8re l\u2019a surpris en train de faire la vaisselle. Ce fut la surprise totale au sein de la famille Darga. Sa m\u00e8re et sa petite s\u0153ur se sont alors mises \u00e0 observer la sc\u00e8ne.<\/p>\n<p>\u00ab Avant, je me disais que faire la vaisselle n\u2019\u00e9tait pas une affaire de gar\u00e7on. Dor\u00e9navant, j\u2019ai pris l\u2019initiative d\u2019effectuer certaines t\u00e2ches m\u00e9nag\u00e8res afin d\u2019apporter un coup de main \u00e0 ma m\u00e8re et \u00e0 ma s\u0153ur \u00bb, d\u00e9clare Fabrice Darga.<\/p>\n<p>Ce changement a \u00e9t\u00e9 possible gr\u00e2ce \u00e0 une formation re\u00e7ue aupr\u00e8s du Mouvement FEMIN-IN sur l\u2019approche de la masculinit\u00e9 positive. Il s\u2019agit d\u2019une approche qui encourage les hommes et les gar\u00e7ons \u00e0 rejeter la violence et la domination, \u00e0 exprimer leurs \u00e9motions et \u00e0 s\u2019engager activement en faveur de l\u2019\u00e9galit\u00e9 entre les femmes et les hommes.<\/p>\n<p>\u00ab\u00a0De base, je n\u2019\u00e9tais pas un militant. C\u2019est \u00e0 travers les activit\u00e9s de sensibilisation que j\u2019ai d\u00e9couvert cette approche et j\u2019ai trouv\u00e9 que c\u2019\u00e9tait un sujet int\u00e9ressant, \u00e0 travers lequel je pouvais changer de comportement et ma vision de la masculinit\u00e9\u00a0\u00bb, soutient le jeune Darga.<\/p>\n<p>Depuis qu\u2019il s\u2019est engag\u00e9 dans cette voie, Fabrice Darga dit avoir constat\u00e9 des changements importants dans sa propre vie. Il affirme avoir appris \u00e0 mieux se ma\u00eetriser et \u00e0 accorder davantage d\u2019importance aux opinions des autres.<\/p>\n<figure id=\"attachment_168455\" aria-describedby=\"caption-attachment-168455\" class=\"wp-caption aligncenter\"><img fetchpriority=\"high\" decoding=\"async\" data-attachment-id=\"168455\" data-permalink=\"https:\/\/www.sidwaya.info\/masculinite-positive-la-vaisselle-de-fabrice-darga\/darga\/\" data-orig-file=\"https:\/\/www.sidwaya.info\/wp-content\/uploads\/2026\/08\/Darga.jpeg\" data-orig-size=\"1080,810\" data-comments-opened=\"1\" data-image-meta=\"{&quot;aperture&quot;:&quot;0&quot;,&quot;credit&quot;:&quot;&quot;,&quot;camera&quot;:&quot;&quot;,&quot;caption&quot;:&quot;&quot;,&quot;created_timestamp&quot;:&quot;0&quot;,&quot;copyright&quot;:&quot;&quot;,&quot;focal_length&quot;:&quot;0&quot;,&quot;iso&quot;:&quot;0&quot;,&quot;shutter_speed&quot;:&quot;0&quot;,&quot;title&quot;:&quot;&quot;,&quot;orientation&quot;:&quot;0&quot;,&quot;alt&quot;:&quot;&quot;}\" data-image-title=\"Darga\" data-image-description=\"\" data-image-caption=\"\" data-large-file=\"https:\/\/www.sidwaya.info\/wp-content\/uploads\/2026\/08\/Darga-1024x768.jpeg\" class=\"wp-image-168455 size-full\" src=\"https:\/\/www.sidwaya.info\/wp-content\/uploads\/2026\/08\/Darga.jpeg\" alt=\"\" width=\"1080\" height=\"810\" srcset=\"https:\/\/www.sidwaya.info\/wp-content\/uploads\/2026\/08\/Darga.jpeg 1080w, https:\/\/www.sidwaya.info\/wp-content\/uploads\/2026\/08\/Darga-300x225.jpeg 300w, https:\/\/www.sidwaya.info\/wp-content\/uploads\/2026\/08\/Darga-1024x768.jpeg 1024w, https:\/\/www.sidwaya.info\/wp-content\/uploads\/2026\/08\/Darga-768x576.jpeg 768w, https:\/\/www.sidwaya.info\/wp-content\/uploads\/2026\/08\/Darga-560x420.jpeg 560w, https:\/\/www.sidwaya.info\/wp-content\/uploads\/2026\/08\/Darga-80x60.jpeg 80w, https:\/\/www.sidwaya.info\/wp-content\/uploads\/2026\/08\/Darga-150x113.jpeg 150w, https:\/\/www.sidwaya.info\/wp-content\/uploads\/2026\/08\/Darga-696x522.jpeg 696w, https:\/\/www.sidwaya.info\/wp-content\/uploads\/2026\/08\/Darga-1068x801.jpeg 1068w, https:\/\/www.sidwaya.info\/wp-content\/uploads\/2026\/08\/Darga-265x198.jpeg 265w\" sizes=\"(max-width: 1080px) 100vw, 1080px\"\/><figcaption id=\"caption-attachment-168455\" class=\"wp-caption-text\">Fabrice Darga<\/figcaption><\/figure>\n<p>Avec l\u2019appui de son partenaire, le R\u00e9seau africain pour l\u2019\u00e9ducation et la sant\u00e9 (RAES), le Mouvement FEMIN-IN fait la promotion de cette approche au Burkina Faso, particuli\u00e8rement dans la r\u00e9gion du Nakamb\u00e9.<\/p>\n<p>Pour la charg\u00e9e de projet au Mouvement FEMIN-IN, Sabine Gampene, d\u00e9mographe, activiste engag\u00e9e sur les questions des droits et de la sant\u00e9 sexuelle et reproductive, la masculinit\u00e9 positive invite les hommes \u00e0 exprimer leurs \u00e9motions, \u00e0 partager les responsabilit\u00e9s familiales et domestiques et \u00e0 consid\u00e9rer les femmes comme leurs partenaires et non comme leurs subalternes. \u00ab\u00a0La masculinit\u00e9 positive constitue une approche essentielle dans la construction d\u2019une soci\u00e9t\u00e9 fond\u00e9e sur l\u2019\u00e9galit\u00e9 et l\u2019\u00e9quit\u00e9\u00a0\u00bb, affirme-t-elle.<\/p>\n<p>Avec l\u2019appui du RAES, le Mouvement FEMIN IN a form\u00e9 une cinquantaine de jeunes gar\u00e7ons \u00e0 cette approche. Fabrice Darga fait partie de ce groupe. Ces jeunes ont \u00e9t\u00e9 form\u00e9s au respect de l\u2019\u00e9galit\u00e9 de genre et \u00e0 la promotion des droits des femmes. Apr\u00e8s leur formation, ils ont men\u00e9 des campagnes digitales et anim\u00e9 des causeries \u00e9ducatives avec leurs pairs afin de les sensibiliser \u00e0 la masculinit\u00e9 positive. Ils sont devenus des relais dans leur communaut\u00e9.<\/p>\n<p>Les messages qu\u2019ils v\u00e9hiculent portent, entre autres, sur la lutte contre les violences bas\u00e9es sur le genre (VBG), la promotion des droits en mati\u00e8re de sant\u00e9 sexuelle et reproductive (DSSR), ainsi que la participation des femmes et des jeunes au renforcement de la coh\u00e9sion sociale.<\/p>\n<p>\u00ab De nature, on dit souvent que c\u2019est l\u2019homme qui a le pouvoir. Mais \u00e0 travers nos discussions et nos s\u00e9ances de sensibilisation, nous arrivons \u00e0 leur faire comprendre que l\u2019homme et la femme ont les m\u00eames droits et les m\u00eames devoirs \u00bb, explique-t-il.<\/p>\n<p><strong>Une approche pour pr\u00e9venir les violences<\/strong><\/p>\n<figure id=\"attachment_168457\" aria-describedby=\"caption-attachment-168457\" class=\"wp-caption aligncenter\"><img loading=\"lazy\" decoding=\"async\" data-attachment-id=\"168457\" data-permalink=\"https:\/\/www.sidwaya.info\/masculinite-positive-la-vaisselle-de-fabrice-darga\/sabine-gampene\/\" data-orig-file=\"https:\/\/www.sidwaya.info\/wp-content\/uploads\/2026\/08\/Sabine-Gampene.jpeg\" data-orig-size=\"1080,810\" data-comments-opened=\"1\" data-image-meta=\"{&quot;aperture&quot;:&quot;0&quot;,&quot;credit&quot;:&quot;&quot;,&quot;camera&quot;:&quot;&quot;,&quot;caption&quot;:&quot;&quot;,&quot;created_timestamp&quot;:&quot;0&quot;,&quot;copyright&quot;:&quot;&quot;,&quot;focal_length&quot;:&quot;0&quot;,&quot;iso&quot;:&quot;0&quot;,&quot;shutter_speed&quot;:&quot;0&quot;,&quot;title&quot;:&quot;&quot;,&quot;orientation&quot;:&quot;0&quot;,&quot;alt&quot;:&quot;&quot;}\" data-image-title=\"Sabine Gampene\" data-image-description=\"\" data-image-caption=\"\" data-large-file=\"https:\/\/www.sidwaya.info\/wp-content\/uploads\/2026\/08\/Sabine-Gampene-1024x768.jpeg\" class=\"wp-image-168457 size-full\" src=\"https:\/\/www.sidwaya.info\/wp-content\/uploads\/2026\/08\/Sabine-Gampene.jpeg\" alt=\"\" width=\"1080\" height=\"810\" srcset=\"https:\/\/www.sidwaya.info\/wp-content\/uploads\/2026\/08\/Sabine-Gampene.jpeg 1080w, https:\/\/www.sidwaya.info\/wp-content\/uploads\/2026\/08\/Sabine-Gampene-300x225.jpeg 300w, https:\/\/www.sidwaya.info\/wp-content\/uploads\/2026\/08\/Sabine-Gampene-1024x768.jpeg 1024w, https:\/\/www.sidwaya.info\/wp-content\/uploads\/2026\/08\/Sabine-Gampene-768x576.jpeg 768w, https:\/\/www.sidwaya.info\/wp-content\/uploads\/2026\/08\/Sabine-Gampene-560x420.jpeg 560w, https:\/\/www.sidwaya.info\/wp-content\/uploads\/2026\/08\/Sabine-Gampene-80x60.jpeg 80w, https:\/\/www.sidwaya.info\/wp-content\/uploads\/2026\/08\/Sabine-Gampene-150x113.jpeg 150w, https:\/\/www.sidwaya.info\/wp-content\/uploads\/2026\/08\/Sabine-Gampene-696x522.jpeg 696w, https:\/\/www.sidwaya.info\/wp-content\/uploads\/2026\/08\/Sabine-Gampene-1068x801.jpeg 1068w, https:\/\/www.sidwaya.info\/wp-content\/uploads\/2026\/08\/Sabine-Gampene-265x198.jpeg 265w\" sizes=\"auto, (max-width: 1080px) 100vw, 1080px\"\/><figcaption id=\"caption-attachment-168457\" class=\"wp-caption-text\">La charg\u00e9 de programme de FEMIN IN Sabine Gampen\u00e9<\/figcaption><\/figure>\n<p>Au sein de FEMIN-IN, l\u2019approche de la masculinit\u00e9 positive est transversale. Dans tous les projets du mouvement, les hommes sont impliqu\u00e9s. Cependant, cette approche a \u00e9t\u00e9 sp\u00e9cifiquement mise en \u0153uvre dans le cadre de l\u2019\u00ab \u00c9cole des alli\u00e9s \u00bb, un projet r\u00e9alis\u00e9 dans la r\u00e9gion du Nakamb\u00e9.<\/p>\n<p>L\u2019\u00c9cole des alli\u00e9s forme exclusivement des hommes sur la masculinit\u00e9 positive, la lutte contre les violences bas\u00e9es sur le genre, ainsi que la promotion de l\u2019\u00e9galit\u00e9 et la d\u00e9fense des droits des femmes au sein des communaut\u00e9s.<\/p>\n<p>La sensibilisation s\u2019est notamment appuy\u00e9e sur le kit p\u00e9dagogique du programme <em>C\u2019est la vie !<\/em> qui contient plusieurs th\u00e9matiques relatives aux droits en mati\u00e8re de sant\u00e9 sexuelle et reproductive.<\/p>\n<p>\u00ab Deux ans apr\u00e8s le projet, les b\u00e9n\u00e9ficiaires nous contactent pour nous demander de reprendre l\u2019initiative. Certains jeunes continuent \u00e9galement de sensibiliser sur les r\u00e9seaux sociaux. Cela signifie que notre message est pass\u00e9 et continue de porter ses fruits \u00bb, soutient Sabine Gampene.<\/p>\n<p>Dans l\u2019ensemble de ses initiatives, FEMIN-IN prend en compte la masculinit\u00e9 positive, que ce soit \u00e0 travers l\u2019<em>Arbre \u00e0 palabre f\u00e9ministe<\/em>, l\u2019\u00c9cole des alli\u00e9s ou encore l\u2019Universit\u00e9 d\u2019\u00e9t\u00e9 f\u00e9ministe qu\u2019elle organise.<\/p>\n<p>Le mouvement accorde une importance particuli\u00e8re \u00e0 cette approche, estimant qu\u2019elle contribue \u00e0 pr\u00e9venir les violences bas\u00e9es sur le genre.<\/p>\n<p>\u00ab Pendant nos sessions, nous apprenons aux participants \u00e0 pr\u00e9venir les violences bas\u00e9es sur le genre. Nous disons aux jeunes qu\u2019ils doivent ma\u00eetriser leur col\u00e8re, savoir exprimer leurs besoins ou leurs \u00e9motions dans le calme et dans le respect des droits de l\u2019autre. Lorsqu\u2019on apprend \u00e0 un homme \u00e0 combattre les VBG, on contribue \u00e0 les pr\u00e9venir \u00bb, affirme la charg\u00e9e de projet.<\/p>\n<p>Dans un contexte marqu\u00e9 par la persistance des violences bas\u00e9es sur le genre, cette approche m\u00e9rite, selon la charg\u00e9e de projet, d\u2019\u00eatre davantage promue au Burkina Faso. Elle estime que la lutte contre ces violences doit mobiliser aussi bien les femmes que les hommes.<\/p>\n<p>\u00ab Il est important que ce ne soit pas une lutte des femmes uniquement, mais que les hommes puissent \u00e9galement s\u2019impliquer dans la lutte contre les violences bas\u00e9es sur le genre et dans la promotion des droits des femmes \u00bb, souligne-t-elle.<\/p>\n<p>Fabrice Darga abonde dans le m\u00eame sens. \u00ab Il ne faut pas penser que parce qu\u2019on est un homme ou un gar\u00e7on, on doit dominer les autres. \u00catre un homme, c\u2019est respecter les autres, assumer ses responsabilit\u00e9s et \u00eatre \u00e0 l\u2019\u00e9coute. Tous, nous avons notre part de responsabilit\u00e9 et tous, nous pouvons avancer ensemble \u00bb, conclut-il.<\/p>\n<p>Boureima SANGA<\/p>\n<p>Auteur: BS. Sidwaya<br \/>\n<a href=\"https:\/\/www.sidwaya.info\/masculinite-positive-la-vaisselle-de-fabrice-darga\/\">Cliquez ici pour lire l&rsquo;article depuis sa source.<\/a><\/p>\n","protected":false},"excerpt":{"rendered":"<p>l&rsquo;arbre \u00e0 palabre f\u00e9ministe constitue aussi les lieux d&rsquo;\u00e9change sur la masculinit\u00e9 positive Au Burkina Faso, la lutte contre les violences bas\u00e9es sur le genre ne peut pas \u00eatre uniquement l\u2019affaire des femmes.\u00a0 Le Mouvement FEMIN\u2013IN et son partenaire, le R\u00e9seau africain pour l\u2019\u00e9ducation et la sant\u00e9 (RAES), misent sur l\u2019approche de la masculinit\u00e9 positive [&hellip;]<\/p>\n","protected":false},"author":1816,"featured_media":191478,"comment_status":"closed","ping_status":"closed","sticky":false,"template":"","format":"standard","meta":{"fifu_image_url":"https:\/\/www.sidwaya.info\/wp-content\/uploads\/2026\/08\/palabre.jpeg","fifu_image_alt":"Masculinit\u00e9 positive: La vaisselle de Fabrice Darga","footnotes":""},"categories":[73,81],"tags":[],"class_list":["post-191477","post","type-post","status-publish","format-standard","has-post-thumbnail","hentry","category-actualite","category-burkina-faso"],"_links":{"self":[{"href":"https:\/\/linitiative.ca\/International\/wp-json\/wp\/v2\/posts\/191477","targetHints":{"allow":["GET"]}}],"collection":[{"href":"https:\/\/linitiative.ca\/International\/wp-json\/wp\/v2\/posts"}],"about":[{"href":"https:\/\/linitiative.ca\/International\/wp-json\/wp\/v2\/types\/post"}],"author":[{"embeddable":true,"href":"https:\/\/linitiative.ca\/International\/wp-json\/wp\/v2\/users\/1816"}],"replies":[{"embeddable":true,"href":"https:\/\/linitiative.ca\/International\/wp-json\/wp\/v2\/comments?post=191477"}],"version-history":[{"count":0,"href":"https:\/\/linitiative.ca\/International\/wp-json\/wp\/v2\/posts\/191477\/revisions"}],"wp:featuredmedia":[{"embeddable":true,"href":"https:\/\/linitiative.ca\/International\/wp-json\/wp\/v2\/media\/191478"}],"wp:attachment":[{"href":"https:\/\/linitiative.ca\/International\/wp-json\/wp\/v2\/media?parent=191477"}],"wp:term":[{"taxonomy":"category","embeddable":true,"href":"https:\/\/linitiative.ca\/International\/wp-json\/wp\/v2\/categories?post=191477"},{"taxonomy":"post_tag","embeddable":true,"href":"https:\/\/linitiative.ca\/International\/wp-json\/wp\/v2\/tags?post=191477"}],"curies":[{"name":"wp","href":"https:\/\/api.w.org\/{rel}","templated":true}]}}