{"id":191483,"date":"2026-08-31T10:04:20","date_gmt":"2026-08-31T14:04:20","guid":{"rendered":"https:\/\/linitiative.ca\/International\/cooperation-burkina-faso-nations-unies-le-premier-ministre-recoit-le-nouveau-coordonnateur-resident\/"},"modified":"2026-08-31T10:04:20","modified_gmt":"2026-08-31T14:04:20","slug":"cooperation-burkina-faso-nations-unies-le-premier-ministre-recoit-le-nouveau-coordonnateur-resident","status":"publish","type":"post","link":"https:\/\/linitiative.ca\/International\/cooperation-burkina-faso-nations-unies-le-premier-ministre-recoit-le-nouveau-coordonnateur-resident\/","title":{"rendered":"Coop\u00e9ration Burkina Faso\u2013Nations Unies : le Premier ministre re\u00e7oit le nouveau Coordonnateur-r\u00e9sident"},"content":{"rendered":"<div class=\"td-post-featured-image\"><a href=\"https:\/\/www.sidwaya.info\/wp-content\/uploads\/2026\/08\/791684076_1323727214157962_8373175674158117107_n.jpg\" data-caption=\"\"><img loading=\"lazy\" decoding=\"async\" width=\"696\" height=\"439\" class=\"entry-thumb td-modal-image\" src=\"https:\/\/www.sidwaya.info\/wp-content\/uploads\/2026\/08\/791684076_1323727214157962_8373175674158117107_n-696x439.jpg\" srcset=\"https:\/\/www.sidwaya.info\/wp-content\/uploads\/2026\/08\/791684076_1323727214157962_8373175674158117107_n-696x439.jpg 696w, https:\/\/www.sidwaya.info\/wp-content\/uploads\/2026\/08\/791684076_1323727214157962_8373175674158117107_n-300x189.jpg 300w, https:\/\/www.sidwaya.info\/wp-content\/uploads\/2026\/08\/791684076_1323727214157962_8373175674158117107_n-1024x646.jpg 1024w, https:\/\/www.sidwaya.info\/wp-content\/uploads\/2026\/08\/791684076_1323727214157962_8373175674158117107_n-768x485.jpg 768w, https:\/\/www.sidwaya.info\/wp-content\/uploads\/2026\/08\/791684076_1323727214157962_8373175674158117107_n-1536x969.jpg 1536w, https:\/\/www.sidwaya.info\/wp-content\/uploads\/2026\/08\/791684076_1323727214157962_8373175674158117107_n-666x420.jpg 666w, https:\/\/www.sidwaya.info\/wp-content\/uploads\/2026\/08\/791684076_1323727214157962_8373175674158117107_n-150x95.jpg 150w, https:\/\/www.sidwaya.info\/wp-content\/uploads\/2026\/08\/791684076_1323727214157962_8373175674158117107_n-1068x674.jpg 1068w, https:\/\/www.sidwaya.info\/wp-content\/uploads\/2026\/08\/791684076_1323727214157962_8373175674158117107_n-1920x1211.jpg 1920w, https:\/\/www.sidwaya.info\/wp-content\/uploads\/2026\/08\/791684076_1323727214157962_8373175674158117107_n.jpg 2048w\" sizes=\"auto, (max-width: 696px) 100vw, 696px\" alt=\"\" title=\"791684076_1323727214157962_8373175674158117107_n\"\/><\/a><\/div>\n<p>\u200e<\/p>\n<p><strong>\u200eLe Camarade Premier ministre, Rimtalba Jean Emmanuel Ou\u00e9draogo, a re\u00e7u en audience, ce lundi 31 ao\u00fbt 2026, le nouveau Coordonnateur-r\u00e9sident du Syst\u00e8me des Nations Unies au Burkina Faso, \u00e9galement Coordonnateur humanitaire et Agent habilit\u00e9 \u00e0 la s\u00e9curit\u00e9, Njoya Tikum. Au-del\u00e0 de la prise de contact, cette audience a permis de pr\u00e9ciser les orientations de la coop\u00e9ration entre le Burkina Faso et le Syst\u00e8me des Nations Unies, avec pour exigence un meilleur alignement sur les priorit\u00e9s nationales et des r\u00e9sultats concrets au b\u00e9n\u00e9fice des populations.<\/strong><\/p>\n<p>\u200e<\/p>\n<p>\u200eLes \u00e9changes ont notamment port\u00e9 sur le nouveau Cadre de coop\u00e9ration entre le Burkina Faso et les Nations Unies. Sa mise en \u0153uvre devra s\u2019inscrire en coh\u00e9rence avec le Plan RELANCE 2026-2030, nouveau r\u00e9f\u00e9rentiel national de d\u00e9veloppement, afin de mieux articuler les interventions du Syst\u00e8me des Nations Unies avec les orientations d\u00e9finies par le Gouvernement.<\/p>\n<p>\u200e<\/p>\n<p>\u200eLe Chef du Gouvernement a f\u00e9licit\u00e9 Njoya Tikum pour sa nomination et lui a souhait\u00e9 la bienvenue au Burkina Faso. Il a r\u00e9affirm\u00e9 la disponibilit\u00e9 du pays \u00e0 entretenir un dialogue constructif avec ses partenaires, dans le respect de la souverainet\u00e9 nationale, des choix strat\u00e9giques du Burkina Faso et des aspirations du peuple burkinab\u00e8.<\/p>\n<div dir=\"auto\"><a href=\"https:\/\/www.sidwaya.info\/cooperation-burkina-faso-nations-unies-le-premier-ministre-recoit-le-nouveau-coordonnateur-resident\/790425269_1535946887832895_5786269034824286210_n\/\" rel=\"attachment wp-att-168486\"><img fetchpriority=\"high\" decoding=\"async\" data-attachment-id=\"168486\" data-permalink=\"https:\/\/www.sidwaya.info\/cooperation-burkina-faso-nations-unies-le-premier-ministre-recoit-le-nouveau-coordonnateur-resident\/790425269_1535946887832895_5786269034824286210_n\/\" data-orig-file=\"https:\/\/www.sidwaya.info\/wp-content\/uploads\/2026\/08\/790425269_1535946887832895_5786269034824286210_n.jpg\" data-orig-size=\"2048,1429\" data-comments-opened=\"1\" data-image-meta=\"{&quot;aperture&quot;:&quot;0&quot;,&quot;credit&quot;:&quot;&quot;,&quot;camera&quot;:&quot;&quot;,&quot;caption&quot;:&quot;&quot;,&quot;created_timestamp&quot;:&quot;0&quot;,&quot;copyright&quot;:&quot;&quot;,&quot;focal_length&quot;:&quot;0&quot;,&quot;iso&quot;:&quot;0&quot;,&quot;shutter_speed&quot;:&quot;0&quot;,&quot;title&quot;:&quot;&quot;,&quot;orientation&quot;:&quot;0&quot;,&quot;alt&quot;:&quot;&quot;}\" data-image-title=\"790425269_1535946887832895_5786269034824286210_n\" data-image-description=\"\" data-image-caption=\"\" data-large-file=\"https:\/\/www.sidwaya.info\/wp-content\/uploads\/2026\/08\/790425269_1535946887832895_5786269034824286210_n-1024x715.jpg\" class=\"aligncenter size-full wp-image-168486\" src=\"https:\/\/www.sidwaya.info\/wp-content\/uploads\/2026\/08\/790425269_1535946887832895_5786269034824286210_n.jpg\" alt=\"\" width=\"2048\" height=\"1429\" srcset=\"https:\/\/www.sidwaya.info\/wp-content\/uploads\/2026\/08\/790425269_1535946887832895_5786269034824286210_n.jpg 2048w, https:\/\/www.sidwaya.info\/wp-content\/uploads\/2026\/08\/790425269_1535946887832895_5786269034824286210_n-300x209.jpg 300w, https:\/\/www.sidwaya.info\/wp-content\/uploads\/2026\/08\/790425269_1535946887832895_5786269034824286210_n-1024x715.jpg 1024w, https:\/\/www.sidwaya.info\/wp-content\/uploads\/2026\/08\/790425269_1535946887832895_5786269034824286210_n-768x536.jpg 768w, https:\/\/www.sidwaya.info\/wp-content\/uploads\/2026\/08\/790425269_1535946887832895_5786269034824286210_n-1536x1072.jpg 1536w, https:\/\/www.sidwaya.info\/wp-content\/uploads\/2026\/08\/790425269_1535946887832895_5786269034824286210_n-602x420.jpg 602w, https:\/\/www.sidwaya.info\/wp-content\/uploads\/2026\/08\/790425269_1535946887832895_5786269034824286210_n-150x105.jpg 150w, https:\/\/www.sidwaya.info\/wp-content\/uploads\/2026\/08\/790425269_1535946887832895_5786269034824286210_n-696x486.jpg 696w, https:\/\/www.sidwaya.info\/wp-content\/uploads\/2026\/08\/790425269_1535946887832895_5786269034824286210_n-1068x745.jpg 1068w, https:\/\/www.sidwaya.info\/wp-content\/uploads\/2026\/08\/790425269_1535946887832895_5786269034824286210_n-1920x1340.jpg 1920w, https:\/\/www.sidwaya.info\/wp-content\/uploads\/2026\/08\/790425269_1535946887832895_5786269034824286210_n-100x70.jpg 100w\" sizes=\"(max-width: 2048px) 100vw, 2048px\"\/><\/a><\/div>\n<p>\u200e<\/p>\n<p>\u200ePour le Premier ministre, la coop\u00e9ration doit avant tout produire des r\u00e9sultats tangibles et perceptibles par les populations. Il a, \u00e0 cet effet, insist\u00e9 sur la n\u00e9cessit\u00e9 de privil\u00e9gier des interventions efficaces, mieux coordonn\u00e9es et susceptibles d\u2019avoir un impact r\u00e9el et durable sur les conditions de vie des Burkinab\u00e8.<\/p>\n<p>\u200e<\/p>\n<p>\u200eUne orientation \u00e0 laquelle le nouveau Coordonnateur-r\u00e9sident a marqu\u00e9 son adh\u00e9sion. Njoya Tikum a r\u00e9affirm\u00e9 la volont\u00e9 du Syst\u00e8me des Nations Unies d\u2019accompagner le Burkina Faso dans la mise en \u0153uvre de ses priorit\u00e9s nationales.<\/p>\n<p>\u200e<\/p>\n<p>\u200e\u00ab Nous r\u00e9affirmons la disponibilit\u00e9 de tout le Syst\u00e8me des Nations Unies \u00e0 accompagner le Burkina Faso, conform\u00e9ment \u00e0 ses priorit\u00e9s \u00bb, a-t-il d\u00e9clar\u00e9.<\/p>\n<p>\u200e<\/p>\n<p>\u200eLe responsable onusien a \u00e9galement soulign\u00e9 l\u2019importance d\u2019une meilleure coordination entre les diff\u00e9rentes agences du Syst\u00e8me des Nations Unies. Cette d\u00e9marche devrait permettre de renforcer la coh\u00e9rence des interventions, de rationaliser les efforts et de faire converger davantage les programmes et les ressources vers les objectifs de d\u00e9veloppement d\u00e9finis par le Burkina Faso.<\/p>\n<div dir=\"auto\"><a href=\"https:\/\/www.sidwaya.info\/cooperation-burkina-faso-nations-unies-le-premier-ministre-recoit-le-nouveau-coordonnateur-resident\/789326814_935067522373908_4499045369021594347_n\/\" rel=\"attachment wp-att-168487\"><img loading=\"lazy\" decoding=\"async\" data-attachment-id=\"168487\" data-permalink=\"https:\/\/www.sidwaya.info\/cooperation-burkina-faso-nations-unies-le-premier-ministre-recoit-le-nouveau-coordonnateur-resident\/789326814_935067522373908_4499045369021594347_n\/\" data-orig-file=\"https:\/\/www.sidwaya.info\/wp-content\/uploads\/2026\/08\/789326814_935067522373908_4499045369021594347_n.jpg\" data-orig-size=\"2048,1365\" data-comments-opened=\"1\" data-image-meta=\"{&quot;aperture&quot;:&quot;0&quot;,&quot;credit&quot;:&quot;&quot;,&quot;camera&quot;:&quot;&quot;,&quot;caption&quot;:&quot;&quot;,&quot;created_timestamp&quot;:&quot;0&quot;,&quot;copyright&quot;:&quot;&quot;,&quot;focal_length&quot;:&quot;0&quot;,&quot;iso&quot;:&quot;0&quot;,&quot;shutter_speed&quot;:&quot;0&quot;,&quot;title&quot;:&quot;&quot;,&quot;orientation&quot;:&quot;0&quot;,&quot;alt&quot;:&quot;&quot;}\" data-image-title=\"789326814_935067522373908_4499045369021594347_n\" data-image-description=\"\" data-image-caption=\"\" data-large-file=\"https:\/\/www.sidwaya.info\/wp-content\/uploads\/2026\/08\/789326814_935067522373908_4499045369021594347_n-1024x683.jpg\" class=\"aligncenter size-full wp-image-168487\" src=\"https:\/\/www.sidwaya.info\/wp-content\/uploads\/2026\/08\/789326814_935067522373908_4499045369021594347_n.jpg\" alt=\"\" width=\"2048\" height=\"1365\" srcset=\"https:\/\/www.sidwaya.info\/wp-content\/uploads\/2026\/08\/789326814_935067522373908_4499045369021594347_n.jpg 2048w, https:\/\/www.sidwaya.info\/wp-content\/uploads\/2026\/08\/789326814_935067522373908_4499045369021594347_n-300x200.jpg 300w, https:\/\/www.sidwaya.info\/wp-content\/uploads\/2026\/08\/789326814_935067522373908_4499045369021594347_n-1024x683.jpg 1024w, https:\/\/www.sidwaya.info\/wp-content\/uploads\/2026\/08\/789326814_935067522373908_4499045369021594347_n-768x512.jpg 768w, https:\/\/www.sidwaya.info\/wp-content\/uploads\/2026\/08\/789326814_935067522373908_4499045369021594347_n-1536x1024.jpg 1536w, https:\/\/www.sidwaya.info\/wp-content\/uploads\/2026\/08\/789326814_935067522373908_4499045369021594347_n-630x420.jpg 630w, https:\/\/www.sidwaya.info\/wp-content\/uploads\/2026\/08\/789326814_935067522373908_4499045369021594347_n-150x100.jpg 150w, https:\/\/www.sidwaya.info\/wp-content\/uploads\/2026\/08\/789326814_935067522373908_4499045369021594347_n-696x464.jpg 696w, https:\/\/www.sidwaya.info\/wp-content\/uploads\/2026\/08\/789326814_935067522373908_4499045369021594347_n-1068x712.jpg 1068w, https:\/\/www.sidwaya.info\/wp-content\/uploads\/2026\/08\/789326814_935067522373908_4499045369021594347_n-1920x1280.jpg 1920w\" sizes=\"auto, (max-width: 2048px) 100vw, 2048px\"\/><\/a><\/div>\n<p>\u200e<\/p>\n<p>\u200eCette premi\u00e8re audience avec le Chef du Gouvernement consacre ainsi une volont\u00e9 partag\u00e9e de faire \u00e9voluer la coop\u00e9ration entre le Burkina Faso et le Syst\u00e8me des Nations Unies vers un partenariat mieux align\u00e9 sur les priorit\u00e9s nationales, davantage coordonn\u00e9 et r\u00e9solument orient\u00e9 vers l\u2019action et les r\u00e9sultats, conform\u00e9ment aux ambitions port\u00e9es par le Plan RELANCE 2026-2030.<\/p>\n<p>\u200e<\/p>\n<p>\u200e\ud835\udc03\ud835\udc02\ud835\udc11\ud835\udc0f\/\ud835\udc0f\ud835\udc2b\ud835\udc22\ud835\udc26\ud835\udc1a\ud835\udc2d\ud835\udc2e\ud835\udc2b\ud835\udc1e<\/p>\n<p>Auteur: BH SIDWAYA<br \/>\n<a href=\"https:\/\/www.sidwaya.info\/cooperation-burkina-faso-nations-unies-le-premier-ministre-recoit-le-nouveau-coordonnateur-resident\/\">Cliquez ici pour lire l&rsquo;article depuis sa source.<\/a><\/p>\n","protected":false},"excerpt":{"rendered":"<p>\u200e \u200eLe Camarade Premier ministre, Rimtalba Jean Emmanuel Ou\u00e9draogo, a re\u00e7u en audience, ce lundi 31 ao\u00fbt 2026, le nouveau Coordonnateur-r\u00e9sident du Syst\u00e8me des Nations Unies au Burkina Faso, \u00e9galement Coordonnateur humanitaire et Agent habilit\u00e9 \u00e0 la s\u00e9curit\u00e9, Njoya Tikum. Au-del\u00e0 de la prise de contact, cette audience a permis de pr\u00e9ciser les orientations de [&hellip;]<\/p>\n","protected":false},"author":1816,"featured_media":191484,"comment_status":"closed","ping_status":"closed","sticky":false,"template":"","format":"standard","meta":{"fifu_image_url":"https:\/\/www.sidwaya.info\/wp-content\/uploads\/2026\/08\/791684076_1323727214157962_8373175674158117107_n.jpg","fifu_image_alt":"Coop\u00e9ration Burkina Faso\u2013Nations Unies : le Premier ministre re\u00e7oit le nouveau Coordonnateur-r\u00e9sident","footnotes":""},"categories":[73,81],"tags":[],"class_list":["post-191483","post","type-post","status-publish","format-standard","has-post-thumbnail","hentry","category-actualite","category-burkina-faso"],"_links":{"self":[{"href":"https:\/\/linitiative.ca\/International\/wp-json\/wp\/v2\/posts\/191483","targetHints":{"allow":["GET"]}}],"collection":[{"href":"https:\/\/linitiative.ca\/International\/wp-json\/wp\/v2\/posts"}],"about":[{"href":"https:\/\/linitiative.ca\/International\/wp-json\/wp\/v2\/types\/post"}],"author":[{"embeddable":true,"href":"https:\/\/linitiative.ca\/International\/wp-json\/wp\/v2\/users\/1816"}],"replies":[{"embeddable":true,"href":"https:\/\/linitiative.ca\/International\/wp-json\/wp\/v2\/comments?post=191483"}],"version-history":[{"count":0,"href":"https:\/\/linitiative.ca\/International\/wp-json\/wp\/v2\/posts\/191483\/revisions"}],"wp:featuredmedia":[{"embeddable":true,"href":"https:\/\/linitiative.ca\/International\/wp-json\/wp\/v2\/media\/191484"}],"wp:attachment":[{"href":"https:\/\/linitiative.ca\/International\/wp-json\/wp\/v2\/media?parent=191483"}],"wp:term":[{"taxonomy":"category","embeddable":true,"href":"https:\/\/linitiative.ca\/International\/wp-json\/wp\/v2\/categories?post=191483"},{"taxonomy":"post_tag","embeddable":true,"href":"https:\/\/linitiative.ca\/International\/wp-json\/wp\/v2\/tags?post=191483"}],"curies":[{"name":"wp","href":"https:\/\/api.w.org\/{rel}","templated":true}]}}