{"id":191485,"date":"2026-08-31T13:33:01","date_gmt":"2026-08-31T17:33:01","guid":{"rendered":"https:\/\/linitiative.ca\/International\/campagne-agricole-le-directeur-regional-de-lagriculture-de-boucle-du-mouhoun-bankui-visite-un-bas-fond-rizicole\/"},"modified":"2026-08-31T13:33:01","modified_gmt":"2026-08-31T17:33:01","slug":"campagne-agricole-le-directeur-regional-de-lagriculture-de-boucle-du-mouhoun-bankui-visite-un-bas-fond-rizicole","status":"publish","type":"post","link":"https:\/\/linitiative.ca\/International\/campagne-agricole-le-directeur-regional-de-lagriculture-de-boucle-du-mouhoun-bankui-visite-un-bas-fond-rizicole\/","title":{"rendered":"Campagne agricole : le directeur r\u00e9gional de l\u2019agriculture de Boucle du Mouhoun (Bankui) visite un bas-fond rizicole"},"content":{"rendered":"<div class=\"td-post-featured-image\"><a href=\"https:\/\/www.sidwaya.info\/wp-content\/uploads\/2026\/08\/D.jpeg\" data-caption=\"\"><img loading=\"lazy\" decoding=\"async\" width=\"696\" height=\"522\" class=\"entry-thumb td-modal-image\" src=\"https:\/\/www.sidwaya.info\/wp-content\/uploads\/2026\/08\/D-696x522.jpeg\" srcset=\"https:\/\/www.sidwaya.info\/wp-content\/uploads\/2026\/08\/D-696x522.jpeg 696w, https:\/\/www.sidwaya.info\/wp-content\/uploads\/2026\/08\/D-300x225.jpeg 300w, https:\/\/www.sidwaya.info\/wp-content\/uploads\/2026\/08\/D-1024x768.jpeg 1024w, https:\/\/www.sidwaya.info\/wp-content\/uploads\/2026\/08\/D-768x576.jpeg 768w, https:\/\/www.sidwaya.info\/wp-content\/uploads\/2026\/08\/D-560x420.jpeg 560w, https:\/\/www.sidwaya.info\/wp-content\/uploads\/2026\/08\/D-80x60.jpeg 80w, https:\/\/www.sidwaya.info\/wp-content\/uploads\/2026\/08\/D-150x113.jpeg 150w, https:\/\/www.sidwaya.info\/wp-content\/uploads\/2026\/08\/D-1068x801.jpeg 1068w, https:\/\/www.sidwaya.info\/wp-content\/uploads\/2026\/08\/D-265x198.jpeg 265w, https:\/\/www.sidwaya.info\/wp-content\/uploads\/2026\/08\/D.jpeg 1280w\" sizes=\"auto, (max-width: 696px) 100vw, 696px\" alt=\"\" title=\"D\"\/><\/a><\/div>\n<p data-path-to-node=\"2\"><strong>Le directeur r\u00e9gional de l\u2019Agriculture, de l\u2019Eau, des Ressources animales et Halieutiques de la Boucle du Mouhoun (Bankui), Ga\u00ebl Sidbewendin Yam\u00e9ogo, a visit\u00e9 le bas-fond rizicole de Nouakuy, commune de D\u00e9dougou, le samedi 29 ao\u00fbt 2026.<\/strong><\/p>\n<p data-path-to-node=\"2\"><a href=\"https:\/\/www.sidwaya.info\/campagne-agricole-le-directeur-regional-de-lagriculture-de-boucle-du-mouhoun-bankui-visite-un-bas-fond-rizicole\/d1-10\/\" rel=\"attachment wp-att-168498\"><img fetchpriority=\"high\" decoding=\"async\" data-attachment-id=\"168498\" data-permalink=\"https:\/\/www.sidwaya.info\/campagne-agricole-le-directeur-regional-de-lagriculture-de-boucle-du-mouhoun-bankui-visite-un-bas-fond-rizicole\/d1-10\/\" data-orig-file=\"https:\/\/www.sidwaya.info\/wp-content\/uploads\/2026\/08\/D1-1.jpeg\" data-orig-size=\"1280,960\" data-comments-opened=\"1\" data-image-meta=\"{&quot;aperture&quot;:&quot;0&quot;,&quot;credit&quot;:&quot;&quot;,&quot;camera&quot;:&quot;&quot;,&quot;caption&quot;:&quot;&quot;,&quot;created_timestamp&quot;:&quot;0&quot;,&quot;copyright&quot;:&quot;&quot;,&quot;focal_length&quot;:&quot;0&quot;,&quot;iso&quot;:&quot;0&quot;,&quot;shutter_speed&quot;:&quot;0&quot;,&quot;title&quot;:&quot;&quot;,&quot;orientation&quot;:&quot;0&quot;,&quot;alt&quot;:&quot;&quot;}\" data-image-title=\"D1\" data-image-description=\"\" data-image-caption=\"\" data-large-file=\"https:\/\/www.sidwaya.info\/wp-content\/uploads\/2026\/08\/D1-1-1024x768.jpeg\" class=\"aligncenter size-full wp-image-168498\" src=\"https:\/\/www.sidwaya.info\/wp-content\/uploads\/2026\/08\/D1-1.jpeg\" alt=\"\" width=\"1280\" height=\"960\" srcset=\"https:\/\/www.sidwaya.info\/wp-content\/uploads\/2026\/08\/D1-1.jpeg 1280w, https:\/\/www.sidwaya.info\/wp-content\/uploads\/2026\/08\/D1-1-300x225.jpeg 300w, https:\/\/www.sidwaya.info\/wp-content\/uploads\/2026\/08\/D1-1-1024x768.jpeg 1024w, https:\/\/www.sidwaya.info\/wp-content\/uploads\/2026\/08\/D1-1-768x576.jpeg 768w, https:\/\/www.sidwaya.info\/wp-content\/uploads\/2026\/08\/D1-1-560x420.jpeg 560w, https:\/\/www.sidwaya.info\/wp-content\/uploads\/2026\/08\/D1-1-80x60.jpeg 80w, https:\/\/www.sidwaya.info\/wp-content\/uploads\/2026\/08\/D1-1-150x113.jpeg 150w, https:\/\/www.sidwaya.info\/wp-content\/uploads\/2026\/08\/D1-1-696x522.jpeg 696w, https:\/\/www.sidwaya.info\/wp-content\/uploads\/2026\/08\/D1-1-1068x801.jpeg 1068w, https:\/\/www.sidwaya.info\/wp-content\/uploads\/2026\/08\/D1-1-265x198.jpeg 265w\" sizes=\"(max-width: 1280px) 100vw, 1280px\"\/><\/a><\/p>\n<p data-path-to-node=\"3\">La visite s\u2019est voulue une initiative pour toucher du doigt la r\u00e9alit\u00e9 du terrain et constater l\u2019\u00e9volution de la campagne agricole dans ce p\u00e9rim\u00e8tre am\u00e9nag\u00e9 par l\u2019\u00c9tat, situ\u00e9 \u00e0 la p\u00e9riph\u00e9rie nord-ouest de la ville de D\u00e9dougou. Elle a \u00e9t\u00e9 appr\u00e9ci\u00e9e par les exploitants du domaine, \u00e0 commencer par le pr\u00e9sident des producteurs du bas-fond, J\u00e9r\u00e9mie Magna Sabou\u00e9. Ce dernier a traduit la joie de plus de 400 agriculteurs envers l\u2019\u00c9tat pour l\u2019op\u00e9rationnalisation du site.<\/p>\n<p data-path-to-node=\"3\"><a href=\"https:\/\/www.sidwaya.info\/campagne-agricole-le-directeur-regional-de-lagriculture-de-boucle-du-mouhoun-bankui-visite-un-bas-fond-rizicole\/d2-8\/\" rel=\"attachment wp-att-168497\"><img loading=\"lazy\" decoding=\"async\" data-attachment-id=\"168497\" data-permalink=\"https:\/\/www.sidwaya.info\/campagne-agricole-le-directeur-regional-de-lagriculture-de-boucle-du-mouhoun-bankui-visite-un-bas-fond-rizicole\/d2-8\/\" data-orig-file=\"https:\/\/www.sidwaya.info\/wp-content\/uploads\/2026\/08\/D2.jpeg\" data-orig-size=\"1280,960\" data-comments-opened=\"1\" data-image-meta=\"{&quot;aperture&quot;:&quot;0&quot;,&quot;credit&quot;:&quot;&quot;,&quot;camera&quot;:&quot;&quot;,&quot;caption&quot;:&quot;&quot;,&quot;created_timestamp&quot;:&quot;0&quot;,&quot;copyright&quot;:&quot;&quot;,&quot;focal_length&quot;:&quot;0&quot;,&quot;iso&quot;:&quot;0&quot;,&quot;shutter_speed&quot;:&quot;0&quot;,&quot;title&quot;:&quot;&quot;,&quot;orientation&quot;:&quot;0&quot;,&quot;alt&quot;:&quot;&quot;}\" data-image-title=\"D2\" data-image-description=\"\" data-image-caption=\"\" data-large-file=\"https:\/\/www.sidwaya.info\/wp-content\/uploads\/2026\/08\/D2-1024x768.jpeg\" class=\"aligncenter size-full wp-image-168497\" src=\"https:\/\/www.sidwaya.info\/wp-content\/uploads\/2026\/08\/D2.jpeg\" alt=\"\" width=\"1280\" height=\"960\" srcset=\"https:\/\/www.sidwaya.info\/wp-content\/uploads\/2026\/08\/D2.jpeg 1280w, https:\/\/www.sidwaya.info\/wp-content\/uploads\/2026\/08\/D2-300x225.jpeg 300w, https:\/\/www.sidwaya.info\/wp-content\/uploads\/2026\/08\/D2-1024x768.jpeg 1024w, https:\/\/www.sidwaya.info\/wp-content\/uploads\/2026\/08\/D2-768x576.jpeg 768w, https:\/\/www.sidwaya.info\/wp-content\/uploads\/2026\/08\/D2-560x420.jpeg 560w, https:\/\/www.sidwaya.info\/wp-content\/uploads\/2026\/08\/D2-80x60.jpeg 80w, https:\/\/www.sidwaya.info\/wp-content\/uploads\/2026\/08\/D2-150x113.jpeg 150w, https:\/\/www.sidwaya.info\/wp-content\/uploads\/2026\/08\/D2-696x522.jpeg 696w, https:\/\/www.sidwaya.info\/wp-content\/uploads\/2026\/08\/D2-1068x801.jpeg 1068w, https:\/\/www.sidwaya.info\/wp-content\/uploads\/2026\/08\/D2-265x198.jpeg 265w\" sizes=\"auto, (max-width: 1280px) 100vw, 1280px\"\/><\/a><\/p>\n<p data-path-to-node=\"4\">Il a indiqu\u00e9 que la campagne est prometteuse au vu de l\u2019\u00e9volution des cultures dans leurs champs, o\u00f9 se c\u00f4toient populations autochtones et personnes d\u00e9plac\u00e9es internes (PDI). Il a ainsi magnifi\u00e9 la bonne entente entre les diff\u00e9rents producteurs, qui permet de promouvoir et de cultiver la coh\u00e9sion sociale et la r\u00e9silience.<\/p>\n<p data-path-to-node=\"4\"><a href=\"https:\/\/www.sidwaya.info\/campagne-agricole-le-directeur-regional-de-lagriculture-de-boucle-du-mouhoun-bankui-visite-un-bas-fond-rizicole\/d3-4\/\" rel=\"attachment wp-att-168496\"><img loading=\"lazy\" decoding=\"async\" data-attachment-id=\"168496\" data-permalink=\"https:\/\/www.sidwaya.info\/campagne-agricole-le-directeur-regional-de-lagriculture-de-boucle-du-mouhoun-bankui-visite-un-bas-fond-rizicole\/d3-4\/\" data-orig-file=\"https:\/\/www.sidwaya.info\/wp-content\/uploads\/2026\/08\/D3.jpeg\" data-orig-size=\"1280,960\" data-comments-opened=\"1\" data-image-meta=\"{&quot;aperture&quot;:&quot;0&quot;,&quot;credit&quot;:&quot;&quot;,&quot;camera&quot;:&quot;&quot;,&quot;caption&quot;:&quot;&quot;,&quot;created_timestamp&quot;:&quot;0&quot;,&quot;copyright&quot;:&quot;&quot;,&quot;focal_length&quot;:&quot;0&quot;,&quot;iso&quot;:&quot;0&quot;,&quot;shutter_speed&quot;:&quot;0&quot;,&quot;title&quot;:&quot;&quot;,&quot;orientation&quot;:&quot;0&quot;,&quot;alt&quot;:&quot;&quot;}\" data-image-title=\"D3\" data-image-description=\"\" data-image-caption=\"\" data-large-file=\"https:\/\/www.sidwaya.info\/wp-content\/uploads\/2026\/08\/D3-1024x768.jpeg\" class=\"aligncenter size-full wp-image-168496\" src=\"https:\/\/www.sidwaya.info\/wp-content\/uploads\/2026\/08\/D3.jpeg\" alt=\"\" width=\"1280\" height=\"960\" srcset=\"https:\/\/www.sidwaya.info\/wp-content\/uploads\/2026\/08\/D3.jpeg 1280w, https:\/\/www.sidwaya.info\/wp-content\/uploads\/2026\/08\/D3-300x225.jpeg 300w, https:\/\/www.sidwaya.info\/wp-content\/uploads\/2026\/08\/D3-1024x768.jpeg 1024w, https:\/\/www.sidwaya.info\/wp-content\/uploads\/2026\/08\/D3-768x576.jpeg 768w, https:\/\/www.sidwaya.info\/wp-content\/uploads\/2026\/08\/D3-560x420.jpeg 560w, https:\/\/www.sidwaya.info\/wp-content\/uploads\/2026\/08\/D3-80x60.jpeg 80w, https:\/\/www.sidwaya.info\/wp-content\/uploads\/2026\/08\/D3-150x113.jpeg 150w, https:\/\/www.sidwaya.info\/wp-content\/uploads\/2026\/08\/D3-696x522.jpeg 696w, https:\/\/www.sidwaya.info\/wp-content\/uploads\/2026\/08\/D3-1068x801.jpeg 1068w, https:\/\/www.sidwaya.info\/wp-content\/uploads\/2026\/08\/D3-265x198.jpeg 265w\" sizes=\"auto, (max-width: 1280px) 100vw, 1280px\"\/><\/a><\/p>\n<p data-path-to-node=\"5\"><strong data-path-to-node=\"5\" data-index-in-node=\"0\">Respecter les consignes de l\u2019encadrement technique<\/strong><\/p>\n<p data-path-to-node=\"6\">Le visiteur du jour a avou\u00e9 que cette saison agricole humide est celle du riz \u00e0 l\u2019\u00e9chelle de la r\u00e9gion. Il a inform\u00e9 que les plants sont au stade de tallage dans les diff\u00e9rentes zones am\u00e9nag\u00e9es. Et \u00ab la physionomie g\u00e9n\u00e9rale des bas-fonds se pr\u00e9sente tr\u00e8s bien en d\u00e9pit de quelques difficult\u00e9s que nous avons connues en d\u00e9but de saison pour ce qui est de la pluviom\u00e9trie \u00bb, a-t-il fait remarquer. \u00c0 l\u2019en croire, \u00ab si la pluviom\u00e9trie se maintient, nous esp\u00e9rons une tr\u00e8s bonne campagne \u00bb.<\/p>\n<p data-path-to-node=\"6\"><a href=\"https:\/\/www.sidwaya.info\/campagne-agricole-le-directeur-regional-de-lagriculture-de-boucle-du-mouhoun-bankui-visite-un-bas-fond-rizicole\/d5-2\/\" rel=\"attachment wp-att-168494\"><img loading=\"lazy\" decoding=\"async\" data-attachment-id=\"168494\" data-permalink=\"https:\/\/www.sidwaya.info\/campagne-agricole-le-directeur-regional-de-lagriculture-de-boucle-du-mouhoun-bankui-visite-un-bas-fond-rizicole\/d5-2\/\" data-orig-file=\"https:\/\/www.sidwaya.info\/wp-content\/uploads\/2026\/08\/D5.jpeg\" data-orig-size=\"1280,960\" data-comments-opened=\"1\" data-image-meta=\"{&quot;aperture&quot;:&quot;0&quot;,&quot;credit&quot;:&quot;&quot;,&quot;camera&quot;:&quot;&quot;,&quot;caption&quot;:&quot;&quot;,&quot;created_timestamp&quot;:&quot;0&quot;,&quot;copyright&quot;:&quot;&quot;,&quot;focal_length&quot;:&quot;0&quot;,&quot;iso&quot;:&quot;0&quot;,&quot;shutter_speed&quot;:&quot;0&quot;,&quot;title&quot;:&quot;&quot;,&quot;orientation&quot;:&quot;0&quot;,&quot;alt&quot;:&quot;&quot;}\" data-image-title=\"D5\" data-image-description=\"\" data-image-caption=\"\" data-large-file=\"https:\/\/www.sidwaya.info\/wp-content\/uploads\/2026\/08\/D5-1024x768.jpeg\" class=\"aligncenter size-full wp-image-168494\" src=\"https:\/\/www.sidwaya.info\/wp-content\/uploads\/2026\/08\/D5.jpeg\" alt=\"\" width=\"1280\" height=\"960\" srcset=\"https:\/\/www.sidwaya.info\/wp-content\/uploads\/2026\/08\/D5.jpeg 1280w, https:\/\/www.sidwaya.info\/wp-content\/uploads\/2026\/08\/D5-300x225.jpeg 300w, https:\/\/www.sidwaya.info\/wp-content\/uploads\/2026\/08\/D5-1024x768.jpeg 1024w, https:\/\/www.sidwaya.info\/wp-content\/uploads\/2026\/08\/D5-768x576.jpeg 768w, https:\/\/www.sidwaya.info\/wp-content\/uploads\/2026\/08\/D5-560x420.jpeg 560w, https:\/\/www.sidwaya.info\/wp-content\/uploads\/2026\/08\/D5-80x60.jpeg 80w, https:\/\/www.sidwaya.info\/wp-content\/uploads\/2026\/08\/D5-150x113.jpeg 150w, https:\/\/www.sidwaya.info\/wp-content\/uploads\/2026\/08\/D5-696x522.jpeg 696w, https:\/\/www.sidwaya.info\/wp-content\/uploads\/2026\/08\/D5-1068x801.jpeg 1068w, https:\/\/www.sidwaya.info\/wp-content\/uploads\/2026\/08\/D5-265x198.jpeg 265w\" sizes=\"auto, (max-width: 1280px) 100vw, 1280px\"\/><\/a><\/p>\n<p data-path-to-node=\"7\">Dans ce p\u00e9rim\u00e8tre am\u00e9nag\u00e9 de Nouakuy, le choix a \u00e9t\u00e9 port\u00e9 sur les vari\u00e9t\u00e9s de riz \u00e0 cycle court comme l\u2019Orylux. M. Yam\u00e9ogo a saisi l\u2019occasion de sa visite pour appeler les producteurs de ce bas-fond \u2014 qui compte plus de 80 hectares de superficies emblav\u00e9es \u2014 \u00e0 respecter les consignes de l\u2019encadrement technique. \u00ab Aussi, il faut rester engag\u00e9, car en r\u00e9volution il faut toujours rester en veille \u00bb, a-t-il ajout\u00e9. Il a \u00e9galement salu\u00e9 l\u2019implication des responsables coutumiers du village dans l\u2019organisation des cultivateurs qui font preuve d\u2019ordre et de discipline.<\/p>\n<p data-path-to-node=\"7\"><a href=\"https:\/\/www.sidwaya.info\/campagne-agricole-le-directeur-regional-de-lagriculture-de-boucle-du-mouhoun-bankui-visite-un-bas-fond-rizicole\/d7-2\/\" rel=\"attachment wp-att-168492\"><img loading=\"lazy\" decoding=\"async\" data-attachment-id=\"168492\" data-permalink=\"https:\/\/www.sidwaya.info\/campagne-agricole-le-directeur-regional-de-lagriculture-de-boucle-du-mouhoun-bankui-visite-un-bas-fond-rizicole\/d7-2\/\" data-orig-file=\"https:\/\/www.sidwaya.info\/wp-content\/uploads\/2026\/08\/D7.jpeg\" data-orig-size=\"1280,960\" data-comments-opened=\"1\" data-image-meta=\"{&quot;aperture&quot;:&quot;0&quot;,&quot;credit&quot;:&quot;&quot;,&quot;camera&quot;:&quot;&quot;,&quot;caption&quot;:&quot;&quot;,&quot;created_timestamp&quot;:&quot;0&quot;,&quot;copyright&quot;:&quot;&quot;,&quot;focal_length&quot;:&quot;0&quot;,&quot;iso&quot;:&quot;0&quot;,&quot;shutter_speed&quot;:&quot;0&quot;,&quot;title&quot;:&quot;&quot;,&quot;orientation&quot;:&quot;0&quot;,&quot;alt&quot;:&quot;&quot;}\" data-image-title=\"D7\" data-image-description=\"\" data-image-caption=\"\" data-large-file=\"https:\/\/www.sidwaya.info\/wp-content\/uploads\/2026\/08\/D7-1024x768.jpeg\" class=\"aligncenter size-full wp-image-168492\" src=\"https:\/\/www.sidwaya.info\/wp-content\/uploads\/2026\/08\/D7.jpeg\" alt=\"\" width=\"1280\" height=\"960\" srcset=\"https:\/\/www.sidwaya.info\/wp-content\/uploads\/2026\/08\/D7.jpeg 1280w, https:\/\/www.sidwaya.info\/wp-content\/uploads\/2026\/08\/D7-300x225.jpeg 300w, https:\/\/www.sidwaya.info\/wp-content\/uploads\/2026\/08\/D7-1024x768.jpeg 1024w, https:\/\/www.sidwaya.info\/wp-content\/uploads\/2026\/08\/D7-768x576.jpeg 768w, https:\/\/www.sidwaya.info\/wp-content\/uploads\/2026\/08\/D7-560x420.jpeg 560w, https:\/\/www.sidwaya.info\/wp-content\/uploads\/2026\/08\/D7-80x60.jpeg 80w, https:\/\/www.sidwaya.info\/wp-content\/uploads\/2026\/08\/D7-150x113.jpeg 150w, https:\/\/www.sidwaya.info\/wp-content\/uploads\/2026\/08\/D7-696x522.jpeg 696w, https:\/\/www.sidwaya.info\/wp-content\/uploads\/2026\/08\/D7-1068x801.jpeg 1068w, https:\/\/www.sidwaya.info\/wp-content\/uploads\/2026\/08\/D7-265x198.jpeg 265w\" sizes=\"auto, (max-width: 1280px) 100vw, 1280px\"\/><\/a><\/p>\n<p data-path-to-node=\"8\">Au cours des \u00e9changes, le directeur r\u00e9gional a rassur\u00e9 les riziculteurs quant \u00e0 l\u2019engagement pris d\u2019\u00e9tendre le bas-fond de Nouakuy \u00e0 200 hectares. \u00c0 l\u2019ensemble des producteurs de la r\u00e9gion, il a r\u00e9it\u00e9r\u00e9 l\u2019enti\u00e8re disponibilit\u00e9 des services techniques d\u00e9concentr\u00e9s \u00e0 les assister en appui-conseils pour booster la production. \u00ab Nous ferons tout ce qui est humainement possible pour \u00eatre au plus pr\u00e8s des producteurs, afin de les conseiller et d\u2019apporter un plus \u00e0 l\u2019encadrement technique \u00bb, a-t-il promis.<\/p>\n<p data-path-to-node=\"9\">Yacouba BELEM<\/p>\n<p>Auteur: BH SIDWAYA<br \/>\n<a href=\"https:\/\/www.sidwaya.info\/campagne-agricole-le-directeur-regional-de-lagriculture-de-boucle-du-mouhoun-bankui-visite-un-bas-fond-rizicole\/\">Cliquez ici pour lire l&rsquo;article depuis sa source.<\/a><\/p>\n","protected":false},"excerpt":{"rendered":"<p>Le directeur r\u00e9gional de l\u2019Agriculture, de l\u2019Eau, des Ressources animales et Halieutiques de la Boucle du Mouhoun (Bankui), Ga\u00ebl Sidbewendin Yam\u00e9ogo, a visit\u00e9 le bas-fond rizicole de Nouakuy, commune de D\u00e9dougou, le samedi 29 ao\u00fbt 2026. La visite s\u2019est voulue une initiative pour toucher du doigt la r\u00e9alit\u00e9 du terrain et constater l\u2019\u00e9volution de la [&hellip;]<\/p>\n","protected":false},"author":1816,"featured_media":191486,"comment_status":"closed","ping_status":"closed","sticky":false,"template":"","format":"standard","meta":{"fifu_image_url":"https:\/\/www.sidwaya.info\/wp-content\/uploads\/2026\/08\/D.jpeg","fifu_image_alt":"Campagne agricole : le directeur r\u00e9gional de l\u2019agriculture de Boucle du Mouhoun (Bankui) visite un bas-fond rizicole","footnotes":""},"categories":[73,81],"tags":[],"class_list":["post-191485","post","type-post","status-publish","format-standard","has-post-thumbnail","hentry","category-actualite","category-burkina-faso"],"_links":{"self":[{"href":"https:\/\/linitiative.ca\/International\/wp-json\/wp\/v2\/posts\/191485","targetHints":{"allow":["GET"]}}],"collection":[{"href":"https:\/\/linitiative.ca\/International\/wp-json\/wp\/v2\/posts"}],"about":[{"href":"https:\/\/linitiative.ca\/International\/wp-json\/wp\/v2\/types\/post"}],"author":[{"embeddable":true,"href":"https:\/\/linitiative.ca\/International\/wp-json\/wp\/v2\/users\/1816"}],"replies":[{"embeddable":true,"href":"https:\/\/linitiative.ca\/International\/wp-json\/wp\/v2\/comments?post=191485"}],"version-history":[{"count":0,"href":"https:\/\/linitiative.ca\/International\/wp-json\/wp\/v2\/posts\/191485\/revisions"}],"wp:featuredmedia":[{"embeddable":true,"href":"https:\/\/linitiative.ca\/International\/wp-json\/wp\/v2\/media\/191486"}],"wp:attachment":[{"href":"https:\/\/linitiative.ca\/International\/wp-json\/wp\/v2\/media?parent=191485"}],"wp:term":[{"taxonomy":"category","embeddable":true,"href":"https:\/\/linitiative.ca\/International\/wp-json\/wp\/v2\/categories?post=191485"},{"taxonomy":"post_tag","embeddable":true,"href":"https:\/\/linitiative.ca\/International\/wp-json\/wp\/v2\/tags?post=191485"}],"curies":[{"name":"wp","href":"https:\/\/api.w.org\/{rel}","templated":true}]}}