{"id":191488,"date":"2026-08-31T07:15:47","date_gmt":"2026-08-31T11:15:47","guid":{"rendered":"https:\/\/linitiative.ca\/International\/ceeac-la-jeunesse-le-bouclier-de-lafrique-centrale\/"},"modified":"2026-08-31T07:15:47","modified_gmt":"2026-08-31T11:15:47","slug":"ceeac-la-jeunesse-le-bouclier-de-lafrique-centrale","status":"publish","type":"post","link":"https:\/\/linitiative.ca\/International\/ceeac-la-jeunesse-le-bouclier-de-lafrique-centrale\/","title":{"rendered":"CEEAC : la jeunesse le bouclier de l\u2019Afrique centrale"},"content":{"rendered":"<h2>\u00c0 Gitega ce 27 ao\u00fbt 2026, le Pr\u00e9sident de la Commission de la CEEAC, l\u2019Ambassadeur \u00c9z\u00e9chiel Nibigira, a appel\u00e9 la jeunesse africaine \u00e0 devenir actrice de la paix et de la s\u00e9curit\u00e9, lors d\u2019une Conf\u00e9rence Scientifique.<\/h2>\n<p>Gitega vibre au rythme de la jeunesse. \u00c0 l\u2019occasion de la 10e \u00e9dition de la Journ\u00e9e de la Jeunesse Imbonerakure, la CEEAC a plac\u00e9 les jeunes au c\u0153ur du projet d\u2019\u00e9mergence.<\/p>\n<p>Paneliste \u00e0 la Conf\u00e9rence Scientifique sur la Paix et la S\u00e9curit\u00e9 organis\u00e9e le 27 ao\u00fbt 2026 le Pr\u00e9sident de la Commission de la CEEAC, Dr \u00c9z\u00e9chiel Nibigira, a lanc\u00e9 un appel fort : \u00ab La jeunesse n\u2019est pas seulement l\u2019avenir. Elle est le pr\u00e9sent, le bouclier de notre stabilit\u00e9 et le moteur de notre \u00e9mergence collective \u00bb.<\/p>\n<div readability=\"7\">\n<p>LA SUITE APR\u00c8S LA PUBLICIT\u00c9<\/p>\n<p><ins class=\"adsbygoogle\" data-ad-client=\"ca-pub-9760088965124508\" data-ad-slot=\"2140806877\"\/><br \/>\n<\/div>\n<p>Th\u00e8me de l\u2019\u00e9dition : \u00ab Innover et Agir : La Jeunesse, Bouclier de la Stabilit\u00e9 politico-s\u00e9curitaire, Architecte et pilier de l\u2019\u00e9mergence du Burundi et de l\u2019Afrique\u00bb.<br \/>\u00c0 ses c\u00f4t\u00e9s, le Commissaire Paix et S\u00e9curit\u00e9, le G\u00e9n\u00e9ral Marcel Mapanou Moussadji, a insist\u00e9 sur l\u2019engagement citoyen : refuser la d\u00e9sinformation, participer aux syst\u00e8mes d\u2019alerte pr\u00e9coce et \u00e0 la solidarit\u00e9 r\u00e9gionale.<\/p>\n<p>Des travaux honor\u00e9s par la pr\u00e9sence du Pr\u00e9sident burundais \u00c9variste Ndayishimiye, Pr\u00e9sident en exercice de l\u2019UA et Champion de l\u2019Agenda Jeunesse, Paix et S\u00e9curit\u00e9.<\/p>\n<p>Auteur: Arnaud Nicolas MAWEL<br \/>\n<a href=\"https:\/\/fr.journalducameroun.com\/ceeac-la-jeunesse-le-bouclier-de-lafrique-centrale\/\">Cliquez ici pour lire l&rsquo;article depuis sa source.<\/a><\/p>\n","protected":false},"excerpt":{"rendered":"<p>\u00c0 Gitega ce 27 ao\u00fbt 2026, le Pr\u00e9sident de la Commission de la CEEAC, l\u2019Ambassadeur \u00c9z\u00e9chiel Nibigira, a appel\u00e9 la jeunesse africaine \u00e0 devenir actrice de la paix et de la s\u00e9curit\u00e9, lors d\u2019une Conf\u00e9rence Scientifique. Gitega vibre au rythme de la jeunesse. \u00c0 l\u2019occasion de la 10e \u00e9dition de la Journ\u00e9e de la Jeunesse [&hellip;]<\/p>\n","protected":false},"author":1965,"featured_media":0,"comment_status":"closed","ping_status":"closed","sticky":false,"template":"","format":"standard","meta":{"fifu_image_url":"","fifu_image_alt":"","footnotes":""},"categories":[73,82],"tags":[],"class_list":["post-191488","post","type-post","status-publish","format-standard","hentry","category-actualite","category-cameroun"],"_links":{"self":[{"href":"https:\/\/linitiative.ca\/International\/wp-json\/wp\/v2\/posts\/191488","targetHints":{"allow":["GET"]}}],"collection":[{"href":"https:\/\/linitiative.ca\/International\/wp-json\/wp\/v2\/posts"}],"about":[{"href":"https:\/\/linitiative.ca\/International\/wp-json\/wp\/v2\/types\/post"}],"author":[{"embeddable":true,"href":"https:\/\/linitiative.ca\/International\/wp-json\/wp\/v2\/users\/1965"}],"replies":[{"embeddable":true,"href":"https:\/\/linitiative.ca\/International\/wp-json\/wp\/v2\/comments?post=191488"}],"version-history":[{"count":0,"href":"https:\/\/linitiative.ca\/International\/wp-json\/wp\/v2\/posts\/191488\/revisions"}],"wp:attachment":[{"href":"https:\/\/linitiative.ca\/International\/wp-json\/wp\/v2\/media?parent=191488"}],"wp:term":[{"taxonomy":"category","embeddable":true,"href":"https:\/\/linitiative.ca\/International\/wp-json\/wp\/v2\/categories?post=191488"},{"taxonomy":"post_tag","embeddable":true,"href":"https:\/\/linitiative.ca\/International\/wp-json\/wp\/v2\/tags?post=191488"}],"curies":[{"name":"wp","href":"https:\/\/api.w.org\/{rel}","templated":true}]}}