{"id":191489,"date":"2026-08-31T07:21:37","date_gmt":"2026-08-31T11:21:37","guid":{"rendered":"https:\/\/linitiative.ca\/International\/lutte-contre-la-contrebande-coup-de-filet-a-ebolowa-avant-la-campagne-nationale\/"},"modified":"2026-08-31T07:21:37","modified_gmt":"2026-08-31T11:21:37","slug":"lutte-contre-la-contrebande-coup-de-filet-a-ebolowa-avant-la-campagne-nationale","status":"publish","type":"post","link":"https:\/\/linitiative.ca\/International\/lutte-contre-la-contrebande-coup-de-filet-a-ebolowa-avant-la-campagne-nationale\/","title":{"rendered":"Lutte contre la contrebande : coup de filet \u00e0 Ebolowa avant la campagne nationale"},"content":{"rendered":"<h3>69 cartons de vin rouge Perlado saisis dans la nuit de vendredi 28 ao\u00fbt 2026 \u00e0 Ebolowa par la Brigade Mobile des Douanes, \u00e0 J-3 du lancement de la campagne nationale de sensibilisation pr\u00e9vue les 31 ao\u00fbt et 1er septembre 2026 dans le Secteur Douanes Sud I.<\/h3>\n<p>La Douane serre la vis. Dans la nuit de vendredi 28 ao\u00fbt 2026, les \u00e9l\u00e9ments de la Brigade Mobile d\u2019Ebolowa ont intercept\u00e9 un v\u00e9hicule de tourisme en provenance de Ky\u00e9-Ossi, ville frontali\u00e8re r\u00e9put\u00e9e plaque tournante des trafics. \u00c0 l\u2019int\u00e9rieur, 69 cartons de vin rouge de marque Perlado minutieusement dissimul\u00e9s dans la malle arri\u00e8re et sous les si\u00e8ges. Une marchandise de contrebande, sans vignette douani\u00e8re.<\/p>\n<p>Au-del\u00e0 de la saisie, l\u2019op\u00e9ration relance le d\u00e9bat sur ce macaron fiscal obligatoire. Loin d\u2019une formalit\u00e9, il est la carte d\u2019identit\u00e9 du produit : il atteste du circuit l\u00e9gal, du contr\u00f4le sanitaire et du paiement des droits. Sans lui, le consommateur s\u2019expose \u00e0 des boissons potentiellement frelat\u00e9es, tandis que l\u2019\u00c9tat perd des recettes et que les distributeurs l\u00e9gaux subissent une concurrence d\u00e9loyale.<\/p>\n<div readability=\"7\">\n<p>LA SUITE APR\u00c8S LA PUBLICIT\u00c9<\/p>\n<p><ins class=\"adsbygoogle\" data-ad-client=\"ca-pub-9760088965124508\" data-ad-slot=\"2140806877\"\/><br \/>\n<\/div>\n<p>Le timing est fort : l\u2019interception intervient \u00e0 72 heures du lancement de la campagne nationale sur les produits sensibles bi\u00e8res, vins, spiritueux, champagne, jus \u2013 pr\u00e9vue \u00e0 Ebolowa et Ky\u00e9-Ossi.<\/p>\n<p>Objectif : rappeler aux op\u00e9rateurs l\u2019obligation de vignette et les sanctions, et inviter les consommateurs \u00e0 v\u00e9rifier le macaron avant tout achat.<\/p>\n<p>Auteur: Arnaud Nicolas MAWEL<br \/>\n<a href=\"https:\/\/fr.journalducameroun.com\/lutte-contre-la-contrebande-coup-de-filet-a-ebolowa-avant-la-campagne-nationale\/\">Cliquez ici pour lire l&rsquo;article depuis sa source.<\/a><\/p>\n","protected":false},"excerpt":{"rendered":"<p>69 cartons de vin rouge Perlado saisis dans la nuit de vendredi 28 ao\u00fbt 2026 \u00e0 Ebolowa par la Brigade Mobile des Douanes, \u00e0 J-3 du lancement de la campagne nationale de sensibilisation pr\u00e9vue les 31 ao\u00fbt et 1er septembre 2026 dans le Secteur Douanes Sud I. La Douane serre la vis. Dans la nuit [&hellip;]<\/p>\n","protected":false},"author":1965,"featured_media":0,"comment_status":"closed","ping_status":"closed","sticky":false,"template":"","format":"standard","meta":{"fifu_image_url":"","fifu_image_alt":"","footnotes":""},"categories":[73,82],"tags":[],"class_list":["post-191489","post","type-post","status-publish","format-standard","hentry","category-actualite","category-cameroun"],"_links":{"self":[{"href":"https:\/\/linitiative.ca\/International\/wp-json\/wp\/v2\/posts\/191489","targetHints":{"allow":["GET"]}}],"collection":[{"href":"https:\/\/linitiative.ca\/International\/wp-json\/wp\/v2\/posts"}],"about":[{"href":"https:\/\/linitiative.ca\/International\/wp-json\/wp\/v2\/types\/post"}],"author":[{"embeddable":true,"href":"https:\/\/linitiative.ca\/International\/wp-json\/wp\/v2\/users\/1965"}],"replies":[{"embeddable":true,"href":"https:\/\/linitiative.ca\/International\/wp-json\/wp\/v2\/comments?post=191489"}],"version-history":[{"count":0,"href":"https:\/\/linitiative.ca\/International\/wp-json\/wp\/v2\/posts\/191489\/revisions"}],"wp:attachment":[{"href":"https:\/\/linitiative.ca\/International\/wp-json\/wp\/v2\/media?parent=191489"}],"wp:term":[{"taxonomy":"category","embeddable":true,"href":"https:\/\/linitiative.ca\/International\/wp-json\/wp\/v2\/categories?post=191489"},{"taxonomy":"post_tag","embeddable":true,"href":"https:\/\/linitiative.ca\/International\/wp-json\/wp\/v2\/tags?post=191489"}],"curies":[{"name":"wp","href":"https:\/\/api.w.org\/{rel}","templated":true}]}}