{"id":191490,"date":"2026-08-31T10:39:17","date_gmt":"2026-08-31T14:39:17","guid":{"rendered":"https:\/\/linitiative.ca\/International\/cameroun-le-mrc-denonce-linterruption-brutale-dune-reunion-privee-de-ses-militants-a-bertoua\/"},"modified":"2026-08-31T10:39:17","modified_gmt":"2026-08-31T14:39:17","slug":"cameroun-le-mrc-denonce-linterruption-brutale-dune-reunion-privee-de-ses-militants-a-bertoua","status":"publish","type":"post","link":"https:\/\/linitiative.ca\/International\/cameroun-le-mrc-denonce-linterruption-brutale-dune-reunion-privee-de-ses-militants-a-bertoua\/","title":{"rendered":"Cameroun : le MRC d\u00e9nonce l\u2019interruption brutale d\u2019une r\u00e9union priv\u00e9e de ses militants \u00e0 Bertoua"},"content":{"rendered":"<h2>L\u2019Assembl\u00e9e des structures du Mouvement pour la renaissance du Cameroun de la r\u00e9gion de l\u2019Est se tenant dans un domicile priv\u00e9 d\u2019apr\u00e8s le parti, a \u00e9t\u00e9 interrompue sur ordre du sous-pr\u00e9fet de Bertoua 2e, Orfeo Benasconi Nkomo Mimbo\u2019o.<\/h2>\n<p>24 heures apr\u00e8s l\u2019interruption de la r\u00e9union des militants de la f\u00e9d\u00e9ration r\u00e9gionale du MRC de l\u2019Est, le parti fait le point de la situation en d\u00e9non\u00e7ant les man\u0153uvres du \u00ab r\u00e9gime Biya-RDPC \u00bb. Le parti d\u2019opposition s\u2019insurge contre la dispersion brutale d\u2019une r\u00e9union de ses militants dans un domicile priv\u00e9 dans une barri\u00e8re par une dizaine de gendarmes.<\/p>\n<div readability=\"7\">\n<p>LA SUITE APR\u00c8S LA PUBLICIT\u00c9<\/p>\n<p><ins class=\"adsbygoogle\" data-ad-client=\"ca-pub-9760088965124508\" data-ad-slot=\"2140806877\"\/><br \/>\n<\/div>\n<p>Au cours de cette interruption, les forces de maintien de l\u2019ordre ont interpell\u00e9 le secr\u00e9taire de la f\u00e9d\u00e9ration r\u00e9gionale et le secr\u00e9taire de la f\u00e9d\u00e9ration d\u00e9partementale du Lom et Djerem. \u00ab Embarqu\u00e9s de force sans mandat, sans proc\u00e9dure, sans \u00e9tat d\u2019urgence. Ils ont \u00e9t\u00e9 plac\u00e9s sous garant et remis en libert\u00e9 \u00bb pour \u00ab\u00a0R\u00e9union publique non d\u00e9clar\u00e9e. Les faits remontent au dimanche 30 ao\u00fbt 2026.<\/p>\n<p>Pourtant, r\u00e9torque le MRC, une r\u00e9union publique se tient dans un lieu public ou bien ouvert au public. De ce fait, il d\u00e9nonce un \u00ab acte de barbarie d\u2019Etat commandit\u00e9 par le pouvoir en place \u00bb et lie cette intervention \u00e0 une s\u00e9rie d\u2019autres actes commis dans le cadre d\u2019une \u00ab\u00a0escalade orchestr\u00e9e\u00a0\u00bb.<\/p>\n<p>En font partie, le rejet de la candidature de Maurice Kamto \u00e0 la pr\u00e9sidentielle de 2025, l\u2019interdiction de la premi\u00e8re convention nationale extraordinaire du MRC en novembre 2025, la transmission au parti le 20 ao\u00fbt d\u2019une lettre dat\u00e9e du 19 ao\u00fbt 2026 du minist\u00e8re de l\u2019Administration territoriale. Lettre notifiant au MRC le refus du ministre de prendre acte des r\u00e9solutions de la convention de d\u00e9cembre 2025.<\/p>\n<p>Face \u00e0 ces actes, le MRC d\u00e9nonce aussi la complicit\u00e9 de la justice qui se range du c\u00f4t\u00e9 du Rdpc en bloquant les plaintes du MRC. La formation politique pointe du doigt des magistrats qui regardent \u00ab des extr\u00e9mistes du pouvoir \u00bb matraquer des militants, violer la loi \u00ab\u00a0sans broncher\u00a0\u00bb, \u00ab\u00a0sans lever le petit doigt\u00a0\u00bb. Dans une communication sign\u00e9e de son secr\u00e9taire g\u00e9n\u00e9ral adjoint n\u00b01, Roger Justin Noah, le MRC encourage ses militants \u00e0 rester mobilis\u00e9s.<\/p>\n<p>Au-del\u00e0 de cette sortie ce lundi, le MRC et le minist\u00e8re de l\u2019Administration territoriale sont en opposition sur la convention extraordinaire du 21 d\u00e9cembre 2026 tenue en visioconf\u00e9rence. Le ministre Paul Atanga Nji refuse de prendre acte des r\u00e9solutions de la convention au motif que la convention n\u2019a pas \u00e9t\u00e9 d\u00e9clar\u00e9e au pr\u00e9alable aupr\u00e8s des autorit\u00e9s administratives. Dans une lettre en r\u00e9ponse, le parti conteste les termes du ministre et lui demande quelle autorit\u00e9 administrative est comp\u00e9tente pour recevoir la d\u00e9claration d\u2019une r\u00e9union qui se tient en visioconf\u00e9rence.<\/p>\n<p>D\u00e9non\u00e7ant la violation de la loi, la formation politique rappelle que d\u2019apr\u00e8s la loi, la tutelle n\u2019intervient pas dans le fonctionnement des partis politiques. Aussi le parti exhorte-t-il le ministre \u00e0 faire une bonne application de la loi no 90\/056 du 19 d\u00e9cembre 1990. Le bras de fer qui s\u2019est ouvert pourrait se poursuivre jusqu\u2019\u00e0 ce que la justice tranche.<\/p>\n<p>Auteur: Arnaud Nicolas MAWEL<br \/>\n<a href=\"https:\/\/fr.journalducameroun.com\/cameroun-le-mrc-denonce-linterruption-brutale-dune-reunion-privee-de-ses-militants-a-bertoua\/\">Cliquez ici pour lire l&rsquo;article depuis sa source.<\/a><\/p>\n","protected":false},"excerpt":{"rendered":"<p>L\u2019Assembl\u00e9e des structures du Mouvement pour la renaissance du Cameroun de la r\u00e9gion de l\u2019Est se tenant dans un domicile priv\u00e9 d\u2019apr\u00e8s le parti, a \u00e9t\u00e9 interrompue sur ordre du sous-pr\u00e9fet de Bertoua 2e, Orfeo Benasconi Nkomo Mimbo\u2019o. 24 heures apr\u00e8s l\u2019interruption de la r\u00e9union des militants de la f\u00e9d\u00e9ration r\u00e9gionale du MRC de l\u2019Est, [&hellip;]<\/p>\n","protected":false},"author":1965,"featured_media":0,"comment_status":"closed","ping_status":"closed","sticky":false,"template":"","format":"standard","meta":{"fifu_image_url":"","fifu_image_alt":"","footnotes":""},"categories":[73,82],"tags":[],"class_list":["post-191490","post","type-post","status-publish","format-standard","hentry","category-actualite","category-cameroun"],"_links":{"self":[{"href":"https:\/\/linitiative.ca\/International\/wp-json\/wp\/v2\/posts\/191490","targetHints":{"allow":["GET"]}}],"collection":[{"href":"https:\/\/linitiative.ca\/International\/wp-json\/wp\/v2\/posts"}],"about":[{"href":"https:\/\/linitiative.ca\/International\/wp-json\/wp\/v2\/types\/post"}],"author":[{"embeddable":true,"href":"https:\/\/linitiative.ca\/International\/wp-json\/wp\/v2\/users\/1965"}],"replies":[{"embeddable":true,"href":"https:\/\/linitiative.ca\/International\/wp-json\/wp\/v2\/comments?post=191490"}],"version-history":[{"count":0,"href":"https:\/\/linitiative.ca\/International\/wp-json\/wp\/v2\/posts\/191490\/revisions"}],"wp:attachment":[{"href":"https:\/\/linitiative.ca\/International\/wp-json\/wp\/v2\/media?parent=191490"}],"wp:term":[{"taxonomy":"category","embeddable":true,"href":"https:\/\/linitiative.ca\/International\/wp-json\/wp\/v2\/categories?post=191490"},{"taxonomy":"post_tag","embeddable":true,"href":"https:\/\/linitiative.ca\/International\/wp-json\/wp\/v2\/tags?post=191490"}],"curies":[{"name":"wp","href":"https:\/\/api.w.org\/{rel}","templated":true}]}}