{"id":191491,"date":"2026-08-31T10:43:54","date_gmt":"2026-08-31T14:43:54","guid":{"rendered":"https:\/\/linitiative.ca\/International\/marche-des-titres-publics-cemac-le-cameroun-peine-a-seduire-les-svt\/"},"modified":"2026-08-31T10:43:54","modified_gmt":"2026-08-31T14:43:54","slug":"marche-des-titres-publics-cemac-le-cameroun-peine-a-seduire-les-svt","status":"publish","type":"post","link":"https:\/\/linitiative.ca\/International\/marche-des-titres-publics-cemac-le-cameroun-peine-a-seduire-les-svt\/","title":{"rendered":"March\u00e9 des titres publics Cemac : le Cameroun peine \u00e0 s\u00e9duire les SVT"},"content":{"rendered":"<h3>juillet 2026, le taux de participation des Sp\u00e9cialistes en Valeurs du Tr\u00e9sor aux BTA du Cameroun est tomb\u00e9 \u00e0 18,98% contre 20,1% de moyenne Cemac, son plus bas depuis 2023. Le pays affiche 22 SVT agr\u00e9\u00e9s mais ne sert que 6,97% d\u2019int\u00e9r\u00eat, contre 7,87% en Guin\u00e9e \u00e9quatoriale et 7,24% au Congo.<\/h3>\n<p>Alerte sur l\u2019attractivit\u00e9 du Cameroun sur le march\u00e9 des titres publics de la Cemac.<br \/>Selon la BEAC, en juillet 2026, le taux de participation des SVT aux Bons du Tr\u00e9sor Assimilables du Cameroun est ressorti \u00e0 18,98%, en dessous de la moyenne g\u00e9n\u00e9rale de 20,1%. C\u2019est une premi\u00e8re depuis 2023. \u00c0 titre de comparaison, cet indicateur \u00e9tait de 23,8% en juillet 2023, 26,3% en juillet 2024 et 23,3% en juillet 2025.<\/p>\n<p>Cons\u00e9quence, le Cameroun devient le 2e pays le moins attractif de la communaut\u00e9 pour les BTA, juste devant le Gabon \u00e0 16,2%, malgr\u00e9 le plus grand r\u00e9seau avec 22 SVT agr\u00e9\u00e9s. Loin devant, la Guin\u00e9e \u00e9quatoriale culmine \u00e0 41,6%, suivie de la RCA \u00e0 25% et du Congo \u00e0 23,3%.<\/p>\n<div readability=\"7\">\n<p>LA SUITE APR\u00c8S LA PUBLICIT\u00c9<\/p>\n<p><ins class=\"adsbygoogle\" data-ad-client=\"ca-pub-9760088965124508\" data-ad-slot=\"2140806877\"\/><br \/>\n<\/div>\n<p>La BEAC ne commente pas ce repli, mais le diff\u00e9rentiel de taux est \u00e9loquent. En juillet, le Cameroun a servi 6,97% sur ses BTA, contre 7,87% pour la Guin\u00e9e \u00e9quatoriale et 7,24% pour le Congo.<\/p>\n<p>Un d\u00e9crochage qui s\u2019inscrit dans un tassement global du march\u00e9, dont le taux moyen de participation est pass\u00e9 de 26,3% en juillet 2025 \u00e0 20,1% en juillet 2026.<\/p>\n<p>Auteur: Arnaud Nicolas MAWEL<br \/>\n<a href=\"https:\/\/fr.journalducameroun.com\/marche-des-titres-publics-cemac-le-cameroun-peine-a-seduire-les-svt\/\">Cliquez ici pour lire l&rsquo;article depuis sa source.<\/a><\/p>\n","protected":false},"excerpt":{"rendered":"<p>juillet 2026, le taux de participation des Sp\u00e9cialistes en Valeurs du Tr\u00e9sor aux BTA du Cameroun est tomb\u00e9 \u00e0 18,98% contre 20,1% de moyenne Cemac, son plus bas depuis 2023. Le pays affiche 22 SVT agr\u00e9\u00e9s mais ne sert que 6,97% d\u2019int\u00e9r\u00eat, contre 7,87% en Guin\u00e9e \u00e9quatoriale et 7,24% au Congo. Alerte sur l\u2019attractivit\u00e9 du [&hellip;]<\/p>\n","protected":false},"author":1965,"featured_media":0,"comment_status":"closed","ping_status":"closed","sticky":false,"template":"","format":"standard","meta":{"fifu_image_url":"","fifu_image_alt":"","footnotes":""},"categories":[73,82],"tags":[],"class_list":["post-191491","post","type-post","status-publish","format-standard","hentry","category-actualite","category-cameroun"],"_links":{"self":[{"href":"https:\/\/linitiative.ca\/International\/wp-json\/wp\/v2\/posts\/191491","targetHints":{"allow":["GET"]}}],"collection":[{"href":"https:\/\/linitiative.ca\/International\/wp-json\/wp\/v2\/posts"}],"about":[{"href":"https:\/\/linitiative.ca\/International\/wp-json\/wp\/v2\/types\/post"}],"author":[{"embeddable":true,"href":"https:\/\/linitiative.ca\/International\/wp-json\/wp\/v2\/users\/1965"}],"replies":[{"embeddable":true,"href":"https:\/\/linitiative.ca\/International\/wp-json\/wp\/v2\/comments?post=191491"}],"version-history":[{"count":0,"href":"https:\/\/linitiative.ca\/International\/wp-json\/wp\/v2\/posts\/191491\/revisions"}],"wp:attachment":[{"href":"https:\/\/linitiative.ca\/International\/wp-json\/wp\/v2\/media?parent=191491"}],"wp:term":[{"taxonomy":"category","embeddable":true,"href":"https:\/\/linitiative.ca\/International\/wp-json\/wp\/v2\/categories?post=191491"},{"taxonomy":"post_tag","embeddable":true,"href":"https:\/\/linitiative.ca\/International\/wp-json\/wp\/v2\/tags?post=191491"}],"curies":[{"name":"wp","href":"https:\/\/api.w.org\/{rel}","templated":true}]}}