{"id":191496,"date":"2026-08-31T14:12:10","date_gmt":"2026-08-31T18:12:10","guid":{"rendered":"https:\/\/linitiative.ca\/International\/castel-derriere-le-soutien-a-gregory-clerc-la-famille-se-dechire-sur-sa-representation\/"},"modified":"2026-08-31T14:12:10","modified_gmt":"2026-08-31T18:12:10","slug":"castel-derriere-le-soutien-a-gregory-clerc-la-famille-se-dechire-sur-sa-representation","status":"publish","type":"post","link":"https:\/\/linitiative.ca\/International\/castel-derriere-le-soutien-a-gregory-clerc-la-famille-se-dechire-sur-sa-representation\/","title":{"rendered":"Castel : derri\u00e8re le soutien \u00e0 Gregory Clerc, la famille se d\u00e9chire sur sa repr\u00e9sentation"},"content":{"rendered":"<div>\u00c0 quelques semaines du centi\u00e8me anniversaire de Pierre Castel, la bataille autour de l\u2019avenir de son empire \u00e0 13,5 milliards d\u2019euros conna\u00eet un nouveau rebondissement. Soutenue par \u00ab quatre branches majoritaires \u00bb de la famille, la gouvernance du Groupe Castel voit cette nouvelle ligne de d\u00e9fense contest\u00e9e par Romy, Alain et Philippe Castel.\u200b\u200b<\/div>\n<p>Auteur: Simon Pierre Mbarga<br \/>\n<a href=\"https:\/\/ecomatin.net\/castel-derriere-le-soutien-a-gregory-clerc-la-famille-se-dechire-sur-sa-representation\">Cliquez ici pour lire l&rsquo;article depuis sa source.<\/a><\/p>\n","protected":false},"excerpt":{"rendered":"<p>\u00c0 quelques semaines du centi\u00e8me anniversaire de Pierre Castel, la bataille autour de l\u2019avenir de son empire \u00e0 13,5 milliards d\u2019euros conna\u00eet un nouveau rebondissement. Soutenue par \u00ab quatre branches majoritaires \u00bb de la famille, la gouvernance du Groupe Castel voit cette nouvelle ligne de d\u00e9fense contest\u00e9e par Romy, Alain et Philippe Castel.\u200b\u200b Auteur: Simon [&hellip;]<\/p>\n","protected":false},"author":1969,"featured_media":0,"comment_status":"closed","ping_status":"closed","sticky":false,"template":"","format":"standard","meta":{"fifu_image_url":"","fifu_image_alt":"","footnotes":""},"categories":[82,78],"tags":[],"class_list":["post-191496","post","type-post","status-publish","format-standard","hentry","category-cameroun","category-economie"],"_links":{"self":[{"href":"https:\/\/linitiative.ca\/International\/wp-json\/wp\/v2\/posts\/191496","targetHints":{"allow":["GET"]}}],"collection":[{"href":"https:\/\/linitiative.ca\/International\/wp-json\/wp\/v2\/posts"}],"about":[{"href":"https:\/\/linitiative.ca\/International\/wp-json\/wp\/v2\/types\/post"}],"author":[{"embeddable":true,"href":"https:\/\/linitiative.ca\/International\/wp-json\/wp\/v2\/users\/1969"}],"replies":[{"embeddable":true,"href":"https:\/\/linitiative.ca\/International\/wp-json\/wp\/v2\/comments?post=191496"}],"version-history":[{"count":0,"href":"https:\/\/linitiative.ca\/International\/wp-json\/wp\/v2\/posts\/191496\/revisions"}],"wp:attachment":[{"href":"https:\/\/linitiative.ca\/International\/wp-json\/wp\/v2\/media?parent=191496"}],"wp:term":[{"taxonomy":"category","embeddable":true,"href":"https:\/\/linitiative.ca\/International\/wp-json\/wp\/v2\/categories?post=191496"},{"taxonomy":"post_tag","embeddable":true,"href":"https:\/\/linitiative.ca\/International\/wp-json\/wp\/v2\/tags?post=191496"}],"curies":[{"name":"wp","href":"https:\/\/api.w.org\/{rel}","templated":true}]}}