{"id":191497,"date":"2026-09-01T06:13:31","date_gmt":"2026-09-01T10:13:31","guid":{"rendered":"https:\/\/linitiative.ca\/International\/assistance-humanitaire-loim-maroc-lance-la-phase-ii-du-programme-de-protection-des-populations-migrantes-vulnerables\/"},"modified":"2026-09-01T06:13:31","modified_gmt":"2026-09-01T10:13:31","slug":"assistance-humanitaire-loim-maroc-lance-la-phase-ii-du-programme-de-protection-des-populations-migrantes-vulnerables","status":"publish","type":"post","link":"https:\/\/linitiative.ca\/International\/assistance-humanitaire-loim-maroc-lance-la-phase-ii-du-programme-de-protection-des-populations-migrantes-vulnerables\/","title":{"rendered":"Assistance humanitaire : L\u2019OIM Maroc lance la phase II du programme  de protection des populations migrantes vuln\u00e9rables"},"content":{"rendered":"<p><span><strong>Migration<\/strong><\/span><br \/><strong>L\u2019Organisation internationale pour les migrations (OIM) au Maroc a lanc\u00e9 un appel \u00e0 manifestation d\u2019int\u00e9r\u00eat en vue d\u2019identifier des partenaires capables de contribuer \u00e0 la mise en \u0153uvre d\u2019activit\u00e9s de protection et d\u2019assistance au profit des populations cibles du programme CPP II.<\/strong><\/p>\n<p><span id=\"more-527173\"\/><br \/>L\u2019Organisation internationale pour les migrations (OIM) au Maroc va mener la phase II du programme int\u00e9gr\u00e9 de protection des populations migrantes vuln\u00e9rables et des communaut\u00e9s d\u2019accueil au Maroc (CPP). Ce programme int\u00e9gr\u00e9 vise \u00e0 renforcer les syst\u00e8mes de protection, am\u00e9liorer l\u2019acc\u00e8s aux services essentiels et promouvoir des solutions durables pour les populations migrantes et les communaut\u00e9s vuln\u00e9rables. Le programme s\u2019appuie sur les acquis de la premi\u00e8re phase du CPP ainsi que sur une approche fond\u00e9e sur les droits humains, la localisation de l\u2019aide, le renforcement des capacit\u00e9s des acteurs nationaux et la participation des organisations de la soci\u00e9t\u00e9 civile. Une attention particuli\u00e8re est accord\u00e9e aux r\u00e9gions de l\u2019Oriental, Souss-Massa, Casablanca-Settat, Tanger-T\u00e9touan-Al Hoce\u00efma ainsi qu\u2019\u00e0 toute autre r\u00e9gion pr\u00e9sentant des besoins de protection identifi\u00e9s dans le cadre du programme CPP II.<\/p>\n<p>Dans ce cadre, l\u2019OIM souhaite renforcer ses partenariats avec des organisations nationales disposant d\u2019une expertise av\u00e9r\u00e9e dans les domaines de la protection, de l\u2019assistance directe, de l\u2019accompagnement administratif, l\u00e9gal et judiciaire, ainsi que dans la prise en charge des enfants et des jeunes en situation de vuln\u00e9rabilit\u00e9. L\u2019OIM a ainsi lanc\u00e9 un appel \u00e0 manifestation d\u2019int\u00e9r\u00eat en vue d\u2019identifier des partenaires capables de contribuer \u00e0 la mise en \u0153uvre d\u2019activit\u00e9s de protection et d\u2019assistance au profit des populations cibles du programme CPP II. Il est demand\u00e9 au partenaire de faciliter l\u2019acc\u00e8s des personnes migrantes aux services de sant\u00e9, y compris la sant\u00e9 mentale. Dans ce cadre, le syst\u00e8me de sant\u00e9 public national sera prioris\u00e9. Il s\u2019agit aussi de faciliter l\u2019acc\u00e8s des personnes migrantes vuln\u00e9rables \u00e0 des services d\u2019assistance de base et \u00e0 l\u2019h\u00e9bergement. Parmi les autres mesures figure l\u2019acc\u00e8s des enfants et des jeunes \u00e0 l\u2019\u00e9ducation et aux activit\u00e9s de loisirs.<\/p>\n<p>Pour rappel, le CPP, financ\u00e9 par le minist\u00e8re des affaires \u00e9trang\u00e8res des Pays-Bas, a \u00e9t\u00e9 con\u00e7u pour appuyer les efforts du Maroc en mati\u00e8re d\u2019acc\u00e8s aux services de protection pour les migrants. L\u2019objectif g\u00e9n\u00e9ral du programme est de contribuer aux efforts du Maroc pour renforcer l\u2019acc\u00e8s \u00e0 des services de protection int\u00e9gr\u00e9s pour les migrants et les communaut\u00e9s h\u00f4tes en accroissant la protection et le bien-\u00eatre des migrants en situation de vuln\u00e9rabilit\u00e9 \u00e0 travers la provision d\u2019une assistance directe incluant les soins de sant\u00e9 et l\u2019assistance juridique et administrative. A noter que les b\u00e9n\u00e9ficiaires du programme sont les migrants et migrantes en situation administrative irr\u00e9guli\u00e8re et r\u00e9guli\u00e8re, les enfants non accompagn\u00e9s et s\u00e9par\u00e9s (aussi bien Marocains que des enfants \u00e9trangers), les travailleurs saisonniers, la communaut\u00e9 h\u00f4te en situation de vuln\u00e9rabilit\u00e9.<\/p>\n<p>Il est important de rappeler que le Maroc demeure un pays d\u2019origine, de transit et de destination pour les flux migratoires, accueillant des populations migrantes aux profils et aux besoins vari\u00e9s. Malgr\u00e9 les avanc\u00e9es r\u00e9alis\u00e9es dans le cadre des politiques nationales de migration et des efforts d\u00e9ploy\u00e9s par les institutions publiques, les organisations de la soci\u00e9t\u00e9 civile et les partenaires internationaux, de nombreux migrants continuent de faire face \u00e0 des difficult\u00e9s d\u2019acc\u00e8s aux services essentiels, \u00e0 la protection, \u00e0 la justice, \u00e0 l\u2019assistance sociale et aux opportunit\u00e9s d\u2019inclusion socio-\u00e9conomique. Les personnes migrantes en situation de vuln\u00e9rabilit\u00e9, notamment les victimes de traite des \u00eatres humains, les enfants non accompagn\u00e9s ou s\u00e9par\u00e9s, les jeunes en transition vers l\u2019\u00e2ge adulte, les femmes \u00e0 risque et les personnes ayant des besoins de protection sp\u00e9cifiques, restent particuli\u00e8rement expos\u00e9es aux risques d\u2019exploitation, de violence, d\u2019exclusion sociale et de pr\u00e9carit\u00e9.<\/p>\n<p>Auteur: ALM<br \/>\n<a href=\"https:\/\/aujourdhui.ma\/societe\/assistance-humanitaire-loim-maroc-lance-la-phase-ii-du-programme-de-protection-des-populations-migrantes-vulnerables\">Cliquez ici pour lire l&rsquo;article depuis sa source.<\/a><\/p>\n","protected":false},"excerpt":{"rendered":"<p>MigrationL\u2019Organisation internationale pour les migrations (OIM) au Maroc a lanc\u00e9 un appel \u00e0 manifestation d\u2019int\u00e9r\u00eat en vue d\u2019identifier des partenaires capables de contribuer \u00e0 la mise en \u0153uvre d\u2019activit\u00e9s de protection et d\u2019assistance au profit des populations cibles du programme CPP II. L\u2019Organisation internationale pour les migrations (OIM) au Maroc va mener la phase II [&hellip;]<\/p>\n","protected":false},"author":1759,"featured_media":191498,"comment_status":"closed","ping_status":"closed","sticky":false,"template":"","format":"standard","meta":{"fifu_image_url":"https:\/\/aujourdhui.ma\/wp-content\/uploads\/2026\/09\/Assistance-humanitaire-LOIM-Maroc-lance-la-phase-II-du-programme-de-protection-des-populations-migrantes-vulnerables-large.jpg","fifu_image_alt":"Assistance humanitaire : L\u2019OIM Maroc lance la phase II du programme de protection des populations migrantes vuln\u00e9rables","footnotes":""},"categories":[73,54],"tags":[],"class_list":["post-191497","post","type-post","status-publish","format-standard","has-post-thumbnail","hentry","category-actualite","category-maroc"],"_links":{"self":[{"href":"https:\/\/linitiative.ca\/International\/wp-json\/wp\/v2\/posts\/191497","targetHints":{"allow":["GET"]}}],"collection":[{"href":"https:\/\/linitiative.ca\/International\/wp-json\/wp\/v2\/posts"}],"about":[{"href":"https:\/\/linitiative.ca\/International\/wp-json\/wp\/v2\/types\/post"}],"author":[{"embeddable":true,"href":"https:\/\/linitiative.ca\/International\/wp-json\/wp\/v2\/users\/1759"}],"replies":[{"embeddable":true,"href":"https:\/\/linitiative.ca\/International\/wp-json\/wp\/v2\/comments?post=191497"}],"version-history":[{"count":0,"href":"https:\/\/linitiative.ca\/International\/wp-json\/wp\/v2\/posts\/191497\/revisions"}],"wp:featuredmedia":[{"embeddable":true,"href":"https:\/\/linitiative.ca\/International\/wp-json\/wp\/v2\/media\/191498"}],"wp:attachment":[{"href":"https:\/\/linitiative.ca\/International\/wp-json\/wp\/v2\/media?parent=191497"}],"wp:term":[{"taxonomy":"category","embeddable":true,"href":"https:\/\/linitiative.ca\/International\/wp-json\/wp\/v2\/categories?post=191497"},{"taxonomy":"post_tag","embeddable":true,"href":"https:\/\/linitiative.ca\/International\/wp-json\/wp\/v2\/tags?post=191497"}],"curies":[{"name":"wp","href":"https:\/\/api.w.org\/{rel}","templated":true}]}}