{"id":191499,"date":"2026-09-01T06:16:52","date_gmt":"2026-09-01T10:16:52","guid":{"rendered":"https:\/\/linitiative.ca\/International\/education-jti-et-jadara-foundation-celebrent-les-reussites-des-jeunes-talents\/"},"modified":"2026-09-01T06:16:52","modified_gmt":"2026-09-01T10:16:52","slug":"education-jti-et-jadara-foundation-celebrent-les-reussites-des-jeunes-talents","status":"publish","type":"post","link":"https:\/\/linitiative.ca\/International\/education-jti-et-jadara-foundation-celebrent-les-reussites-des-jeunes-talents\/","title":{"rendered":"Education: JTI et Jadara Foundation c\u00e9l\u00e8brent  les r\u00e9ussites des jeunes talents"},"content":{"rendered":"<p><span><strong>Partenariat<\/strong><\/span><br \/><strong>Les r\u00e9ussites de dix \u00e9tudiantes b\u00e9n\u00e9ficiaires du programme soutenu par JTI ont \u00e9t\u00e9 c\u00e9l\u00e9br\u00e9es lors d\u2019une rencontre. A cette occasion, JTI et Jadara Foundation ont r\u00e9affirm\u00e9 leur engagement en faveur de l\u2019\u00e9ducation, de l\u2019\u00e9galit\u00e9 des chances et du d\u00e9veloppement des talents de demain.<\/strong><\/p>\n<p><span id=\"more-527177\"\/><br \/>JTI et Jadara Foundation ont r\u00e9uni les \u00e9tudiantes b\u00e9n\u00e9ficiaires du programme de bourses soutenu par l\u2019entreprise depuis 2021, \u00e0 l\u2019occasion d\u2019une rencontre. En pr\u00e9sence des repr\u00e9sentants de JTI et des \u00e9quipes de Jadara Foundation, les dix b\u00e9n\u00e9ficiaires ont partag\u00e9 les principales \u00e9tapes de leur parcours, les d\u00e9fis surmont\u00e9s ainsi que leurs ambitions acad\u00e9miques et professionnelles. Leurs t\u00e9moignages ont illustr\u00e9 l\u2019impact d\u2019un soutien durable sur la capacit\u00e9 de jeunes \u00e0 fort potentiel \u00e0 construire leur avenir avec confiance. Engag\u00e9 en 2021, le partenariat entre JTI et Jadara Foundation repose sur une ambition commune : contribuer \u00e0 r\u00e9duire les obstacles susceptibles de freiner le parcours de jeunes \u00e9tudiants \u00e0 fort potentiel et leur donner les moyens de construire un projet acad\u00e9mique et professionnel \u00e0 la hauteur de leurs aspirations. Dans ce cadre, JTI soutient dix boursiers b\u00e9n\u00e9ficiant d\u2019une prise en charge destin\u00e9e \u00e0 favoriser la poursuite de leurs \u00e9tudes dans de bonnes conditions.<\/p>\n<p>Cet appui financier est compl\u00e9t\u00e9 par un suivi visant \u00e0 renforcer leur autonomie et \u00e0 pr\u00e9parer progressivement leur insertion professionnelle. Cette approche globale associe la r\u00e9ussite acad\u00e9mique au d\u00e9veloppement personnel, \u00e0 l\u2019acquisition de comp\u00e9tences transversales et \u00e0 une meilleure connaissance du monde professionnel. \u00abDepuis 2021, notre partenariat avec Jadara Foundation traduit une conviction forte : le potentiel et le m\u00e9rite doivent pouvoir s\u2019exprimer ind\u00e9pendamment des contraintes \u00e9conomiques ou sociales. Les r\u00e9ussites que nous c\u00e9l\u00e9brons aujourd\u2019hui sont celles de jeunes femmes d\u00e9termin\u00e9es, mais \u00e9galement le r\u00e9sultat d\u2019un accompagnement construit dans la dur\u00e9e. En investissant dans l\u2019\u00e9ducation et le d\u00e9veloppement des comp\u00e9tences, nous investissons dans une g\u00e9n\u00e9ration capable de contribuer activement \u00e0 l\u2019avenir du Maroc\u00bb, a d\u00e9clar\u00e9 Charlotte du Closel, directrice des affaires publiques et de la communication de JTI pour l\u2019Afrique du Nord et de l\u2019Ouest.<\/p>\n<p>En mettant ces parcours \u00e0 l\u2019honneur, JTI et Jadara Foundation souhaitent \u00e9galement adresser un message d\u2019encouragement \u00e0 l\u2019ensemble des jeunes confront\u00e9s \u00e0 des difficult\u00e9s dans la poursuite de leurs \u00e9tudes. \u00abUne bourse d\u2019\u00e9tudes repr\u00e9sente un soutien d\u00e9terminant, mais la r\u00e9ussite d\u2019un jeune repose \u00e9galement sur sa capacit\u00e9 \u00e0 se projeter, \u00e0 d\u00e9velopper ses comp\u00e9tences et \u00e0 construire son r\u00e9seau. Le partenariat avec JTI nous permet d\u2019inscrire cet accompagnement dans la continuit\u00e9 et d\u2019offrir aux b\u00e9n\u00e9ficiaires des conditions favorables \u00e0 leur \u00e9panouissement acad\u00e9mique, personnel et professionnel. Les parcours c\u00e9l\u00e9br\u00e9s aujourd\u2019hui d\u00e9montrent tout ce que ces jeunes peuvent accomplir lorsqu\u2019on leur accorde les moyens et la confiance n\u00e9cessaires\u00bb, a soulign\u00e9 Hamid Ben Elfadil, pr\u00e9sident de Jadara Foundation. \u00c0 travers son soutien au programme Jadara Foundation, JTI r\u00e9affirme sa volont\u00e9 de contribuer \u00e0 des initiatives porteuses d\u2019un impact durable au sein de la soci\u00e9t\u00e9.<\/p>\n<p>Auteur: ALM<br \/>\n<a href=\"https:\/\/aujourdhui.ma\/societe\/education-jti-et-jadara-foundation-celebrent-les-reussites-des-jeunes-talents\">Cliquez ici pour lire l&rsquo;article depuis sa source.<\/a><\/p>\n","protected":false},"excerpt":{"rendered":"<p>PartenariatLes r\u00e9ussites de dix \u00e9tudiantes b\u00e9n\u00e9ficiaires du programme soutenu par JTI ont \u00e9t\u00e9 c\u00e9l\u00e9br\u00e9es lors d\u2019une rencontre. A cette occasion, JTI et Jadara Foundation ont r\u00e9affirm\u00e9 leur engagement en faveur de l\u2019\u00e9ducation, de l\u2019\u00e9galit\u00e9 des chances et du d\u00e9veloppement des talents de demain. JTI et Jadara Foundation ont r\u00e9uni les \u00e9tudiantes b\u00e9n\u00e9ficiaires du programme de [&hellip;]<\/p>\n","protected":false},"author":1759,"featured_media":191500,"comment_status":"closed","ping_status":"closed","sticky":false,"template":"","format":"standard","meta":{"fifu_image_url":"https:\/\/aujourdhui.ma\/wp-content\/uploads\/2026\/09\/JTI-et-Jadara-Foundation-celebrent-les-reussites-des-jeunes-talents-large.jpg","fifu_image_alt":"Education: JTI et Jadara Foundation c\u00e9l\u00e8brent les r\u00e9ussites des jeunes talents","footnotes":""},"categories":[73,54],"tags":[],"class_list":["post-191499","post","type-post","status-publish","format-standard","has-post-thumbnail","hentry","category-actualite","category-maroc"],"_links":{"self":[{"href":"https:\/\/linitiative.ca\/International\/wp-json\/wp\/v2\/posts\/191499","targetHints":{"allow":["GET"]}}],"collection":[{"href":"https:\/\/linitiative.ca\/International\/wp-json\/wp\/v2\/posts"}],"about":[{"href":"https:\/\/linitiative.ca\/International\/wp-json\/wp\/v2\/types\/post"}],"author":[{"embeddable":true,"href":"https:\/\/linitiative.ca\/International\/wp-json\/wp\/v2\/users\/1759"}],"replies":[{"embeddable":true,"href":"https:\/\/linitiative.ca\/International\/wp-json\/wp\/v2\/comments?post=191499"}],"version-history":[{"count":0,"href":"https:\/\/linitiative.ca\/International\/wp-json\/wp\/v2\/posts\/191499\/revisions"}],"wp:featuredmedia":[{"embeddable":true,"href":"https:\/\/linitiative.ca\/International\/wp-json\/wp\/v2\/media\/191500"}],"wp:attachment":[{"href":"https:\/\/linitiative.ca\/International\/wp-json\/wp\/v2\/media?parent=191499"}],"wp:term":[{"taxonomy":"category","embeddable":true,"href":"https:\/\/linitiative.ca\/International\/wp-json\/wp\/v2\/categories?post=191499"},{"taxonomy":"post_tag","embeddable":true,"href":"https:\/\/linitiative.ca\/International\/wp-json\/wp\/v2\/tags?post=191499"}],"curies":[{"name":"wp","href":"https:\/\/api.w.org\/{rel}","templated":true}]}}