{"id":191503,"date":"2026-09-01T06:18:18","date_gmt":"2026-09-01T10:18:18","guid":{"rendered":"https:\/\/linitiative.ca\/International\/aeroport-tanger-ibn-battouta-hausse-de-9-du-trafic-passagers-a-fin-juillet\/"},"modified":"2026-09-01T06:18:18","modified_gmt":"2026-09-01T10:18:18","slug":"aeroport-tanger-ibn-battouta-hausse-de-9-du-trafic-passagers-a-fin-juillet","status":"publish","type":"post","link":"https:\/\/linitiative.ca\/International\/aeroport-tanger-ibn-battouta-hausse-de-9-du-trafic-passagers-a-fin-juillet\/","title":{"rendered":"A\u00e9roport Tanger Ibn Battouta: Hausse de 9% du trafic passagers \u00e0 fin juillet"},"content":{"rendered":"<p><strong>ONDA<\/strong><br \/>L\u2019a\u00e9roport Tanger Ibn Battouta a enregistr\u00e9, \u00e0 fin juillet 2026, une hausse de 9% du trafic de passagers par rapport \u00e0 la m\u00eame p\u00e9riode de l\u2019ann\u00e9e pr\u00e9c\u00e9dente, selon l\u2019Office national des a\u00e9roports (ONDA).<br \/>Cette plateforme a\u00e9roportuaire a accueilli 1.711.764 passagers \u00e0 fin juillet dernier, contre 1.570.186 voyageurs durant la m\u00eame p\u00e9riode de 2025, pr\u00e9cise l\u2019ONDA dans son dernier bilan du trafic a\u00e9rien.<br \/>La r\u00e9partition du trafic a\u00e9rien des passagers \u00e0 l\u2019a\u00e9roport de Tanger, \u00e0 fin juillet dernier, fait appara\u00eetre une pr\u00e9dominance des vols internationaux, avec 1.566.038 voyageurs enregistr\u00e9s, en hausse de 10%, contre 145.726 passagers sur les vols nationaux, en recul de 1,29%.<br \/>Concernant les mouvements a\u00e9roportuaires, cette infrastructure a enregistr\u00e9 une progression de 10,3%, avec 13.235 mouvements enregistr\u00e9s \u00e0 fin juillet 2026, contre 11.990 durant la m\u00eame p\u00e9riode un an auparavant.<br \/>Pour le seul mois de juillet, l\u2019a\u00e9roport a accueilli 309.008 passagers, en hausse de 8,8% par rapport aux 283.889 voyageurs enregistr\u00e9s en juillet 2025, indique l\u2019ONDA.<\/p>\n<p>Auteur: ALM<br \/>\n<a href=\"https:\/\/aujourdhui.ma\/actualite\/aeroport-tanger-ibn-battouta-hausse-de-9-du-trafic-passagers-a-fin-juillet\">Cliquez ici pour lire l&rsquo;article depuis sa source.<\/a><\/p>\n","protected":false},"excerpt":{"rendered":"<p>ONDAL\u2019a\u00e9roport Tanger Ibn Battouta a enregistr\u00e9, \u00e0 fin juillet 2026, une hausse de 9% du trafic de passagers par rapport \u00e0 la m\u00eame p\u00e9riode de l\u2019ann\u00e9e pr\u00e9c\u00e9dente, selon l\u2019Office national des a\u00e9roports (ONDA).Cette plateforme a\u00e9roportuaire a accueilli 1.711.764 passagers \u00e0 fin juillet dernier, contre 1.570.186 voyageurs durant la m\u00eame p\u00e9riode de 2025, pr\u00e9cise l\u2019ONDA dans [&hellip;]<\/p>\n","protected":false},"author":1759,"featured_media":191504,"comment_status":"closed","ping_status":"closed","sticky":false,"template":"","format":"standard","meta":{"fifu_image_url":"https:\/\/aujourdhui.ma\/wp-content\/uploads\/2026\/09\/Tangier_Airport-large.jpg","fifu_image_alt":"A\u00e9roport Tanger Ibn Battouta: Hausse de 9% du trafic passagers \u00e0 fin juillet","footnotes":""},"categories":[73,54],"tags":[],"class_list":["post-191503","post","type-post","status-publish","format-standard","has-post-thumbnail","hentry","category-actualite","category-maroc"],"_links":{"self":[{"href":"https:\/\/linitiative.ca\/International\/wp-json\/wp\/v2\/posts\/191503","targetHints":{"allow":["GET"]}}],"collection":[{"href":"https:\/\/linitiative.ca\/International\/wp-json\/wp\/v2\/posts"}],"about":[{"href":"https:\/\/linitiative.ca\/International\/wp-json\/wp\/v2\/types\/post"}],"author":[{"embeddable":true,"href":"https:\/\/linitiative.ca\/International\/wp-json\/wp\/v2\/users\/1759"}],"replies":[{"embeddable":true,"href":"https:\/\/linitiative.ca\/International\/wp-json\/wp\/v2\/comments?post=191503"}],"version-history":[{"count":0,"href":"https:\/\/linitiative.ca\/International\/wp-json\/wp\/v2\/posts\/191503\/revisions"}],"wp:featuredmedia":[{"embeddable":true,"href":"https:\/\/linitiative.ca\/International\/wp-json\/wp\/v2\/media\/191504"}],"wp:attachment":[{"href":"https:\/\/linitiative.ca\/International\/wp-json\/wp\/v2\/media?parent=191503"}],"wp:term":[{"taxonomy":"category","embeddable":true,"href":"https:\/\/linitiative.ca\/International\/wp-json\/wp\/v2\/categories?post=191503"},{"taxonomy":"post_tag","embeddable":true,"href":"https:\/\/linitiative.ca\/International\/wp-json\/wp\/v2\/tags?post=191503"}],"curies":[{"name":"wp","href":"https:\/\/api.w.org\/{rel}","templated":true}]}}