{"id":191505,"date":"2026-09-01T06:19:30","date_gmt":"2026-09-01T10:19:30","guid":{"rendered":"https:\/\/linitiative.ca\/International\/casablanca-remise-dun-don-royal-au-mausolee-sidi-belyout\/"},"modified":"2026-09-01T06:19:30","modified_gmt":"2026-09-01T10:19:30","slug":"casablanca-remise-dun-don-royal-au-mausolee-sidi-belyout","status":"publish","type":"post","link":"https:\/\/linitiative.ca\/International\/casablanca-remise-dun-don-royal-au-mausolee-sidi-belyout\/","title":{"rendered":"Casablanca: Remise d\u2019un don royal au Mausol\u00e9e Sidi Belyout"},"content":{"rendered":"<p><strong>C\u00e9r\u00e9monie religieuse<\/strong><br \/>Une commission royale a proc\u00e9d\u00e9, lundi \u00e0 Casablanca, \u00e0 la remise d\u2019un don royal au Mausol\u00e9e Sidi Belyout, et ce, \u00e0 l\u2019occasion de la comm\u00e9moration du 28\u00e8me anniversaire de la disparition de Feu SM Hassan II, que Dieu ait Son \u00e2me.<br \/>La remise de ce don royal s\u2019est d\u00e9roul\u00e9e lors d\u2019une c\u00e9r\u00e9monie religieuse en pr\u00e9sence notamment du gouverneur de la pr\u00e9fecture d\u2019arrondissements de Casablanca-Anfa, Abdelkhaleq Merzouki, du pr\u00e9sident du Conseil local des oul\u00e9mas ainsi que des responsables des services ext\u00e9rieurs et d\u2019autres personnalit\u00e9s civiles et militaires.<br \/>Apr\u00e8s la r\u00e9citation de versets du Saint Coran, l\u2019assistance a \u00e9lev\u00e9 des pri\u00e8res implorant le Tout-Puissant de pr\u00e9server SM le Roi Mohammed VI, Amir Al Mouminine, de couronner de succ\u00e8s Ses actions et de combler le Souverain en les personnes de SAR le Prince H\u00e9ritier Moulay El Hassan, de SAR le Prince Moulay Rachid et de l\u2019ensemble des membres de l\u2019Illustre Famille Royale.<br \/>Des pri\u00e8res ont \u00e9galement \u00e9t\u00e9 \u00e9lev\u00e9es pour le repos de l\u2019\u00e2me des regrett\u00e9s Souverains, Feu SM Mohammed V et Feu SM Hassan II, que Dieu les ait en Sa Sainte Mis\u00e9ricorde.<\/p>\n<p>Auteur: ALM<br \/>\n<a href=\"https:\/\/aujourdhui.ma\/actualite\/casablanca-remise-dun-don-royal-au-mausolee-sidi-belyout\">Cliquez ici pour lire l&rsquo;article depuis sa source.<\/a><\/p>\n","protected":false},"excerpt":{"rendered":"<p>C\u00e9r\u00e9monie religieuseUne commission royale a proc\u00e9d\u00e9, lundi \u00e0 Casablanca, \u00e0 la remise d\u2019un don royal au Mausol\u00e9e Sidi Belyout, et ce, \u00e0 l\u2019occasion de la comm\u00e9moration du 28\u00e8me anniversaire de la disparition de Feu SM Hassan II, que Dieu ait Son \u00e2me.La remise de ce don royal s\u2019est d\u00e9roul\u00e9e lors d\u2019une c\u00e9r\u00e9monie religieuse en pr\u00e9sence [&hellip;]<\/p>\n","protected":false},"author":1759,"featured_media":191506,"comment_status":"closed","ping_status":"closed","sticky":false,"template":"","format":"standard","meta":{"fifu_image_url":"https:\/\/aujourdhui.ma\/wp-content\/uploads\/2026\/09\/Remise-dun-don-royal-au-Mausolee-Sidi-Belyout-large.jpg","fifu_image_alt":"Casablanca: Remise d\u2019un don royal au Mausol\u00e9e Sidi Belyout","footnotes":""},"categories":[73,54],"tags":[],"class_list":["post-191505","post","type-post","status-publish","format-standard","has-post-thumbnail","hentry","category-actualite","category-maroc"],"_links":{"self":[{"href":"https:\/\/linitiative.ca\/International\/wp-json\/wp\/v2\/posts\/191505","targetHints":{"allow":["GET"]}}],"collection":[{"href":"https:\/\/linitiative.ca\/International\/wp-json\/wp\/v2\/posts"}],"about":[{"href":"https:\/\/linitiative.ca\/International\/wp-json\/wp\/v2\/types\/post"}],"author":[{"embeddable":true,"href":"https:\/\/linitiative.ca\/International\/wp-json\/wp\/v2\/users\/1759"}],"replies":[{"embeddable":true,"href":"https:\/\/linitiative.ca\/International\/wp-json\/wp\/v2\/comments?post=191505"}],"version-history":[{"count":0,"href":"https:\/\/linitiative.ca\/International\/wp-json\/wp\/v2\/posts\/191505\/revisions"}],"wp:featuredmedia":[{"embeddable":true,"href":"https:\/\/linitiative.ca\/International\/wp-json\/wp\/v2\/media\/191506"}],"wp:attachment":[{"href":"https:\/\/linitiative.ca\/International\/wp-json\/wp\/v2\/media?parent=191505"}],"wp:term":[{"taxonomy":"category","embeddable":true,"href":"https:\/\/linitiative.ca\/International\/wp-json\/wp\/v2\/categories?post=191505"},{"taxonomy":"post_tag","embeddable":true,"href":"https:\/\/linitiative.ca\/International\/wp-json\/wp\/v2\/tags?post=191505"}],"curies":[{"name":"wp","href":"https:\/\/api.w.org\/{rel}","templated":true}]}}