{"id":191521,"date":"2026-09-01T13:16:45","date_gmt":"2026-09-01T17:16:45","guid":{"rendered":"https:\/\/linitiative.ca\/International\/maroc-allemagne-zoom-sur-le-corridor-energetique-sila-atlantik\/"},"modified":"2026-09-01T13:16:45","modified_gmt":"2026-09-01T17:16:45","slug":"maroc-allemagne-zoom-sur-le-corridor-energetique-sila-atlantik","status":"publish","type":"post","link":"https:\/\/linitiative.ca\/International\/maroc-allemagne-zoom-sur-le-corridor-energetique-sila-atlantik\/","title":{"rendered":"Maroc-Allemagne: zoom sur le corridor \u00e9nerg\u00e9tique Sila Atlantik"},"content":{"rendered":"<p class=\"wp-block-paragraph\"><strong>Avec pr\u00e8s de 4.800 km de c\u00e2bles sous-marins et jusqu\u2019\u00e0 3,6 GW de capacit\u00e9, Sila Atlantik pourrait connecter directement le Maroc au march\u00e9 \u00e9lectrique allemand. Le projet prolonge l\u2019ambition du Royaume, d\u00e9j\u00e0 engag\u00e9 dans les interconnexions \u00e9lectriques avec l\u2019Espagne, et confirme son positionnement de hub \u00e9nerg\u00e9tique pour l\u2019Europe. Reste \u00e0 relever les d\u00e9fis du financement, de la faisabilit\u00e9 technique et de la r\u00e9glementation. D\u00e9cryptage.<\/strong><\/p>\n<p class=\"wp-block-paragraph\">L\u2019histoire du projet Sila Atlantik est celle d\u2019une maturation. Ce qui devait \u00eatre, \u00e0 l\u2019origine, une autoroute \u00e0 sens unique pour exporter l\u2019\u00e9lectricit\u00e9 solaire et \u00e9olienne du d\u00e9sert marocain vers l\u2019Allemagne est en train de se muer en un v\u00e9ritable test de maturit\u00e9 g\u00e9opolitique pour le Royaume. Avec pr\u00e8s de 4 800 kilom\u00e8tres de c\u00e2bles sous-marins et une capacit\u00e9 de 3,6 GW, cette infrastructure titanesque, port\u00e9e par le groupe britannique Xlinks, incarne l\u2019ambition marocaine de s\u2019imposer comme un hub \u00e9nerg\u00e9tique incontournable pour l\u2019Europe.\u00a0 Rabat a r\u00e9cemment exprim\u00e9 son soutien au projet. Cette position donne un nouvel \u00e9lan aux discussions avec Berlin, mais elle ne signifie pas encore que les travaux vont commencer. Les partenaires doivent toujours r\u00e9gler plusieurs questions li\u00e9es au financement, \u00e0 la gouvernance, aux garanties et au cadre r\u00e9glementaire.\u00a0<\/p>\n<p class=\"wp-block-paragraph\">\u00abSila Atlantik est une initiative particuli\u00e8rement int\u00e9ressante car elle s\u2019inscrit dans une forte compl\u00e9mentarit\u00e9 strat\u00e9gique entre le Maroc et l\u2019Allemagne. Les deux pays ont construit depuis plusieurs ann\u00e9es des ambitions importantes dans les \u00e9nergies renouvelables et l\u2019hydrog\u00e8ne vert, avec des besoins et des atouts compl\u00e9mentaires : un potentiel renouvelable exceptionnel et une proximit\u00e9 avec l\u2019Europe c\u00f4t\u00e9 marocain, face \u00e0 un immense march\u00e9 \u00e9nerg\u00e9tique et industriel allemand engag\u00e9 dans une profonde d\u00e9carbonation \u00bb, nous confie Badr Ikken,\u00a0 pr\u00e9sident du cabinet Gi3 et du Conseil d\u2019affaire Maroc-Allemagne de la CGEM.<\/p>\n<p class=\"wp-block-paragraph\"><strong>Lire aussi |\u00a0<a href=\"https:\/\/www.challenge.ma\/pedro-sanchez-defend-la-relation-avec-le-maroc-inflige-un-camouflet-aux-extremistes-en-espagne-323813\/#:~:text=POLITIQUE-,Pedro%20S%C3%A1nchez%20d%C3%A9fend%20la%20relation%20avec%20le%20Maroc%2C%20inflige%20un%20camouflet%20aux%20extr%C3%A9mistes%20en%20Espagne,-written%20by%20Jamal\" target=\"_blank\" rel=\"noreferrer noopener\">Pedro S\u00e1nchez d\u00e9fend la relation avec le Maroc, inflige un camouflet aux extr\u00e9mistes en Espagne<\/a><\/strong><\/p>\n<p class=\"wp-block-paragraph\">Et d\u2019ajouter : \u00ab \u00ab Avec pr\u00e8s de 26 TWh par an, soit environ 5 % de la consommation \u00e9lectrique allemande, Sila Atlantik aurait d\u00e9j\u00e0 une dimension significative. Mais sa v\u00e9ritable valeur r\u00e9side dans la compl\u00e9mentarit\u00e9 des syst\u00e8mes : associer le potentiel solaire et \u00e9olien marocain au stockage permettrait d\u2019apporter \u00e0 l\u2019Allemagne une \u00e9lectricit\u00e9 renouvelable sur de larges plages horaires, compl\u00e9mentaire \u00e0 sa propre production, et ainsi d\u2019accompagner plus efficacement la sortie progressive des \u00e9nergies fossiles \u00bb.<\/p>\n<p class=\"wp-block-paragraph\"><strong>Un accord intergouvernemental pour un partenariat durable<\/strong><\/p>\n<p class=\"wp-block-paragraph\">C\u2019est sur ce point que les visions marocaine et allemande divergent, mais cette divergence est le signe d\u2019une n\u00e9gociation saine entre deux partenaires qui cherchent \u00e0 construire un projet solide. Selon quatre sources proches du dossier, cit\u00e9es par l\u2019agence Reuters, les autorit\u00e9s marocaines insistent pour obtenir un accord intergouvernemental formellement ent\u00e9rin\u00e9 par Berlin. Rabat veut des garanties \u00e9tatiques sur le long terme, une s\u00e9curit\u00e9 juridique et politique qui transcende les al\u00e9as des cycles \u00e9conomiques. La lettre de Frank Wetzel, bien que positive, est per\u00e7ue comme un encouragement diplomatique dont il faut maintenant pr\u00e9ciser le contenu juridique.<\/p>\n<p class=\"wp-block-paragraph\">Mais, le Maroc ne renonce pas pour autant \u00e0 convaincre Berlin de la n\u00e9cessit\u00e9 d\u2019un tel cadre. De l\u2019autre c\u00f4t\u00e9 du Rhin, la position est diff\u00e9rente, mais pas incompatible. L\u2019Allemagne, fid\u00e8le \u00e0 son mod\u00e8le \u00e9conomique, insiste pour que Sila Atlantik conserve une structure impuls\u00e9e principalement par le secteur priv\u00e9. Des g\u00e9ants comme E.ON, Uniper, ou encore la compagnie ferroviaire publique Deutsche Bahn, ont manifest\u00e9 leur int\u00e9r\u00eat pour se porter acqu\u00e9reurs de cette \u00e9lectricit\u00e9 verte. Berlin se montre toutefois r\u00e9serv\u00e9 quant \u00e0 l\u2019octroi d\u2019un parapluie financier public.<\/p>\n<p class=\"wp-block-paragraph\"><strong>Lire aussi |\u00a0<a href=\"https:\/\/www.challenge.ma\/crise-migratoire-le-maroc-met-leurope-face-a-ses-contradictions-323202\/#:~:text=POLITIQUE-,Crise%20migratoire%3A%20le%20Maroc%20met%20l%E2%80%99Europe%20face%20%C3%A0%20ses%20contradictions,-written%20by%20Jamal\" target=\"_blank\" rel=\"noreferrer noopener\">Crise migratoire: le Maroc met l\u2019Europe face \u00e0 ses contradictions<\/a><\/strong><\/p>\n<p class=\"wp-block-paragraph\">Pourtant, ce d\u00e9saccord apparent pourrait se r\u00e9soudre par une prise de conscience mutuelle : un projet d\u2019une telle envergure ne peut reposer uniquement sur des bases priv\u00e9es, et le Maroc, en posant ses conditions, offre \u00e0 l\u2019Allemagne l\u2019opportunit\u00e9 de construire un partenariat exemplaire, adoss\u00e9 \u00e0 des garanties solides. L\u2019histoire des grands projets d\u2019infrastructure enseigne que les partenariats public-priv\u00e9 les plus r\u00e9ussis sont ceux o\u00f9 l\u2019\u00c9tat joue un r\u00f4le de garant et de facilitateur. Le Maroc, en demandant un accord intergouvernemental, ne fait que rappeler cette \u00e9vidence. Il invite l\u2019Allemagne \u00e0 s\u2019engager au m\u00eame niveau que lui, \u00e0 reconna\u00eetre que ce projet est strat\u00e9gique pour les deux pays et qu\u2019il m\u00e9rite un cadre institutionnel \u00e0 la hauteur de ses ambitions. C\u2019est une main tendue vers Berlin, une invitation \u00e0 co-construire un mod\u00e8le de coop\u00e9ration \u00e9nerg\u00e9tique qui fera date.<\/p>\n<p class=\"wp-block-paragraph\">\u00ab Les porteurs du projet ont \u00e9galement eu l\u2019intelligence strat\u00e9gique, apr\u00e8s les difficult\u00e9s rencontr\u00e9es par Xlinks entre le Maroc et le Royaume-Uni, de repositionner cette ambition autour de l\u2019un des couples \u00e9nerg\u00e9tiques les plus compl\u00e9mentaires entre les deux rives de la M\u00e9diterran\u00e9e : le Maroc et l\u2019Allemagne. Le travail d\u00e9j\u00e0 r\u00e9alis\u00e9 sur la faisabilit\u00e9 technique donne aujourd\u2019hui au projet une r\u00e9elle cr\u00e9dibilit\u00e9 et permet de capitaliser sur plusieurs ann\u00e9es d\u2019\u00e9tudes et de d\u00e9veloppement.\u00a0 La dimension bidirectionnelle est \u00e9galement essentielle. Sila Atlantik ne devrait pas \u00eatre pens\u00e9 comme un simple c\u00e2ble d\u2019exportation, mais comme une v\u00e9ritable interconnexion entre deux syst\u00e8mes \u00e9lectriques, renfor\u00e7ant leur flexibilit\u00e9 et leur s\u00e9curit\u00e9 d\u2019approvisionnement. C\u2019est cette r\u00e9ciprocit\u00e9 qui peut en faire un partenariat durable et r\u00e9ellement gagnant-gagnant, tout en pr\u00e9servant la capacit\u00e9 du Maroc \u00e0 r\u00e9pondre \u00e0 la croissance de ses propres besoins \u00e9nerg\u00e9tiques et industriels\u00bb, explique Ikken.<\/p>\n<p class=\"wp-block-paragraph\"><strong>Un hub en qu\u00eate de cons\u00e9cration europ\u00e9enne<\/strong><\/p>\n<p class=\"wp-block-paragraph\">Le feuilleton Sila Atlantik intervient dans un contexte plus large o\u00f9 le Maroc consolide son statut de hub \u00e9nerg\u00e9tique pour l\u2019Europe. Le Royaume est d\u00e9j\u00e0 reli\u00e9 \u00e0 l\u2019Espagne via deux c\u00e2bles sous-marins, une interconnexion qui a prouv\u00e9 sa valeur strat\u00e9gique en 2025 en aidant Madrid \u00e0 faire face \u00e0 une panne d\u2019\u00e9lectricit\u00e9 majeure. Par ailleurs, les projets d\u2019interconnexion avec le Portugal sont relanc\u00e9s, et une liaison directe avec la France est \u00e0 l\u2019\u00e9tude. Cette strat\u00e9gie d\u2019interconnexions multiples est la marque d\u2019une vision coh\u00e9rente et ambitieuse.<\/p>\n<p class=\"wp-block-paragraph\"><strong>Lire aussi | <a href=\"https:\/\/www.challenge.ma\/le-projet-du-gazoduc-entre-maroc-et-le-nigeria-franchit-une-etape-cle-322615\/#:~:text=ENERGIE-,Le%20projet%20du%20gazoduc%20entre%20Maroc%20et%20le%20Nig%C3%A9ria%20franchit%20une%20%C3%A9tape%20cl%C3%A9%20!,-written%20by%20Ismail\" target=\"_blank\" rel=\"noreferrer noopener\">Le projet du gazoduc entre Maroc et le Nig\u00e9ria franchit une \u00e9tape cl\u00e9 !<\/a><\/strong><\/p>\n<p class=\"wp-block-paragraph\">Le Maroc ne se contente pas de d\u00e9velopper ses propres capacit\u00e9s de production d\u2019\u00e9nergie renouvelable ; il les int\u00e8gre dans un r\u00e9seau europ\u00e9en en pleine mutation. La transition \u00e9nerg\u00e9tique du continent passe par la diversification de ses sources d\u2019approvisionnement et par la cr\u00e9ation de corridors \u00e9lectriques capables d\u2019acheminer l\u2019\u00e9nergie verte des r\u00e9gions les plus ensoleill\u00e9es vers les centres de consommation. Le Maroc, avec son ensoleillement exceptionnel et ses vents r\u00e9guliers, est une pi\u00e8ce ma\u00eetresse de ce puzzle. Sila Atlantik s\u2019inscrit dans cette dynamique vertueuse. Il pr\u00e9voit d\u2019installer 15 gigawatts de capacit\u00e9s solaires et \u00e9oliennes et d\u2019exporter 26 t\u00e9rawattheures par an, soit environ 5 % de la consommation \u00e9lectrique allemande. Ce n\u2019est pas un simple chiffre : c\u2019est une contribution tangible \u00e0 la transition \u00e9nerg\u00e9tique europ\u00e9enne.<\/p>\n<p class=\"wp-block-paragraph\"><strong>Un avenir \u00e9nerg\u00e9tique partag\u00e9 entre le Maroc et l\u2019Europe<\/strong><\/p>\n<p class=\"wp-block-paragraph\">Au-del\u00e0 des divergences apparentes, Sila Atlantik repr\u00e9sente une opportunit\u00e9 historique pour le Maroc et pour l\u2019Europe. Pour le Maroc, c\u2019est la concr\u00e9tisation de d\u00e9cennies d\u2019investissements dans les \u00e9nergies renouvelables, la validation de sa strat\u00e9gie \u00e9nerg\u00e9tique et l\u2019ouverture d\u2019un march\u00e9 de plusieurs milliards d\u2019euros. Pour l\u2019Europe, c\u2019est un acc\u00e8s \u00e0 une \u00e9nergie verte, abondante et comp\u00e9titive, qui lui permettra d\u2019acc\u00e9l\u00e9rer sa transition \u00e9nerg\u00e9tique et de r\u00e9duire sa d\u00e9pendance aux \u00e9nergies fossiles.<\/p>\n<p class=\"wp-block-paragraph\">Le chemin est encore long, mais la direction est claire. Le Maroc a pos\u00e9 des jalons solides : des centrales solaires et \u00e9oliennes parmi les plus performantes au monde, des infrastructures de transport d\u2019\u00e9lectricit\u00e9 modernes, et une volont\u00e9 politique affirm\u00e9e de faire de l\u2019\u00e9nergie un pilier de sa coop\u00e9ration avec l\u2019Europe. Sila Atlantik est la prochaine \u00e9tape de cette aventure, une \u00e9tape qui suppose de trouver un \u00e9quilibre entre les exigences de chaque partie. Le projet, aujourd\u2019hui, est dans une phase de n\u00e9gociation intense. Les divergences sur la gouvernance et la r\u00e9ciprocit\u00e9 des flux sont des sujets complexes, mais ils ne sont pas insurmontables. Ils sont m\u00eame le signe d\u2019une relation qui se renforce, d\u2019un dialogue qui s\u2019approfondit et d\u2019une vision partag\u00e9e qui se pr\u00e9cise. Le Maroc et l\u2019Allemagne ont tout \u00e0 gagner \u00e0 trouver un accord : le Royaume y gagnera un statut de partenaire strat\u00e9gique, Berlin y gagnera une source d\u2019\u00e9nergie verte fiable et abondante. Sila Atlantik n\u2019est pas seulement un c\u00e2ble \u00e9lectrique.<\/p>\n<p class=\"wp-block-paragraph\"><strong>Lire aussi |\u00a0<a href=\"https:\/\/www.challenge.ma\/electricite-le-maroc-et-le-portugal-relancent-leur-projet-dinterconnexion-322848\/#:~:text=ENERGIE-,%C3%89lectricit%C3%A9%20%3A%20le%20Maroc%20et%20le%20Portugal%20relancent%20leur%20projet%20d%E2%80%99interconnexion,-written%20by%20Ismail\" target=\"_blank\" rel=\"noreferrer noopener\">\u00c9lectricit\u00e9 : le Maroc et le Portugal relancent leur projet d\u2019interconnexion<\/a><\/strong><\/p>\n<p class=\"wp-block-paragraph\">C\u2019est le symbole d\u2019un monde nouveau, o\u00f9 les \u00e9nergies renouvelables circulent sans fronti\u00e8res, o\u00f9 les pays du Sud deviennent des fournisseurs de solutions pour les pays du Nord, et o\u00f9 la coop\u00e9ration \u00e9nerg\u00e9tique est un vecteur de d\u00e9veloppement partag\u00e9. Le Maroc, en \u00e9tant \u00e0 la pointe de cette r\u00e9volution, d\u00e9montre que l\u2019avenir \u00e9nerg\u00e9tique se construit avec des partenaires, pas avec des fournisseurs. C\u2019est cette vision qui guide aujourd\u2019hui la diplomatie marocaine et qui fera de Sila Atlantik, demain, une r\u00e9ussite dont les deux rives de la M\u00e9diterran\u00e9e pourront s\u2019enorgueillir.<\/p>\n<p class=\"wp-block-paragraph\">\u00abLa port\u00e9e de Sila Atlantik peut aller bien au-del\u00e0 de l\u2019\u00e9lectricit\u00e9. Sa r\u00e9alisation peut g\u00e9n\u00e9rer une v\u00e9ritable dynamique industrielle commune autour des c\u00e2bles HVDC, des \u00e9quipements \u00e9lectriques, du stockage, de l\u2019ing\u00e9nierie et des infrastructures. Elle pourrait surtout ouvrir la voie, dans une prochaine \u00e9tape, aux \u00e9changes d\u2019hydrog\u00e8ne vert et de ses d\u00e9riv\u00e9s, notamment l\u2019ammoniac, avec encore davantage de valeur ajout\u00e9e industrielle, d\u2019emplois et de d\u00e9carbonation. Sila Atlantik pourrait ainsi devenir la premi\u00e8re brique d\u2019un v\u00e9ritable corridor \u00e9nerg\u00e9tique et industriel entre le Maroc, l\u2019Allemagne et, plus largement, l\u2019Europe \u00bb, pr\u00e9vient Ikken.<\/p>\n<p>Auteur: Ismail Saraoui<br \/>\n<a href=\"https:\/\/www.challenge.ma\/maroc-allemagne-zoom-sur-le-corridor-energetique-sila-atlantik-323851\/\">Cliquez ici pour lire l&rsquo;article depuis sa source.<\/a><\/p>\n","protected":false},"excerpt":{"rendered":"<p>Avec pr\u00e8s de 4.800 km de c\u00e2bles sous-marins et jusqu\u2019\u00e0 3,6 GW de capacit\u00e9, Sila Atlantik pourrait connecter directement le Maroc au march\u00e9 \u00e9lectrique allemand. Le projet prolonge l\u2019ambition du Royaume, d\u00e9j\u00e0 engag\u00e9 dans les interconnexions \u00e9lectriques avec l\u2019Espagne, et confirme son positionnement de hub \u00e9nerg\u00e9tique pour l\u2019Europe. Reste \u00e0 relever les d\u00e9fis du financement, [&hellip;]<\/p>\n","protected":false},"author":1787,"featured_media":191522,"comment_status":"closed","ping_status":"closed","sticky":false,"template":"","format":"standard","meta":{"fifu_image_url":"https:\/\/www.challenge.ma\/wp-content\/uploads\/2026\/01\/noor.jpg","fifu_image_alt":"Maroc-Allemagne: zoom sur le corridor \u00e9nerg\u00e9tique Sila Atlantik","footnotes":""},"categories":[78,54],"tags":[],"class_list":["post-191521","post","type-post","status-publish","format-standard","has-post-thumbnail","hentry","category-economie","category-maroc"],"_links":{"self":[{"href":"https:\/\/linitiative.ca\/International\/wp-json\/wp\/v2\/posts\/191521","targetHints":{"allow":["GET"]}}],"collection":[{"href":"https:\/\/linitiative.ca\/International\/wp-json\/wp\/v2\/posts"}],"about":[{"href":"https:\/\/linitiative.ca\/International\/wp-json\/wp\/v2\/types\/post"}],"author":[{"embeddable":true,"href":"https:\/\/linitiative.ca\/International\/wp-json\/wp\/v2\/users\/1787"}],"replies":[{"embeddable":true,"href":"https:\/\/linitiative.ca\/International\/wp-json\/wp\/v2\/comments?post=191521"}],"version-history":[{"count":0,"href":"https:\/\/linitiative.ca\/International\/wp-json\/wp\/v2\/posts\/191521\/revisions"}],"wp:featuredmedia":[{"embeddable":true,"href":"https:\/\/linitiative.ca\/International\/wp-json\/wp\/v2\/media\/191522"}],"wp:attachment":[{"href":"https:\/\/linitiative.ca\/International\/wp-json\/wp\/v2\/media?parent=191521"}],"wp:term":[{"taxonomy":"category","embeddable":true,"href":"https:\/\/linitiative.ca\/International\/wp-json\/wp\/v2\/categories?post=191521"},{"taxonomy":"post_tag","embeddable":true,"href":"https:\/\/linitiative.ca\/International\/wp-json\/wp\/v2\/tags?post=191521"}],"curies":[{"name":"wp","href":"https:\/\/api.w.org\/{rel}","templated":true}]}}