{"id":191523,"date":"2026-09-01T11:20:00","date_gmt":"2026-09-01T15:20:00","guid":{"rendered":"https:\/\/linitiative.ca\/International\/concours-2026-6-postes-a-pourvoir-au-credif-voici-les-conditions\/"},"modified":"2026-09-01T11:20:00","modified_gmt":"2026-09-01T15:20:00","slug":"concours-2026-6-postes-a-pourvoir-au-credif-voici-les-conditions","status":"publish","type":"post","link":"https:\/\/linitiative.ca\/International\/concours-2026-6-postes-a-pourvoir-au-credif-voici-les-conditions\/","title":{"rendered":"Concours 2026 : 6 postes \u00e0 pourvoir au Credif, voici les conditions"},"content":{"rendered":"<div class=\"post-cont-out\">\n<div class=\"post-cont-in no-margin\">\n<div id=\"content-main\" class=\"left relative\">\n<div class=\"simplesocialbuttons simplesocial-round-btm-border simplesocialbuttons_inline simplesocialbuttons-align-left post-1137845 post simplesocialbuttons-inline-no-animation\"><button class=\"simplesocial-fb-share\" rel=\"nofollow\" target=\"_blank\" aria-label=\"Facebook Share\" data-href=\"https:\/\/www.facebook.com\/sharer\/sharer.php?u=https:\/\/www.tunisienumerique.com\/concours-2026-6-postes-a-pourvoir-au-credif-voici-les-conditions\/\" onclick=\"javascript:window.open(this.dataset.href, '', 'menubar=no,toolbar=no,resizable=yes,scrollbars=yes,height=600,width=600');return false;\"><span class=\"simplesocialtxt\">Facebook<\/span><\/button> <button class=\"simplesocial-twt-share\" rel=\"nofollow\" target=\"_blank\" aria-label=\"Twitter Share\" data-href=\"https:\/\/twitter.com\/intent\/tweet?text=Concours+2026+%3A+6+postes+%C3%A0+pourvoir+au+Credif%2C+voici+les+conditions&amp;url=https:\/\/www.tunisienumerique.com\/concours-2026-6-postes-a-pourvoir-au-credif-voici-les-conditions\/\" onclick=\"javascript:window.open(this.dataset.href, '', 'menubar=no,toolbar=no,resizable=yes,scrollbars=yes,height=600,width=600');return false;\"><span class=\"simplesocialtxt\">Twitter<\/span><\/button> <button rel=\"nofollow\" target=\"_blank\" class=\"simplesocial-linkedin-share\" aria-label=\"LinkedIn Share\" data-href=\"https:\/\/www.linkedin.com\/sharing\/share-offsite\/?url=https:\/\/www.tunisienumerique.com\/concours-2026-6-postes-a-pourvoir-au-credif-voici-les-conditions\/\" onclick=\"javascript:window.open(this.dataset.href, '', 'menubar=no,toolbar=no,resizable=yes,scrollbars=yes,height=600,width=600');return false;\"><span class=\"simplesocialtxt\">LinkedIn<\/span><\/button> <button onclick=\"javascript:window.open(this.dataset.href, '_blank' );return false;\" class=\"simplesocial-whatsapp-share\" rel=\"nofollow\" target=\"_blank\" aria-label=\"WhatsApp Share\" data-href=\"https:\/\/api.whatsapp.com\/send?text=https:\/\/www.tunisienumerique.com\/concours-2026-6-postes-a-pourvoir-au-credif-voici-les-conditions\/\"><span class=\"simplesocialtxt\">WhatsApp<\/span><\/button><\/p>\n<\/div>\n<p><button class=\"simplefavorite-button\" data-postid=\"1137845\" data-siteid=\"1\" data-groupid=\"1\" data-favoritecount=\"0\"> Lire plus tard<\/button><\/p>\n<p>Le Centre de recherches, d\u2019\u00e9tudes, de documentation et d\u2019information sur la femme (Credif), relevant du minist\u00e8re de la Famille, de la Femme, de l\u2019Enfance et des Seniors, a annonc\u00e9 l\u2019ouverture de concours externes sur dossiers, suivis d\u2019un entretien oral, pour le recrutement d\u2019agents au titre de l\u2019ann\u00e9e 2026.<\/p>\n<p>Au total, 6 postes vacants sont propos\u00e9s dans plusieurs sp\u00e9cialit\u00e9s et grades. La date limite de d\u00e9p\u00f4t des candidatures a \u00e9t\u00e9 fix\u00e9e au 18 septembre 2026, tandis que les concours doivent officiellement s\u2019ouvrir le 5 octobre 2026.<\/p>\n<p><strong>Six postes dans plusieurs sp\u00e9cialit\u00e9s<\/strong><\/p>\n<p>Selon un communiqu\u00e9 du Credif, les recrutements concernent six postes, \u00e0 raison d\u2019un poste pour chaque fonction propos\u00e9e.<\/p>\n<p>Le premier concerne le recrutement d\u2019un gardien. Les candidats doivent avoir atteint au minimum le niveau de la 7e ann\u00e9e de l\u2019enseignement de base selon le nouveau r\u00e9gime, ou de la 1re ann\u00e9e de l\u2019enseignement secondaire selon l\u2019ancien r\u00e9gime.<\/p>\n<p>Un poste d\u2019administrateur adjoint dans la sp\u00e9cialit\u00e9 finance est \u00e9galement ouvert aux titulaires d\u2019un dipl\u00f4me universitaire de premier cycle ou d\u2019un dipl\u00f4me \u00e9quivalent dans le domaine de la finance.<\/p>\n<p><strong>Des recrutements dans l\u2019informatique et le multim\u00e9dia<\/strong><\/p>\n<p>Le Credif pr\u00e9voit \u00e9galement de recruter un technicien sp\u00e9cialis\u00e9 dans la maintenance des \u00e9quipements informatiques ou la maintenance informatique.<\/p>\n<p>Ce poste est ouvert aux titulaires d\u2019un dipl\u00f4me de technicien sup\u00e9rieur ou d\u2019un dipl\u00f4me \u00e9quivalent dans la sp\u00e9cialit\u00e9 concern\u00e9e.<\/p>\n<p>Un autre poste concerne le recrutement d\u2019un technicien principal en arts multim\u00e9dias. Les candidats doivent \u00eatre titulaires d\u2019une ma\u00eetrise, d\u2019une licence dans le cadre du syst\u00e8me LMD ou d\u2019un dipl\u00f4me \u00e9quivalent en arts multim\u00e9dias.<\/p>\n<p><strong>Des postes dans les archives et les ressources humaines<\/strong><\/p>\n<p>Le concours pr\u00e9voit aussi le recrutement d\u2019un administrateur en documentation et archives.<\/p>\n<p>Ce poste est destin\u00e9 aux titulaires d\u2019une ma\u00eetrise, d\u2019une licence selon le syst\u00e8me LMD ou d\u2019un dipl\u00f4me \u00e9quivalent en biblioth\u00e9conomie, documentation et archivistique.<\/p>\n<p>Un poste d\u2019administrateur sp\u00e9cialis\u00e9 dans la gestion des ressources humaines est \u00e9galement propos\u00e9 aux titulaires d\u2019une ma\u00eetrise, d\u2019une licence LMD ou d\u2019un dipl\u00f4me \u00e9quivalent dans le domaine des ressources humaines.<\/p>\n<p><strong>Le 18 septembre, dernier d\u00e9lai pour candidater<\/strong><\/p>\n<p>Le Credif a fix\u00e9 au 18 septembre 2026 la date limite de cl\u00f4ture des candidatures.<\/p>\n<p>Les concours doivent, quant \u00e0 eux, \u00eatre officiellement ouverts \u00e0 partir du 5 octobre 2026.<\/p>\n<p>Les candidats doivent \u00eatre de nationalit\u00e9 tunisienne, jouir de leurs droits civiques et \u00eatre \u00e2g\u00e9s de 40 ans au maximum au 1er janvier 2026.<\/p>\n<p>Des exceptions sont toutefois pr\u00e9vues pour le poste de gardien ainsi que pour les autres fonctions, conform\u00e9ment \u00e0 la r\u00e9glementation en vigueur.<\/p>\n<p><strong>Comment d\u00e9poser le dossier de candidature<\/strong><\/p>\n<p>Les dossiers doivent \u00eatre plac\u00e9s dans une enveloppe ferm\u00e9e et envoy\u00e9s par courrier recommand\u00e9 avec accus\u00e9 de r\u00e9ception ou d\u00e9pos\u00e9s directement au bureau d\u2019ordre du Credif.<\/p>\n<p>L\u2019adresse indiqu\u00e9e est la suivante : avenue du Roi Abdelaziz Al Saoud, El Manar 2, Tunis.<\/p>\n<p>Les candidats doivent inscrire sur l\u2019enveloppe la mention \u00ab Concours externe au titre de l\u2019ann\u00e9e 2026 pour le recrutement de\u2026 \u00bb, en pr\u00e9cisant clairement le poste auquel ils souhaitent postuler.<\/p>\n<p><p><img fetchpriority=\"high\" decoding=\"async\" class=\"alignnone size-full wp-image-1137846\" src=\"https:\/\/www.tunisienumerique.com\/wp-content\/uploads\/2026\/09\/791660051_1014201918314988_1190644113343875202_n.jpeg\" alt=\"\" width=\"669\" height=\"846\"\/><\/p>\n<p><img loading=\"lazy\" decoding=\"async\" class=\"alignnone size-medium wp-image-1137847\" src=\"https:\/\/www.tunisienumerique.com\/wp-content\/uploads\/2026\/09\/791516894_3770763753076828_341269007997308668_n.jpeg\" alt=\"\" width=\"653\" height=\"903\"\/><\/p>\n<p><img loading=\"lazy\" decoding=\"async\" class=\"alignnone size-medium wp-image-1137848\" src=\"https:\/\/www.tunisienumerique.com\/wp-content\/uploads\/2026\/09\/790226449_1773505533584749_4225686747479603685_n.jpeg\" alt=\"\" width=\"671\" height=\"845\"\/><\/p>\n<\/p>\n<div class=\"simplesocialbuttons simplesocial-round-btm-border simplesocialbuttons_inline simplesocialbuttons-align-left post-1137845 post simplesocialbuttons-inline-no-animation\"><button class=\"simplesocial-fb-share\" rel=\"nofollow\" target=\"_blank\" aria-label=\"Facebook Share\" data-href=\"https:\/\/www.facebook.com\/sharer\/sharer.php?u=https:\/\/www.tunisienumerique.com\/concours-2026-6-postes-a-pourvoir-au-credif-voici-les-conditions\/\" onclick=\"javascript:window.open(this.dataset.href, '', 'menubar=no,toolbar=no,resizable=yes,scrollbars=yes,height=600,width=600');return false;\"><span class=\"simplesocialtxt\">Facebook<\/span><\/button> <button class=\"simplesocial-twt-share\" rel=\"nofollow\" target=\"_blank\" aria-label=\"Twitter Share\" data-href=\"https:\/\/twitter.com\/intent\/tweet?text=Concours+2026+%3A+6+postes+%C3%A0+pourvoir+au+Credif%2C+voici+les+conditions&amp;url=https:\/\/www.tunisienumerique.com\/concours-2026-6-postes-a-pourvoir-au-credif-voici-les-conditions\/\" onclick=\"javascript:window.open(this.dataset.href, '', 'menubar=no,toolbar=no,resizable=yes,scrollbars=yes,height=600,width=600');return false;\"><span class=\"simplesocialtxt\">Twitter<\/span><\/button> <button rel=\"nofollow\" target=\"_blank\" class=\"simplesocial-linkedin-share\" aria-label=\"LinkedIn Share\" data-href=\"https:\/\/www.linkedin.com\/sharing\/share-offsite\/?url=https:\/\/www.tunisienumerique.com\/concours-2026-6-postes-a-pourvoir-au-credif-voici-les-conditions\/\" onclick=\"javascript:window.open(this.dataset.href, '', 'menubar=no,toolbar=no,resizable=yes,scrollbars=yes,height=600,width=600');return false;\"><span class=\"simplesocialtxt\">LinkedIn<\/span><\/button> <button onclick=\"javascript:window.open(this.dataset.href, '_blank' );return false;\" class=\"simplesocial-whatsapp-share\" rel=\"nofollow\" target=\"_blank\" aria-label=\"WhatsApp Share\" data-href=\"https:\/\/api.whatsapp.com\/send?text=https:\/\/www.tunisienumerique.com\/concours-2026-6-postes-a-pourvoir-au-credif-voici-les-conditions\/\"><span class=\"simplesocialtxt\">WhatsApp<\/span><\/button><\/p>\n<\/div>\n<p><strong>Que se passe-t-il en Tunisie?<\/strong><br \/>Nous expliquons sur notre <a href=\"https:\/\/www.youtube.com\/channel\/UCRzypVq0B_yBad5eGrwBx0Q?sub_confirmation=1\" target=\"_blank\">cha\u00eene YouTube<\/a> . <a href=\"https:\/\/www.youtube.com\/channel\/UCRzypVq0B_yBad5eGrwBx0Q?sub_confirmation=1\" target=\"_blank\">Abonnez-vous!<\/a><\/p>\n<div class=\"mvp-org-wrap\" itemprop=\"publisher\" itemscope=\"itemscope\" itemtype=\"https:\/\/schema.org\/Organization\">\n<div class=\"mvp-org-logo\" itemprop=\"logo\" itemscope=\"itemscope\" itemtype=\"https:\/\/schema.org\/ImageObject\">\n<p><img loading=\"lazy\" decoding=\"async\" width=\"290\" height=\"78\" src=\"https:\/\/www.tunisienumerique.com\/wp-content\/uploads\/2024\/03\/Logo-Tn1-1-3.png\"\/><\/p>\n<p><meta itemprop=\"url\" content=\"https:\/\/www.tunisienumerique.com\/wp-content\/uploads\/2024\/03\/Logo-Tn1-1-3.png\"\/><\/div>\n<p><meta itemprop=\"name\" content=\"Tunisie Numerique\"\/><\/div>\n<div class=\"post-tags\"><span class=\"post-tags-header\">SUJETS CONNEXES:<\/span><span itemprop=\"keywords\"><a href=\"https:\/\/www.tunisienumerique.com\/tunisie-actualite\/18-septembre-2026\/\" rel=\"tag\">18 septembre 2026<\/a>, <a href=\"https:\/\/www.tunisienumerique.com\/tunisie-actualite\/archives\/\" rel=\"tag\">archives<\/a>, <a href=\"https:\/\/www.tunisienumerique.com\/tunisie-actualite\/concours-externes\/\" rel=\"tag\">concours externes<\/a>, <a href=\"https:\/\/www.tunisienumerique.com\/tunisie-actualite\/concours-tunisie-2026\/\" rel=\"tag\">concours tunisie 2026<\/a>, <a href=\"https:\/\/www.tunisienumerique.com\/tunisie-actualite\/credif\/\" rel=\"tag\">credif<\/a>, <a href=\"https:\/\/www.tunisienumerique.com\/tunisie-actualite\/emplois-tunisie\/\" rel=\"tag\">emplois Tunisie<\/a>, <a href=\"https:\/\/www.tunisienumerique.com\/tunisie-actualite\/finance\/\" rel=\"tag\">finance<\/a>, <a href=\"https:\/\/www.tunisienumerique.com\/tunisie-actualite\/informatique\/\" rel=\"tag\">informatique<\/a>, <a href=\"https:\/\/www.tunisienumerique.com\/tunisie-actualite\/ministere-de-la-femme\/\" rel=\"tag\">minist\u00e8re de la Femme<\/a>, <a href=\"https:\/\/www.tunisienumerique.com\/tunisie-actualite\/multimedia\/\" rel=\"tag\">multim\u00e9dia<\/a>, <a href=\"https:\/\/www.tunisienumerique.com\/tunisie-actualite\/offres-demploi-tunisie\/\" rel=\"tag\">offres d\u2019emploi Tunisie<\/a>, <a href=\"https:\/\/www.tunisienumerique.com\/tunisie-actualite\/recrutement-2026\/\" rel=\"tag\">recrutement 2026<\/a>, <a href=\"https:\/\/www.tunisienumerique.com\/tunisie-actualite\/recrutement-secteur-public\/\" rel=\"tag\">recrutement secteur public<\/a>, <a href=\"https:\/\/www.tunisienumerique.com\/tunisie-actualite\/ressources-humaines\/\" rel=\"tag\">ressources humaines<\/a><\/span><\/div>\n<div class=\"mvp-related-posts left relative\">\n<h4 class=\"post-header\"><span class=\"post-header\">LIRE AUSSI<\/span><\/h4>\n<\/div>\n<div id=\"article-ad\">\n  <ins class=\"adsbygoogle\" data-ad-client=\"ca-pub-2102118777505746\" data-ad-slot=\"6168283410\" data-ad-format=\"auto\" data-full-width-responsive=\"true\"\/>\n<\/div>\n<\/div>\n<\/div>\n<\/div>\n<p>Auteur: Donia Zeghidi<br \/>\n<a href=\"https:\/\/www.tunisienumerique.com\/concours-2026-6-postes-a-pourvoir-au-credif-voici-les-conditions\/\">Cliquez ici pour lire l&rsquo;article depuis sa source.<\/a><\/p>\n","protected":false},"excerpt":{"rendered":"<p>Facebook Twitter LinkedIn WhatsApp Lire plus tard Le Centre de recherches, d\u2019\u00e9tudes, de documentation et d\u2019information sur la femme (Credif), relevant du minist\u00e8re de la Famille, de la Femme, de l\u2019Enfance et des Seniors, a annonc\u00e9 l\u2019ouverture de concours externes sur dossiers, suivis d\u2019un entretien oral, pour le recrutement d\u2019agents au titre de l\u2019ann\u00e9e 2026. [&hellip;]<\/p>\n","protected":false},"author":1789,"featured_media":191524,"comment_status":"closed","ping_status":"closed","sticky":false,"template":"","format":"standard","meta":{"fifu_image_url":"https:\/\/www.tunisienumerique.com\/wp-content\/uploads\/2026\/09\/credift.webp","fifu_image_alt":"Concours 2026 : 6 postes \u00e0 pourvoir au Credif, voici les conditions","footnotes":""},"categories":[73,55],"tags":[],"class_list":["post-191523","post","type-post","status-publish","format-standard","has-post-thumbnail","hentry","category-actualite","category-tunisie"],"_links":{"self":[{"href":"https:\/\/linitiative.ca\/International\/wp-json\/wp\/v2\/posts\/191523","targetHints":{"allow":["GET"]}}],"collection":[{"href":"https:\/\/linitiative.ca\/International\/wp-json\/wp\/v2\/posts"}],"about":[{"href":"https:\/\/linitiative.ca\/International\/wp-json\/wp\/v2\/types\/post"}],"author":[{"embeddable":true,"href":"https:\/\/linitiative.ca\/International\/wp-json\/wp\/v2\/users\/1789"}],"replies":[{"embeddable":true,"href":"https:\/\/linitiative.ca\/International\/wp-json\/wp\/v2\/comments?post=191523"}],"version-history":[{"count":0,"href":"https:\/\/linitiative.ca\/International\/wp-json\/wp\/v2\/posts\/191523\/revisions"}],"wp:featuredmedia":[{"embeddable":true,"href":"https:\/\/linitiative.ca\/International\/wp-json\/wp\/v2\/media\/191524"}],"wp:attachment":[{"href":"https:\/\/linitiative.ca\/International\/wp-json\/wp\/v2\/media?parent=191523"}],"wp:term":[{"taxonomy":"category","embeddable":true,"href":"https:\/\/linitiative.ca\/International\/wp-json\/wp\/v2\/categories?post=191523"},{"taxonomy":"post_tag","embeddable":true,"href":"https:\/\/linitiative.ca\/International\/wp-json\/wp\/v2\/tags?post=191523"}],"curies":[{"name":"wp","href":"https:\/\/api.w.org\/{rel}","templated":true}]}}