{"id":191525,"date":"2026-09-01T11:54:21","date_gmt":"2026-09-01T15:54:21","guid":{"rendered":"https:\/\/linitiative.ca\/International\/ils-ne-progressent-que-de-13-la-bct-pointe-la-faiblesse-des-credits-au-secteur-prive-et-aux-particuliers-au-premier-semestre-2026\/"},"modified":"2026-09-01T11:54:21","modified_gmt":"2026-09-01T15:54:21","slug":"ils-ne-progressent-que-de-13-la-bct-pointe-la-faiblesse-des-credits-au-secteur-prive-et-aux-particuliers-au-premier-semestre-2026","status":"publish","type":"post","link":"https:\/\/linitiative.ca\/International\/ils-ne-progressent-que-de-13-la-bct-pointe-la-faiblesse-des-credits-au-secteur-prive-et-aux-particuliers-au-premier-semestre-2026\/","title":{"rendered":"Ils ne progressent que de 1,3%, la BCT pointe la faiblesse des cr\u00e9dits au secteur priv\u00e9 et aux particuliers au premier semestre 2026"},"content":{"rendered":"<div class=\"post-cont-out\">\n<div class=\"post-cont-in no-margin\">\n<div id=\"content-main\" class=\"left relative\">\n<div class=\"simplesocialbuttons simplesocial-round-btm-border simplesocialbuttons_inline simplesocialbuttons-align-left post-1137875 post simplesocialbuttons-inline-no-animation\"><button class=\"simplesocial-fb-share\" rel=\"nofollow\" target=\"_blank\" aria-label=\"Facebook Share\" data-href=\"https:\/\/www.facebook.com\/sharer\/sharer.php?u=https:\/\/www.tunisienumerique.com\/ils-ne-progressent-que-de-13-la-bct-pointe-la-faiblesse-des-credits-au-secteur-prive-et-aux-particuliers-au-premier-semestre-2026\/\" onclick=\"javascript:window.open(this.dataset.href, '', 'menubar=no,toolbar=no,resizable=yes,scrollbars=yes,height=600,width=600');return false;\"><span class=\"simplesocialtxt\">Facebook<\/span><\/button> <button class=\"simplesocial-twt-share\" rel=\"nofollow\" target=\"_blank\" aria-label=\"Twitter Share\" data-href=\"https:\/\/twitter.com\/intent\/tweet?text=Ils+ne+progressent+que+de+1%2C3%25%2C+la+BCT+pointe+la+faiblesse+des+cr%C3%A9dits+au+secteur+priv%C3%A9+et+aux+particuliers+au+premier+semestre+2026&amp;url=https:\/\/www.tunisienumerique.com\/ils-ne-progressent-que-de-13-la-bct-pointe-la-faiblesse-des-credits-au-secteur-prive-et-aux-particuliers-au-premier-semestre-2026\/\" onclick=\"javascript:window.open(this.dataset.href, '', 'menubar=no,toolbar=no,resizable=yes,scrollbars=yes,height=600,width=600');return false;\"><span class=\"simplesocialtxt\">Twitter<\/span><\/button> <button rel=\"nofollow\" target=\"_blank\" class=\"simplesocial-linkedin-share\" aria-label=\"LinkedIn Share\" data-href=\"https:\/\/www.linkedin.com\/sharing\/share-offsite\/?url=https:\/\/www.tunisienumerique.com\/ils-ne-progressent-que-de-13-la-bct-pointe-la-faiblesse-des-credits-au-secteur-prive-et-aux-particuliers-au-premier-semestre-2026\/\" onclick=\"javascript:window.open(this.dataset.href, '', 'menubar=no,toolbar=no,resizable=yes,scrollbars=yes,height=600,width=600');return false;\"><span class=\"simplesocialtxt\">LinkedIn<\/span><\/button> <button onclick=\"javascript:window.open(this.dataset.href, '_blank' );return false;\" class=\"simplesocial-whatsapp-share\" rel=\"nofollow\" target=\"_blank\" aria-label=\"WhatsApp Share\" data-href=\"https:\/\/api.whatsapp.com\/send?text=https:\/\/www.tunisienumerique.com\/ils-ne-progressent-que-de-13-la-bct-pointe-la-faiblesse-des-credits-au-secteur-prive-et-aux-particuliers-au-premier-semestre-2026\/\"><span class=\"simplesocialtxt\">WhatsApp<\/span><\/button><\/p>\n<\/div>\n<p><button class=\"simplefavorite-button\" data-postid=\"1137875\" data-siteid=\"1\" data-groupid=\"1\" data-favoritecount=\"0\"> Lire plus tard<\/button><\/p>\n<p>La Banque centrale de Tunisie (BCT) a annonc\u00e9 que le Comit\u00e9 de Surveillance Macro-prudentielle et de Gestion des Crises Financi\u00e8res, cr\u00e9\u00e9 en vertu de l\u2019article 85 de la loi n\u00b02016-35 portant fixation du statut de la BCT, a tenu sous la pr\u00e9sidence du Gouverneur de la BCT, le 27 ao\u00fbt 2026, sa 12\u00e8me r\u00e9union.<\/p>\n<p>Lors de cette r\u00e9union, le Comit\u00e9 a pass\u00e9 en revue l\u2019\u00e9volution de la conjoncture \u00e9conomique et financi\u00e8re et a examin\u00e9 la situation du secteur bancaire ainsi que l\u2019activit\u00e9 du march\u00e9 financier et des secteurs des assurances et de la microfinance.<\/p>\n<p>Dans un contexte marqu\u00e9 par la mont\u00e9e des incertitudes \u00e0 l\u2019\u00e9chelle internationale, le secteur bancaire a continu\u00e9 \u00e0 consolider ses indicateurs prudentiels avec un ratio de solvabilit\u00e9 moyen de 15,2% et un ratio Tier 1 de 12,2% \u00e0 fin mars 2026, permettant la constitution d\u2019une marge de fonds propres de 5%. Le secteur a \u00e9galement maintenu une position de liquidit\u00e9 \u00e0 des niveaux satisfaisants au cours du premier semestre de 2026.<\/p>\n<p>Toutefois, l\u2019activit\u00e9 du cr\u00e9dit a poursuivi son \u00e9volution \u00e0 un rythme mod\u00e9r\u00e9 au cours des 6 premiers mois de 2026 avec un taux d\u2019accroissement de 1,3%, en rapport avec la faiblesse des cr\u00e9dits au secteur priv\u00e9 et des cr\u00e9dits aux particuliers. \u00c9galement, la part des actifs non performants dans le total des engagements est pass\u00e9e \u00e0 15,1% \u00e0 fin juin 2026 contre 14,9% \u00e0 fin 2025.<\/p>\n<p>Concernant l\u2019activit\u00e9 du march\u00e9 financier, la BCT a rappel\u00e9 que l\u2019indice TUNINDEX a affich\u00e9 \u00e0 fin juillet 2026 une performance de 49% depuis le d\u00e9but de l\u2019ann\u00e9e. Le volume des \u00e9changes sur la cote de la Bourse s\u2019est \u00e9galement inscrit en hausse de 60,9% par rapport \u00e0 la m\u00eame p\u00e9riode de l\u2019ann\u00e9e pr\u00e9c\u00e9dente.<\/p>\n<p>Les actifs nets des OPCVM ont poursuivi leur tendance haussi\u00e8re avec une augmentation de 35,1% depuis le d\u00e9but de l\u2019ann\u00e9e pour atteindre 11.479 MD \u00e0 fin juillet 2026. Pour leur part, les \u00e9missions sur le march\u00e9 primaire ont diminu\u00e9 de 5,8% en mai 2026 par rapport \u00e0 la m\u00eame p\u00e9riode de l\u2019ann\u00e9e pr\u00e9c\u00e9dente pour se situer \u00e0 5.329 MDT tout en restant concentr\u00e9es sur les \u00e9missions du Tr\u00e9sor.<\/p>\n<p>\u201cPar ailleurs, la reprise normale des n\u00e9gociations depuis le 29 juillet 2026 et ce, apr\u00e8s le d\u00e9clenchement par la BVMT du m\u00e9canisme de coupe-circuit au cours des s\u00e9ances de bourse des 28 et 29 juillet 2026, confirme la solidit\u00e9 du march\u00e9 et la capacit\u00e9 des r\u00e9gulateurs et de l\u2019ensemble des intervenants \u00e0 pr\u00e9server la stabilit\u00e9 et les int\u00e9r\u00eats des investisseurs\u201d, lit-on dans un communiqu\u00e9 de la BCT.<\/p>\n<p>Au niveau du secteur des assurances, la BCT a fait savoir que les indicateurs d\u2019activit\u00e9 montrent une hausse soutenue du chiffre d\u2019affaires passant \u00e0 4.243 MDT en 2025 et des placements pour atteindre 10.818 MDT \u00e0 fin 2025.<\/p>\n<p>En outre, le secteur a poursuivi le processus de consolidation de ses ratios prudentiels sous le r\u00e9f\u00e9rentiel actuel avec des taux moyens de couverture de la marge de solvabilit\u00e9 et des provisions techniques respectivement de 302,9% et 106,2% \u00e0 fin 2024.<\/p>\n<p>Pour sa part, le secteur de la microfinance a poursuivi sa contribution \u00e0 l\u2019effort national de promotion de l\u2019inclusion financi\u00e8re avec une hausse continue du nombre de b\u00e9n\u00e9ficiaires des microcr\u00e9dits et de l\u2019encours des microfinancements \u00e0 respectivement 856 mille b\u00e9n\u00e9ficiaires et 3.010 MDT \u00e0 fin 2025.<\/p>\n<p>Parall\u00e8lement, le secteur a poursuivi la ma\u00eetrise du risque de cr\u00e9dit avec un taux du portefeuille \u00e0 risque 30 jours de 2,6% \u00e0 fin mars 2026. Aussi, le ratio de solvabilit\u00e9 consolid\u00e9 des IMF SA s\u2019est \u00e9tabli \u00e0 22% en 2025 soit un niveau largement sup\u00e9rieur aux minimum r\u00e9glementaire de 15%.<\/p>\n<p>Selon la BCT, il a \u00e9t\u00e9 convenu \u00e0 l\u2019issue de cette r\u00e9union de poursuivre la coordination en mati\u00e8re de veille prudentielle face \u00e0 la persistance des incertitudes sur le plan international. L\u2019accent a \u00e9t\u00e9 mis sur la n\u00e9cessit\u00e9 de maintenir une approche prudente de couverture des risques tout en soulignant la n\u00e9cessit\u00e9 de renforcer la contribution dans le financement et l\u2019accompagnement des op\u00e9rateurs \u00e9conomiques en vue d\u2019impulser davantage l\u2019investissement et la croissance.<\/p>\n<p>Sur un autre plan, les membres du comit\u00e9 ont r\u00e9affirm\u00e9 leur engagement \u00e0 renforcer la coordination des initiatives en mati\u00e8re de promotion de la finance durable, de couverture des risques climatiques et de prise en compte des enjeux environnementaux, sociaux et de gouvernance (ESG).<\/p>\n<div class=\"simplesocialbuttons simplesocial-round-btm-border simplesocialbuttons_inline simplesocialbuttons-align-left post-1137875 post simplesocialbuttons-inline-no-animation\"><button class=\"simplesocial-fb-share\" rel=\"nofollow\" target=\"_blank\" aria-label=\"Facebook Share\" data-href=\"https:\/\/www.facebook.com\/sharer\/sharer.php?u=https:\/\/www.tunisienumerique.com\/ils-ne-progressent-que-de-13-la-bct-pointe-la-faiblesse-des-credits-au-secteur-prive-et-aux-particuliers-au-premier-semestre-2026\/\" onclick=\"javascript:window.open(this.dataset.href, '', 'menubar=no,toolbar=no,resizable=yes,scrollbars=yes,height=600,width=600');return false;\"><span class=\"simplesocialtxt\">Facebook<\/span><\/button> <button class=\"simplesocial-twt-share\" rel=\"nofollow\" target=\"_blank\" aria-label=\"Twitter Share\" data-href=\"https:\/\/twitter.com\/intent\/tweet?text=Ils+ne+progressent+que+de+1%2C3%25%2C+la+BCT+pointe+la+faiblesse+des+cr%C3%A9dits+au+secteur+priv%C3%A9+et+aux+particuliers+au+premier+semestre+2026&amp;url=https:\/\/www.tunisienumerique.com\/ils-ne-progressent-que-de-13-la-bct-pointe-la-faiblesse-des-credits-au-secteur-prive-et-aux-particuliers-au-premier-semestre-2026\/\" onclick=\"javascript:window.open(this.dataset.href, '', 'menubar=no,toolbar=no,resizable=yes,scrollbars=yes,height=600,width=600');return false;\"><span class=\"simplesocialtxt\">Twitter<\/span><\/button> <button rel=\"nofollow\" target=\"_blank\" class=\"simplesocial-linkedin-share\" aria-label=\"LinkedIn Share\" data-href=\"https:\/\/www.linkedin.com\/sharing\/share-offsite\/?url=https:\/\/www.tunisienumerique.com\/ils-ne-progressent-que-de-13-la-bct-pointe-la-faiblesse-des-credits-au-secteur-prive-et-aux-particuliers-au-premier-semestre-2026\/\" onclick=\"javascript:window.open(this.dataset.href, '', 'menubar=no,toolbar=no,resizable=yes,scrollbars=yes,height=600,width=600');return false;\"><span class=\"simplesocialtxt\">LinkedIn<\/span><\/button> <button onclick=\"javascript:window.open(this.dataset.href, '_blank' );return false;\" class=\"simplesocial-whatsapp-share\" rel=\"nofollow\" target=\"_blank\" aria-label=\"WhatsApp Share\" data-href=\"https:\/\/api.whatsapp.com\/send?text=https:\/\/www.tunisienumerique.com\/ils-ne-progressent-que-de-13-la-bct-pointe-la-faiblesse-des-credits-au-secteur-prive-et-aux-particuliers-au-premier-semestre-2026\/\"><span class=\"simplesocialtxt\">WhatsApp<\/span><\/button><\/p>\n<\/div>\n<p><strong>Que se passe-t-il en Tunisie?<\/strong><br \/>Nous expliquons sur notre <a href=\"https:\/\/www.youtube.com\/channel\/UCRzypVq0B_yBad5eGrwBx0Q?sub_confirmation=1\" target=\"_blank\">cha\u00eene YouTube<\/a> . <a href=\"https:\/\/www.youtube.com\/channel\/UCRzypVq0B_yBad5eGrwBx0Q?sub_confirmation=1\" target=\"_blank\">Abonnez-vous!<\/a><\/p>\n<div class=\"mvp-org-wrap\" itemprop=\"publisher\" itemscope=\"itemscope\" itemtype=\"https:\/\/schema.org\/Organization\">\n<div class=\"mvp-org-logo\" itemprop=\"logo\" itemscope=\"itemscope\" itemtype=\"https:\/\/schema.org\/ImageObject\"><img loading=\"lazy\" decoding=\"async\" width=\"290\" height=\"78\" src=\"https:\/\/www.tunisienumerique.com\/wp-content\/uploads\/2024\/03\/Logo-Tn1-1-3.png\"\/><br \/>\n<meta itemprop=\"url\" content=\"https:\/\/www.tunisienumerique.com\/wp-content\/uploads\/2024\/03\/Logo-Tn1-1-3.png\"\/><\/div>\n<p><meta itemprop=\"name\" content=\"Tunisie Numerique\"\/><\/div>\n<div class=\"mvp-related-posts left relative\">\n<h4 class=\"post-header\"><span class=\"post-header\">LIRE AUSSI<\/span><\/h4>\n<\/div>\n<div id=\"article-ad\">\n  <ins class=\"adsbygoogle\" data-ad-client=\"ca-pub-2102118777505746\" data-ad-slot=\"6168283410\" data-ad-format=\"auto\" data-full-width-responsive=\"true\"\/>\n<\/div>\n<\/div>\n<\/div>\n<\/div>\n<p>Auteur: Mohsen Tiss<br \/>\n<a href=\"https:\/\/www.tunisienumerique.com\/ils-ne-progressent-que-de-13-la-bct-pointe-la-faiblesse-des-credits-au-secteur-prive-et-aux-particuliers-au-premier-semestre-2026\/\">Cliquez ici pour lire l&rsquo;article depuis sa source.<\/a><\/p>\n","protected":false},"excerpt":{"rendered":"<p>Facebook Twitter LinkedIn WhatsApp Lire plus tard La Banque centrale de Tunisie (BCT) a annonc\u00e9 que le Comit\u00e9 de Surveillance Macro-prudentielle et de Gestion des Crises Financi\u00e8res, cr\u00e9\u00e9 en vertu de l\u2019article 85 de la loi n\u00b02016-35 portant fixation du statut de la BCT, a tenu sous la pr\u00e9sidence du Gouverneur de la BCT, le [&hellip;]<\/p>\n","protected":false},"author":1789,"featured_media":191526,"comment_status":"closed","ping_status":"closed","sticky":false,"template":"","format":"standard","meta":{"fifu_image_url":"https:\/\/www.tunisienumerique.com\/wp-content\/uploads\/2026\/09\/bct-credit-1er-semestre-2026.jpg","fifu_image_alt":"Ils ne progressent que de 1,3%, la BCT pointe la faiblesse des cr\u00e9dits au secteur priv\u00e9 et aux particuliers au premier semestre 2026","footnotes":""},"categories":[73,55],"tags":[],"class_list":["post-191525","post","type-post","status-publish","format-standard","has-post-thumbnail","hentry","category-actualite","category-tunisie"],"_links":{"self":[{"href":"https:\/\/linitiative.ca\/International\/wp-json\/wp\/v2\/posts\/191525","targetHints":{"allow":["GET"]}}],"collection":[{"href":"https:\/\/linitiative.ca\/International\/wp-json\/wp\/v2\/posts"}],"about":[{"href":"https:\/\/linitiative.ca\/International\/wp-json\/wp\/v2\/types\/post"}],"author":[{"embeddable":true,"href":"https:\/\/linitiative.ca\/International\/wp-json\/wp\/v2\/users\/1789"}],"replies":[{"embeddable":true,"href":"https:\/\/linitiative.ca\/International\/wp-json\/wp\/v2\/comments?post=191525"}],"version-history":[{"count":0,"href":"https:\/\/linitiative.ca\/International\/wp-json\/wp\/v2\/posts\/191525\/revisions"}],"wp:featuredmedia":[{"embeddable":true,"href":"https:\/\/linitiative.ca\/International\/wp-json\/wp\/v2\/media\/191526"}],"wp:attachment":[{"href":"https:\/\/linitiative.ca\/International\/wp-json\/wp\/v2\/media?parent=191525"}],"wp:term":[{"taxonomy":"category","embeddable":true,"href":"https:\/\/linitiative.ca\/International\/wp-json\/wp\/v2\/categories?post=191525"},{"taxonomy":"post_tag","embeddable":true,"href":"https:\/\/linitiative.ca\/International\/wp-json\/wp\/v2\/tags?post=191525"}],"curies":[{"name":"wp","href":"https:\/\/api.w.org\/{rel}","templated":true}]}}