{"id":191529,"date":"2026-09-01T12:30:00","date_gmt":"2026-09-01T16:30:00","guid":{"rendered":"https:\/\/linitiative.ca\/International\/crise-a-ras-jedir-zaghdoud-appelle-la-presidence-a-activer-les-accords-tuniso-libyens-declaration\/"},"modified":"2026-09-01T12:30:00","modified_gmt":"2026-09-01T16:30:00","slug":"crise-a-ras-jedir-zaghdoud-appelle-la-presidence-a-activer-les-accords-tuniso-libyens-declaration","status":"publish","type":"post","link":"https:\/\/linitiative.ca\/International\/crise-a-ras-jedir-zaghdoud-appelle-la-presidence-a-activer-les-accords-tuniso-libyens-declaration\/","title":{"rendered":"Crise \u00e0 Ras Jedir : Zaghdoud appelle la pr\u00e9sidence \u00e0 activer les accords tuniso-libyens (D\u00e9claration)"},"content":{"rendered":"<div class=\"post-cont-out\">\n<div class=\"post-cont-in no-margin\">\n<div id=\"content-main\" class=\"left relative\">\n<div class=\"simplesocialbuttons simplesocial-round-btm-border simplesocialbuttons_inline simplesocialbuttons-align-left post-1137876 post simplesocialbuttons-inline-no-animation\"><button class=\"simplesocial-fb-share\" rel=\"nofollow\" target=\"_blank\" aria-label=\"Facebook Share\" data-href=\"https:\/\/www.facebook.com\/sharer\/sharer.php?u=https:\/\/www.tunisienumerique.com\/crise-a-ras-jedir-zaghdoud-appelle-la-presidence-a-activer-les-accords-tuniso-libyens-declaration\/\" onclick=\"javascript:window.open(this.dataset.href, '', 'menubar=no,toolbar=no,resizable=yes,scrollbars=yes,height=600,width=600');return false;\"><span class=\"simplesocialtxt\">Facebook<\/span><\/button> <button class=\"simplesocial-twt-share\" rel=\"nofollow\" target=\"_blank\" aria-label=\"Twitter Share\" data-href=\"https:\/\/twitter.com\/intent\/tweet?text=Crise+%C3%A0+Ras+Jedir+%3A+Zaghdoud+appelle+la+pr%C3%A9sidence+%C3%A0+activer+les+accords+tuniso-libyens+%28D%C3%A9claration%29&amp;url=https:\/\/www.tunisienumerique.com\/crise-a-ras-jedir-zaghdoud-appelle-la-presidence-a-activer-les-accords-tuniso-libyens-declaration\/\" onclick=\"javascript:window.open(this.dataset.href, '', 'menubar=no,toolbar=no,resizable=yes,scrollbars=yes,height=600,width=600');return false;\"><span class=\"simplesocialtxt\">Twitter<\/span><\/button> <button rel=\"nofollow\" target=\"_blank\" class=\"simplesocial-linkedin-share\" aria-label=\"LinkedIn Share\" data-href=\"https:\/\/www.linkedin.com\/sharing\/share-offsite\/?url=https:\/\/www.tunisienumerique.com\/crise-a-ras-jedir-zaghdoud-appelle-la-presidence-a-activer-les-accords-tuniso-libyens-declaration\/\" onclick=\"javascript:window.open(this.dataset.href, '', 'menubar=no,toolbar=no,resizable=yes,scrollbars=yes,height=600,width=600');return false;\"><span class=\"simplesocialtxt\">LinkedIn<\/span><\/button> <button onclick=\"javascript:window.open(this.dataset.href, '_blank' );return false;\" class=\"simplesocial-whatsapp-share\" rel=\"nofollow\" target=\"_blank\" aria-label=\"WhatsApp Share\" data-href=\"https:\/\/api.whatsapp.com\/send?text=https:\/\/www.tunisienumerique.com\/crise-a-ras-jedir-zaghdoud-appelle-la-presidence-a-activer-les-accords-tuniso-libyens-declaration\/\"><span class=\"simplesocialtxt\">WhatsApp<\/span><\/button><\/p>\n<\/div>\n<p><button class=\"simplefavorite-button\" data-postid=\"1137876\" data-siteid=\"1\" data-groupid=\"1\" data-favoritecount=\"0\"> Lire plus tard<\/button><\/p>\n<p>Ali Zaghdoud, d\u00e9put\u00e9 \u00e0 l\u2019Assembl\u00e9e des repr\u00e9sentants du peuple pour la circonscription de Ben Guerdane, a affirm\u00e9, dans une d\u00e9claration accord\u00e9e \u00e0 Tunisie Num\u00e9rique, que le poste frontalier de Ras Jedir conna\u00eet depuis pr\u00e8s de deux ans une situation commerciale d\u00e9s\u00e9quilibr\u00e9e, qu\u2019il qualifie de \u00ab commerce \u00e0 sens unique \u00bb.<\/p>\n<p>Selon lui, les difficult\u00e9s rencontr\u00e9es par les petits commer\u00e7ants tunisiens au niveau du passage frontalier ont eu un impact direct sur les \u00e9changes avec la Libye et sur l\u2019activit\u00e9 \u00e9conomique \u00e0 Ben Guerdane.<\/p>\n<p><strong>Des marchandises quittent la Tunisie vers la Libye<\/strong><\/p>\n<p>Ali Zaghdoud a expliqu\u00e9 que des camions et des v\u00e9hicules avec remorques continuent de quitter la Tunisie en direction de la Libye, tandis que les petits commer\u00e7ants tunisiens font face, selon ses d\u00e9clarations, \u00e0 d\u2019importantes restrictions lors de leur passage \u00e0 la fronti\u00e8re.<\/p>\n<p>Le d\u00e9put\u00e9 estime que cette situation a entra\u00een\u00e9 une baisse de la fluidit\u00e9 des \u00e9changes de marchandises entre les deux pays.<\/p>\n<p><strong>Jusqu\u2019\u00e0 cinq jours d\u2019attente \u00e0 la fronti\u00e8re<\/strong><\/p>\n<p>Le parlementaire a \u00e9galement d\u00e9nonc\u00e9 les conditions d\u2019attente auxquelles sont confront\u00e9s certains voyageurs et commer\u00e7ants.<\/p>\n<p>Selon lui, des citoyens peuvent rester entre quatre et cinq jours dans les files d\u2019attente, sous des temp\u00e9ratures \u00e9lev\u00e9es et dans un contexte marqu\u00e9 par l\u2019absence de plusieurs commodit\u00e9s et services de base.<\/p>\n<p>Ali Zaghdoud attribue notamment cette situation aux restrictions impos\u00e9es, selon lui, par les services de s\u00e9curit\u00e9 libyens aux petits commer\u00e7ants tunisiens.<\/p>\n<p><strong>Une baisse de la fluidit\u00e9 des \u00e9changes<\/strong><\/p>\n<p>Le d\u00e9put\u00e9 a indiqu\u00e9 que les longues p\u00e9riodes d\u2019attente et les difficult\u00e9s enregistr\u00e9es au poste frontalier ont eu des r\u00e9percussions sur la circulation des marchandises et, plus largement, sur les \u00e9changes commerciaux entre la Tunisie et la Libye.<\/p>\n<p>La persistance de ces difficult\u00e9s affecte particuli\u00e8rement les petits commer\u00e7ants de Ben Guerdane, une r\u00e9gion dont une partie importante de l\u2019activit\u00e9 \u00e9conomique d\u00e9pend traditionnellement du commerce transfrontalier via Ras Jedir.<\/p>\n<p><strong>Un \u00ab important ralentissement \u00e9conomique \u00bb \u00e0 Ben Guerdane<\/strong><\/p>\n<p>Ali Zaghdoud a affirm\u00e9 que cette situation a provoqu\u00e9 un \u00ab important ralentissement \u00e9conomique \u00bb \u00e0 Ben Guerdane.<\/p>\n<p>Il a expliqu\u00e9 que l\u2019\u00e9conomie locale reste fortement li\u00e9e \u00e0 l\u2019activit\u00e9 commerciale transfrontali\u00e8re, alors que la r\u00e9gion manque, selon lui, d\u2019alternatives \u00e9conomiques et de projets de d\u00e9veloppement susceptibles de r\u00e9duire cette d\u00e9pendance.<\/p>\n<p><strong>Appel \u00e0 une intervention de la pr\u00e9sidence de la R\u00e9publique<\/strong><\/p>\n<p>Le d\u00e9put\u00e9 a rappel\u00e9 avoir alert\u00e9 \u00e0 plusieurs reprises sur les cons\u00e9quences de cette situation.<\/p>\n<p>\u00ab Nous avons averti \u00e0 plusieurs reprises de cette situation et demand\u00e9 \u00e0 la pr\u00e9sidence de la R\u00e9publique d\u2019intervenir afin de d\u00e9senclaver Ben Guerdane et de trouver une solution avec la partie libyenne \u00bb, a-t-il d\u00e9clar\u00e9.<\/p>\n<p><strong>Appel \u00e0 activer les accords tuniso-libyens<\/strong><\/p>\n<p>Ali Zaghdoud a \u00e9galement appel\u00e9 \u00e0 l\u2019application des accords conclus entre la Tunisie et la Libye ainsi qu\u2019\u00e0 l\u2019activation de la commission mixte tuniso-libyenne.<\/p>\n<p>Selon lui, ces m\u00e9canismes pourraient permettre d\u2019att\u00e9nuer les cons\u00e9quences de la crise, de faciliter les \u00e9changes frontaliers et d\u2019am\u00e9liorer les conditions de passage des commer\u00e7ants et des citoyens.<\/p>\n<p>Le d\u00e9put\u00e9 a toutefois soulign\u00e9 que, malgr\u00e9 les diff\u00e9rents appels lanc\u00e9s en faveur d\u2019une solution concert\u00e9e avec la partie libyenne, \u00ab la crise se poursuit jusqu\u2019\u00e0 pr\u00e9sent \u00bb.<\/p>\n<div class=\"simplesocialbuttons simplesocial-round-btm-border simplesocialbuttons_inline simplesocialbuttons-align-left post-1137876 post simplesocialbuttons-inline-no-animation\"><button class=\"simplesocial-fb-share\" rel=\"nofollow\" target=\"_blank\" aria-label=\"Facebook Share\" data-href=\"https:\/\/www.facebook.com\/sharer\/sharer.php?u=https:\/\/www.tunisienumerique.com\/crise-a-ras-jedir-zaghdoud-appelle-la-presidence-a-activer-les-accords-tuniso-libyens-declaration\/\" onclick=\"javascript:window.open(this.dataset.href, '', 'menubar=no,toolbar=no,resizable=yes,scrollbars=yes,height=600,width=600');return false;\"><span class=\"simplesocialtxt\">Facebook<\/span><\/button> <button class=\"simplesocial-twt-share\" rel=\"nofollow\" target=\"_blank\" aria-label=\"Twitter Share\" data-href=\"https:\/\/twitter.com\/intent\/tweet?text=Crise+%C3%A0+Ras+Jedir+%3A+Zaghdoud+appelle+la+pr%C3%A9sidence+%C3%A0+activer+les+accords+tuniso-libyens+%28D%C3%A9claration%29&amp;url=https:\/\/www.tunisienumerique.com\/crise-a-ras-jedir-zaghdoud-appelle-la-presidence-a-activer-les-accords-tuniso-libyens-declaration\/\" onclick=\"javascript:window.open(this.dataset.href, '', 'menubar=no,toolbar=no,resizable=yes,scrollbars=yes,height=600,width=600');return false;\"><span class=\"simplesocialtxt\">Twitter<\/span><\/button> <button rel=\"nofollow\" target=\"_blank\" class=\"simplesocial-linkedin-share\" aria-label=\"LinkedIn Share\" data-href=\"https:\/\/www.linkedin.com\/sharing\/share-offsite\/?url=https:\/\/www.tunisienumerique.com\/crise-a-ras-jedir-zaghdoud-appelle-la-presidence-a-activer-les-accords-tuniso-libyens-declaration\/\" onclick=\"javascript:window.open(this.dataset.href, '', 'menubar=no,toolbar=no,resizable=yes,scrollbars=yes,height=600,width=600');return false;\"><span class=\"simplesocialtxt\">LinkedIn<\/span><\/button> <button onclick=\"javascript:window.open(this.dataset.href, '_blank' );return false;\" class=\"simplesocial-whatsapp-share\" rel=\"nofollow\" target=\"_blank\" aria-label=\"WhatsApp Share\" data-href=\"https:\/\/api.whatsapp.com\/send?text=https:\/\/www.tunisienumerique.com\/crise-a-ras-jedir-zaghdoud-appelle-la-presidence-a-activer-les-accords-tuniso-libyens-declaration\/\"><span class=\"simplesocialtxt\">WhatsApp<\/span><\/button><\/p>\n<\/div>\n<p><strong>Que se passe-t-il en Tunisie?<\/strong><br \/>Nous expliquons sur notre <a href=\"https:\/\/www.youtube.com\/channel\/UCRzypVq0B_yBad5eGrwBx0Q?sub_confirmation=1\" target=\"_blank\">cha\u00eene YouTube<\/a> . <a href=\"https:\/\/www.youtube.com\/channel\/UCRzypVq0B_yBad5eGrwBx0Q?sub_confirmation=1\" target=\"_blank\">Abonnez-vous!<\/a><\/p>\n<div class=\"mvp-org-wrap\" itemprop=\"publisher\" itemscope=\"itemscope\" itemtype=\"https:\/\/schema.org\/Organization\">\n<div class=\"mvp-org-logo\" itemprop=\"logo\" itemscope=\"itemscope\" itemtype=\"https:\/\/schema.org\/ImageObject\"><img decoding=\"async\" src=\"https:\/\/www.tunisienumerique.com\/wp-content\/uploads\/2024\/03\/Logo-Tn1-1-3.png\"\/><br \/>\n<meta itemprop=\"url\" content=\"https:\/\/www.tunisienumerique.com\/wp-content\/uploads\/2024\/03\/Logo-Tn1-1-3.png\"\/><\/div>\n<p><meta itemprop=\"name\" content=\"Tunisie Numerique\"\/><\/div>\n<div class=\"post-tags\"><span class=\"post-tags-header\">SUJETS CONNEXES:<\/span><span itemprop=\"keywords\"><a href=\"https:\/\/www.tunisienumerique.com\/tunisie-actualite\/ali-zaghdoud\/\" rel=\"tag\">Ali Zaghdoud<\/a>, <a href=\"https:\/\/www.tunisienumerique.com\/tunisie-actualite\/assemblee-des-representants-du-peuple\/\" rel=\"tag\">assembl\u00e9e des repr\u00e9sentants du peuple<\/a>, <a href=\"https:\/\/www.tunisienumerique.com\/tunisie-actualite\/ben-guerdane\/\" rel=\"tag\">Ben Guerdane<\/a>, <a href=\"https:\/\/www.tunisienumerique.com\/tunisie-actualite\/commerce-frontalier\/\" rel=\"tag\">commerce frontalier<\/a>, <a href=\"https:\/\/www.tunisienumerique.com\/tunisie-actualite\/commission-mixte-tuniso-libyenne\/\" rel=\"tag\">Commission mixte tuniso-libyenne<\/a>, <a href=\"https:\/\/www.tunisienumerique.com\/tunisie-actualite\/echanges-commerciaux\/\" rel=\"tag\">\u00e9changes commerciaux<\/a>, <a href=\"https:\/\/www.tunisienumerique.com\/tunisie-actualite\/economie-de-ben-guerdane\/\" rel=\"tag\">\u00e9conomie de Ben Guerdane<\/a>, <a href=\"https:\/\/www.tunisienumerique.com\/tunisie-actualite\/frontiere-tuniso-libyenne\/\" rel=\"tag\">fronti\u00e8re tuniso-libyenne<\/a>, <a href=\"https:\/\/www.tunisienumerique.com\/tunisie-actualite\/kais-kais\/\" rel=\"tag\">kais kais<\/a>, <a href=\"https:\/\/www.tunisienumerique.com\/tunisie-actualite\/petits-commercants\/\" rel=\"tag\">petits commer\u00e7ants<\/a>, <a href=\"https:\/\/www.tunisienumerique.com\/tunisie-actualite\/poste-frontalier-de-ras-jedir\/\" rel=\"tag\">Poste frontalier de Ras Jedir.<\/a>, <a href=\"https:\/\/www.tunisienumerique.com\/tunisie-actualite\/ras-jedir\/\" rel=\"tag\">ras jedir<\/a>, <a href=\"https:\/\/www.tunisienumerique.com\/tunisie-actualite\/tunisie-libye\/\" rel=\"tag\">tunisie-libye<\/a><\/span><\/div>\n<div class=\"mvp-related-posts left relative\">\n<h4 class=\"post-header\"><span class=\"post-header\">LIRE AUSSI<\/span><\/h4>\n<\/div>\n<div id=\"article-ad\">\n  <ins class=\"adsbygoogle\" data-ad-client=\"ca-pub-2102118777505746\" data-ad-slot=\"6168283410\" data-ad-format=\"auto\" data-full-width-responsive=\"true\"\/>\n<\/div>\n<\/div>\n<\/div>\n<\/div>\n<p>Auteur: Donia Zeghidi<br \/>\n<a href=\"https:\/\/www.tunisienumerique.com\/crise-a-ras-jedir-zaghdoud-appelle-la-presidence-a-activer-les-accords-tuniso-libyens-declaration\/\">Cliquez ici pour lire l&rsquo;article depuis sa source.<\/a><\/p>\n","protected":false},"excerpt":{"rendered":"<p>Facebook Twitter LinkedIn WhatsApp Lire plus tard Ali Zaghdoud, d\u00e9put\u00e9 \u00e0 l\u2019Assembl\u00e9e des repr\u00e9sentants du peuple pour la circonscription de Ben Guerdane, a affirm\u00e9, dans une d\u00e9claration accord\u00e9e \u00e0 Tunisie Num\u00e9rique, que le poste frontalier de Ras Jedir conna\u00eet depuis pr\u00e8s de deux ans une situation commerciale d\u00e9s\u00e9quilibr\u00e9e, qu\u2019il qualifie de \u00ab commerce \u00e0 sens [&hellip;]<\/p>\n","protected":false},"author":1789,"featured_media":191530,"comment_status":"closed","ping_status":"closed","sticky":false,"template":"","format":"standard","meta":{"fifu_image_url":"https:\/\/www.tunisienumerique.com\/wp-content\/uploads\/2026\/09\/ALI-ZAaghdoud.webp","fifu_image_alt":"Crise \u00e0 Ras Jedir : Zaghdoud appelle la pr\u00e9sidence \u00e0 activer les accords tuniso-libyens (D\u00e9claration)","footnotes":""},"categories":[73,55],"tags":[],"class_list":["post-191529","post","type-post","status-publish","format-standard","has-post-thumbnail","hentry","category-actualite","category-tunisie"],"_links":{"self":[{"href":"https:\/\/linitiative.ca\/International\/wp-json\/wp\/v2\/posts\/191529","targetHints":{"allow":["GET"]}}],"collection":[{"href":"https:\/\/linitiative.ca\/International\/wp-json\/wp\/v2\/posts"}],"about":[{"href":"https:\/\/linitiative.ca\/International\/wp-json\/wp\/v2\/types\/post"}],"author":[{"embeddable":true,"href":"https:\/\/linitiative.ca\/International\/wp-json\/wp\/v2\/users\/1789"}],"replies":[{"embeddable":true,"href":"https:\/\/linitiative.ca\/International\/wp-json\/wp\/v2\/comments?post=191529"}],"version-history":[{"count":0,"href":"https:\/\/linitiative.ca\/International\/wp-json\/wp\/v2\/posts\/191529\/revisions"}],"wp:featuredmedia":[{"embeddable":true,"href":"https:\/\/linitiative.ca\/International\/wp-json\/wp\/v2\/media\/191530"}],"wp:attachment":[{"href":"https:\/\/linitiative.ca\/International\/wp-json\/wp\/v2\/media?parent=191529"}],"wp:term":[{"taxonomy":"category","embeddable":true,"href":"https:\/\/linitiative.ca\/International\/wp-json\/wp\/v2\/categories?post=191529"},{"taxonomy":"post_tag","embeddable":true,"href":"https:\/\/linitiative.ca\/International\/wp-json\/wp\/v2\/tags?post=191529"}],"curies":[{"name":"wp","href":"https:\/\/api.w.org\/{rel}","templated":true}]}}