{"id":191531,"date":"2026-09-01T13:00:00","date_gmt":"2026-09-01T17:00:00","guid":{"rendered":"https:\/\/linitiative.ca\/International\/mercato-mondial-2026-heures-de-cloture-du-marche-des-transferts-dans-chaque-pays\/"},"modified":"2026-09-01T13:00:00","modified_gmt":"2026-09-01T17:00:00","slug":"mercato-mondial-2026-heures-de-cloture-du-marche-des-transferts-dans-chaque-pays","status":"publish","type":"post","link":"https:\/\/linitiative.ca\/International\/mercato-mondial-2026-heures-de-cloture-du-marche-des-transferts-dans-chaque-pays\/","title":{"rendered":"Mercato mondial 2026 : heures de cl\u00f4ture du march\u00e9 des transferts dans chaque pays"},"content":{"rendered":"<div class=\"post-cont-out\">\n<div class=\"post-cont-in no-margin\">\n<div id=\"content-main\" class=\"left relative\">\n<div class=\"simplesocialbuttons simplesocial-round-btm-border simplesocialbuttons_inline simplesocialbuttons-align-left post-1137844 post simplesocialbuttons-inline-no-animation\"><button class=\"simplesocial-fb-share\" rel=\"nofollow\" target=\"_blank\" aria-label=\"Facebook Share\" data-href=\"https:\/\/www.facebook.com\/sharer\/sharer.php?u=https:\/\/www.tunisienumerique.com\/mercato-mondial-2026-heures-de-cloture-du-marche-des-transferts-dans-chaque-pays\/\" onclick=\"javascript:window.open(this.dataset.href, '', 'menubar=no,toolbar=no,resizable=yes,scrollbars=yes,height=600,width=600');return false;\"><span class=\"simplesocialtxt\">Facebook<\/span><\/button> <button class=\"simplesocial-twt-share\" rel=\"nofollow\" target=\"_blank\" aria-label=\"Twitter Share\" data-href=\"https:\/\/twitter.com\/intent\/tweet?text=Mercato+mondial+2026+%3A+heures+de+cl%C3%B4ture+du+march%C3%A9+des+transferts+dans+chaque+pays&amp;url=https:\/\/www.tunisienumerique.com\/mercato-mondial-2026-heures-de-cloture-du-marche-des-transferts-dans-chaque-pays\/\" onclick=\"javascript:window.open(this.dataset.href, '', 'menubar=no,toolbar=no,resizable=yes,scrollbars=yes,height=600,width=600');return false;\"><span class=\"simplesocialtxt\">Twitter<\/span><\/button> <button rel=\"nofollow\" target=\"_blank\" class=\"simplesocial-linkedin-share\" aria-label=\"LinkedIn Share\" data-href=\"https:\/\/www.linkedin.com\/sharing\/share-offsite\/?url=https:\/\/www.tunisienumerique.com\/mercato-mondial-2026-heures-de-cloture-du-marche-des-transferts-dans-chaque-pays\/\" onclick=\"javascript:window.open(this.dataset.href, '', 'menubar=no,toolbar=no,resizable=yes,scrollbars=yes,height=600,width=600');return false;\"><span class=\"simplesocialtxt\">LinkedIn<\/span><\/button> <button onclick=\"javascript:window.open(this.dataset.href, '_blank' );return false;\" class=\"simplesocial-whatsapp-share\" rel=\"nofollow\" target=\"_blank\" aria-label=\"WhatsApp Share\" data-href=\"https:\/\/api.whatsapp.com\/send?text=https:\/\/www.tunisienumerique.com\/mercato-mondial-2026-heures-de-cloture-du-marche-des-transferts-dans-chaque-pays\/\"><span class=\"simplesocialtxt\">WhatsApp<\/span><\/button><\/p>\n<\/div>\n<p><button class=\"simplefavorite-button\" data-postid=\"1137844\" data-siteid=\"1\" data-groupid=\"1\" data-favoritecount=\"0\"> Lire plus tard<\/button><\/p>\n<p>Ouvert le 15 juin en France, le mercato estival ferme progressivement ses portes en Europe d\u00e8s ce mardi, avec des horaires diff\u00e9rents selon les principaux championnats et pays.<\/p>\n<p>Alors que les cinq grands championnats europ\u00e9ens fermeront progressivement leurs portes entre mardi et mercredi, plusieurs march\u00e9s resteront accessibles quelques jours suppl\u00e9mentaires. Voici les principales \u00e9ch\u00e9ances \u00e0 retenir :<\/p>\n<p>France : mardi 1er septembre \u00e0 19h59 (18h59 \u00e0 Tunis)<br \/>Allemagne et Italie : mardi 1er septembre \u00e0 20h00 (m\u00eame heure \u00e0 Tunis)<br \/>Angleterre : mardi 1er septembre \u00e0 23h00 (m\u00eame heure \u00e0 Tunis)<br \/>Espagne : mercredi 2 septembre \u00e0 minuit (m\u00eame heure \u00e0 Tunis)<\/p>\n<p>Pays-Bas et \u00c9tats-Unis : mercredi 2 septembre<br \/>Belgique et Argentine : jeudi 3 septembre<br \/>Turquie et Portugal : vendredi 4 septembre \u00e0 23h59<br \/>Arabie saoudite : dimanche 6 septembre<br \/>Suisse : mardi 8 septembre<br \/>Russie : jeudi 10 septembre<br \/>Br\u00e9sil : vendredi 11 septembre<\/p>\n<p>Pour rappel, la fin d\u2019un mercato emp\u00eache les \u00e9quipes concern\u00e9es de recruter, mais pas forc\u00e9ment de vendre. Aonsi, les clubs fran\u00e7ais, anglais ou espagnols pourront ainsi c\u00e9der des joueurs vers les championnats dont le march\u00e9 fen\u00eatre restera ouvert, notamment en Turquie, en Arabie saoudite, en Russie ou au Br\u00e9sil.<\/p>\n<p>Championnats ayant le plus d\u00e9pens\u00e9 lors du mercato estival 2025 ?<\/p>\n<p>L\u2019\u00e9t\u00e9 dernier, le championnat anglais avait tr\u00e8s largement domin\u00e9 les d\u00e9penses avec environ 3,59 milliards d\u2019euros investis, devan\u00e7ant la Serie A italienne, deuxi\u00e8me avec 1,19 milliard, puis la Bundesliga avec 856 millions.<\/p>\n<p>Ensuite, c\u2019est La Liga espagnole qui avait d\u00e9bours\u00e9 pr\u00e8s de 683 millions d\u2019euros, contre environ 637 millions pour la Ligue 1.<\/p>\n<p>Les chiffres du mercato estival 2025 illustraient ainsi l\u2019\u00e9cart financier consid\u00e9rable s\u00e9parant l\u2019Angleterre du reste du continent.<\/p>\n<div class=\"simplesocialbuttons simplesocial-round-btm-border simplesocialbuttons_inline simplesocialbuttons-align-left post-1137844 post simplesocialbuttons-inline-no-animation\"><button class=\"simplesocial-fb-share\" rel=\"nofollow\" target=\"_blank\" aria-label=\"Facebook Share\" data-href=\"https:\/\/www.facebook.com\/sharer\/sharer.php?u=https:\/\/www.tunisienumerique.com\/mercato-mondial-2026-heures-de-cloture-du-marche-des-transferts-dans-chaque-pays\/\" onclick=\"javascript:window.open(this.dataset.href, '', 'menubar=no,toolbar=no,resizable=yes,scrollbars=yes,height=600,width=600');return false;\"><span class=\"simplesocialtxt\">Facebook<\/span><\/button> <button class=\"simplesocial-twt-share\" rel=\"nofollow\" target=\"_blank\" aria-label=\"Twitter Share\" data-href=\"https:\/\/twitter.com\/intent\/tweet?text=Mercato+mondial+2026+%3A+heures+de+cl%C3%B4ture+du+march%C3%A9+des+transferts+dans+chaque+pays&amp;url=https:\/\/www.tunisienumerique.com\/mercato-mondial-2026-heures-de-cloture-du-marche-des-transferts-dans-chaque-pays\/\" onclick=\"javascript:window.open(this.dataset.href, '', 'menubar=no,toolbar=no,resizable=yes,scrollbars=yes,height=600,width=600');return false;\"><span class=\"simplesocialtxt\">Twitter<\/span><\/button> <button rel=\"nofollow\" target=\"_blank\" class=\"simplesocial-linkedin-share\" aria-label=\"LinkedIn Share\" data-href=\"https:\/\/www.linkedin.com\/sharing\/share-offsite\/?url=https:\/\/www.tunisienumerique.com\/mercato-mondial-2026-heures-de-cloture-du-marche-des-transferts-dans-chaque-pays\/\" onclick=\"javascript:window.open(this.dataset.href, '', 'menubar=no,toolbar=no,resizable=yes,scrollbars=yes,height=600,width=600');return false;\"><span class=\"simplesocialtxt\">LinkedIn<\/span><\/button> <button onclick=\"javascript:window.open(this.dataset.href, '_blank' );return false;\" class=\"simplesocial-whatsapp-share\" rel=\"nofollow\" target=\"_blank\" aria-label=\"WhatsApp Share\" data-href=\"https:\/\/api.whatsapp.com\/send?text=https:\/\/www.tunisienumerique.com\/mercato-mondial-2026-heures-de-cloture-du-marche-des-transferts-dans-chaque-pays\/\"><span class=\"simplesocialtxt\">WhatsApp<\/span><\/button><\/p>\n<\/div>\n<p><strong>Que se passe-t-il en Tunisie?<\/strong><br \/>Nous expliquons sur notre <a href=\"https:\/\/www.youtube.com\/channel\/UCRzypVq0B_yBad5eGrwBx0Q?sub_confirmation=1\" target=\"_blank\">cha\u00eene YouTube<\/a> . <a href=\"https:\/\/www.youtube.com\/channel\/UCRzypVq0B_yBad5eGrwBx0Q?sub_confirmation=1\" target=\"_blank\">Abonnez-vous!<\/a><\/p>\n<div class=\"mvp-org-wrap\" itemprop=\"publisher\" itemscope=\"itemscope\" itemtype=\"https:\/\/schema.org\/Organization\">\n<div class=\"mvp-org-logo\" itemprop=\"logo\" itemscope=\"itemscope\" itemtype=\"https:\/\/schema.org\/ImageObject\"><img loading=\"lazy\" decoding=\"async\" width=\"290\" height=\"78\" src=\"https:\/\/www.tunisienumerique.com\/wp-content\/uploads\/2024\/03\/Logo-Tn1-1-3.png\"\/><br \/>\n<meta itemprop=\"url\" content=\"https:\/\/www.tunisienumerique.com\/wp-content\/uploads\/2024\/03\/Logo-Tn1-1-3.png\"\/><\/div>\n<p><meta itemprop=\"name\" content=\"Tunisie Numerique\"\/><\/div>\n<div class=\"post-tags\"><span class=\"post-tags-header\">SUJETS CONNEXES:<\/span><\/div>\n<div id=\"article-ad\">\n  <ins class=\"adsbygoogle\" data-ad-client=\"ca-pub-2102118777505746\" data-ad-slot=\"6168283410\" data-ad-format=\"auto\" data-full-width-responsive=\"true\"\/>\n<\/div>\n<\/div>\n<\/div>\n<\/div>\n<p>Auteur: saber boubaker<br \/>\n<a href=\"https:\/\/www.tunisienumerique.com\/mercato-mondial-2026-heures-de-cloture-du-marche-des-transferts-dans-chaque-pays\/\">Cliquez ici pour lire l&rsquo;article depuis sa source.<\/a><\/p>\n","protected":false},"excerpt":{"rendered":"<p>Facebook Twitter LinkedIn WhatsApp Lire plus tard Ouvert le 15 juin en France, le mercato estival ferme progressivement ses portes en Europe d\u00e8s ce mardi, avec des horaires diff\u00e9rents selon les principaux championnats et pays. Alors que les cinq grands championnats europ\u00e9ens fermeront progressivement leurs portes entre mardi et mercredi, plusieurs march\u00e9s resteront accessibles quelques [&hellip;]<\/p>\n","protected":false},"author":1789,"featured_media":191532,"comment_status":"closed","ping_status":"closed","sticky":false,"template":"","format":"standard","meta":{"fifu_image_url":"https:\/\/www.tunisienumerique.com\/wp-content\/uploads\/2025\/03\/mercatotnsport-4-768x439-1-5.jpg","fifu_image_alt":"Mercato mondial 2026 : heures de cl\u00f4ture du march\u00e9 des transferts dans chaque pays","footnotes":""},"categories":[73,55],"tags":[],"class_list":["post-191531","post","type-post","status-publish","format-standard","has-post-thumbnail","hentry","category-actualite","category-tunisie"],"_links":{"self":[{"href":"https:\/\/linitiative.ca\/International\/wp-json\/wp\/v2\/posts\/191531","targetHints":{"allow":["GET"]}}],"collection":[{"href":"https:\/\/linitiative.ca\/International\/wp-json\/wp\/v2\/posts"}],"about":[{"href":"https:\/\/linitiative.ca\/International\/wp-json\/wp\/v2\/types\/post"}],"author":[{"embeddable":true,"href":"https:\/\/linitiative.ca\/International\/wp-json\/wp\/v2\/users\/1789"}],"replies":[{"embeddable":true,"href":"https:\/\/linitiative.ca\/International\/wp-json\/wp\/v2\/comments?post=191531"}],"version-history":[{"count":0,"href":"https:\/\/linitiative.ca\/International\/wp-json\/wp\/v2\/posts\/191531\/revisions"}],"wp:featuredmedia":[{"embeddable":true,"href":"https:\/\/linitiative.ca\/International\/wp-json\/wp\/v2\/media\/191532"}],"wp:attachment":[{"href":"https:\/\/linitiative.ca\/International\/wp-json\/wp\/v2\/media?parent=191531"}],"wp:term":[{"taxonomy":"category","embeddable":true,"href":"https:\/\/linitiative.ca\/International\/wp-json\/wp\/v2\/categories?post=191531"},{"taxonomy":"post_tag","embeddable":true,"href":"https:\/\/linitiative.ca\/International\/wp-json\/wp\/v2\/tags?post=191531"}],"curies":[{"name":"wp","href":"https:\/\/api.w.org\/{rel}","templated":true}]}}